{"id":7090,"date":"2024-07-24T11:02:56","date_gmt":"2024-07-24T09:02:56","guid":{"rendered":"https:\/\/migrantesenigualdad.es\/?p=7090"},"modified":"2024-08-22T11:19:22","modified_gmt":"2024-08-22T09:19:22","slug":"acronimos","status":"publish","type":"post","link":"https:\/\/migrantesenigualdad.es\/index.php\/2024\/07\/24\/acronimos\/","title":{"rendered":"ACR\u00d3NIMOS"},"content":{"rendered":"<p style=\"padding-left: 200px\">No son MENAS, joder, sino chiquillos<br \/>\ndespojados de ayer, hechos pedazos,<br \/>\ndeambulando sin sur por los pasillos<br \/>\nde un presente de hiel comprado a plazos.<\/p>\n<p style=\"padding-left: 200px\">Les dijeron que hay pan tras los pestillos,<br \/>\nles contaron que el mar no da portazos<br \/>\ny llegaron con sol en los bolsillos<br \/>\na este norte sin luz hueco de abrazos.<\/p>\n<p style=\"padding-left: 200px\">Tienen sue\u00f1os y acn\u00e9, miedo, espinillas,<br \/>\nun insomnio voraz hecho de astillas<br \/>\ny una rabia sin ley y sin ali\u00f1os.<\/p>\n<p style=\"padding-left: 200px\">Nuestro tibio desd\u00e9n los vuelve acr\u00f3nimos<br \/>\nsin semblante ni voz, bultos an\u00f3nimos,<br \/>\npero m\u00edrenlos bien: s\u00f3lo son ni\u00f1os.<\/p>\n<p style=\"padding-left: 560px\">LUIS MAR\u00cdA P\u00c9REZ MART\u00cdN<\/p>\n","protected":false},"excerpt":{"rendered":"<p>No son MENAS, joder, sino chiquillos despojados de ayer, hechos pedazos, deambulando sin sur por los pasillos de un presente de hiel comprado a plazos. Les dijeron que hay pan tras los pestillos, les contaron que el mar no da portazos y llegaron con sol en los bolsillos a este norte sin luz hueco de [&hellip;]<\/p>\n","protected":false},"author":2,"featured_media":7092,"comment_status":"open","ping_status":"closed","sticky":false,"template":"","format":"standard","meta":{"_et_pb_use_builder":"","_et_pb_old_content":"","_et_gb_content_width":"","_jetpack_newsletter_access":"","_jetpack_dont_email_post_to_subs":false,"_jetpack_newsletter_tier_id":0,"_jetpack_memberships_contains_paywalled_content":false,"_jetpack_feature_clip_id":0,"_jetpack_memberships_contains_paid_content":false,"footnotes":"","jetpack_post_was_ever_published":false},"categories":[240,255],"tags":[],"class_list":["post-7090","post","type-post","status-publish","format-standard","has-post-thumbnail","hentry","category-balas-de-futuro-poesia-y-antirracismo","category-boletin-4-01-08-2024"],"jetpack_sharing_enabled":true,"jetpack_featured_media_url":"https:\/\/i0.wp.com\/migrantesenigualdad.es\/wp-content\/uploads\/2024\/07\/menas_en_melilla-e1721207758958.jpg?fit=718%2C404&ssl=1","post_mailing_queue_ids":[],"_links":{"self":[{"href":"https:\/\/migrantesenigualdad.es\/index.php\/wp-json\/wp\/v2\/posts\/7090","targetHints":{"allow":["GET"]}}],"collection":[{"href":"https:\/\/migrantesenigualdad.es\/index.php\/wp-json\/wp\/v2\/posts"}],"about":[{"href":"https:\/\/migrantesenigualdad.es\/index.php\/wp-json\/wp\/v2\/types\/post"}],"author":[{"embeddable":true,"href":"https:\/\/migrantesenigualdad.es\/index.php\/wp-json\/wp\/v2\/users\/2"}],"replies":[{"embeddable":true,"href":"https:\/\/migrantesenigualdad.es\/index.php\/wp-json\/wp\/v2\/comments?post=7090"}],"version-history":[{"count":4,"href":"https:\/\/migrantesenigualdad.es\/index.php\/wp-json\/wp\/v2\/posts\/7090\/revisions"}],"predecessor-version":[{"id":7172,"href":"https:\/\/migrantesenigualdad.es\/index.php\/wp-json\/wp\/v2\/posts\/7090\/revisions\/7172"}],"wp:featuredmedia":[{"embeddable":true,"href":"https:\/\/migrantesenigualdad.es\/index.php\/wp-json\/wp\/v2\/media\/7092"}],"wp:attachment":[{"href":"https:\/\/migrantesenigualdad.es\/index.php\/wp-json\/wp\/v2\/media?parent=7090"}],"wp:term":[{"taxonomy":"category","embeddable":true,"href":"https:\/\/migrantesenigualdad.es\/index.php\/wp-json\/wp\/v2\/categories?post=7090"},{"taxonomy":"post_tag","embeddable":true,"href":"https:\/\/migrantesenigualdad.es\/index.php\/wp-json\/wp\/v2\/tags?post=7090"}],"curies":[{"name":"wp","href":"https:\/\/api.w.org\/{rel}","templated":true}]}}