{"id":7081,"date":"2024-07-24T11:01:20","date_gmt":"2024-07-24T09:01:20","guid":{"rendered":"https:\/\/migrantesenigualdad.es\/?p=7081"},"modified":"2024-07-24T13:51:26","modified_gmt":"2024-07-24T11:51:26","slug":"informe-sobre-discurso-de-odio-en-redes-sociales-del-observatorio-espanol-de-racismo-y-xenofobia","status":"publish","type":"post","link":"https:\/\/migrantesenigualdad.es\/index.php\/2024\/07\/24\/informe-sobre-discurso-de-odio-en-redes-sociales-del-observatorio-espanol-de-racismo-y-xenofobia\/","title":{"rendered":"Informe sobre discurso de odio en redes sociales del Observatorio Espa\u00f1ol de Racismo y Xenofobia"},"content":{"rendered":"<p style=\"text-align: justify;\">El Observatorio Espa\u00f1ol del Racismo y la Xenofobia (OBERAXE), dependiente de la Secretar\u00eda de Estado de Migraciones, del Ministerio de Inclusi\u00f3n, Seguridad Social y Migraciones, publica el<a href=\"https:\/\/migrantesenigualdad.es\/wp-content\/uploads\/2024\/07\/Informe-anual-monitorizacin-2023-1.pdf\" target=\"_blank\" rel=\"noopener\"><strong> Informe Anual de Monitorizaci\u00f3n del Discurso de Odio en Redes Sociales<\/strong><\/a>, correspondiente a los resultados del a\u00f1o 2023 de la monitorizaci\u00f3n diaria del discurso de odio racista, xen\u00f3fobo, islam\u00f3fobo, antisemita y antigitano llevada a cabo desde el propio Observatorio.<\/p>\n<p style=\"text-align: justify;\">El informe constituye un compendio de todos los datos recogidos a lo largo del a\u00f1o en sus boletines bimestrales; e incorpora un an\u00e1lisis m\u00e1s detallado incluyendo informaci\u00f3n sobre el objeto de la monitorizaci\u00f3n, la metodolog\u00eda de recogida de datos y del an\u00e1lisis de estos, y sobre los resultados de la monitorizaci\u00f3n, atendiendo a la respuesta de las plataformas de internet ante los contenidos reportados y a las caracter\u00edsticas del discurso de odio en las redes sociales: grupos afectados, tipolog\u00eda del discurso, lenguaje utilizado y episodios protot\u00edpicos que desencadenan el discurso. Asimismo, el informe presenta una serie de ejemplos reales de contenidos de discurso de odio identificados en las diferentes redes.<\/p>\n<p style=\"text-align: justify;\">Este primer informe anual, pretende poner a disposici\u00f3n de la Administraci\u00f3n P\u00fablica, la sociedad civil, las personas expertas interesadas y la ciudadan\u00eda, una informaci\u00f3n de utilidad que contribuya a la formaci\u00f3n y a la sensibilizaci\u00f3n, permiti\u00e9ndonos acercarnos al conocimiento del estado de la situaci\u00f3n, poniendo de manifiesto el peligro que supone el discurso de odio para el conjunto de la sociedad.<\/p>\n","protected":false},"excerpt":{"rendered":"<p>El Observatorio Espa\u00f1ol del Racismo y la Xenofobia (OBERAXE), dependiente de la Secretar\u00eda de Estado de Migraciones, del Ministerio de Inclusi\u00f3n, Seguridad Social y Migraciones, publica el Informe Anual de Monitorizaci\u00f3n del Discurso de Odio en Redes Sociales, correspondiente a los resultados del a\u00f1o 2023 de la monitorizaci\u00f3n diaria del discurso de odio racista, xen\u00f3fobo, [&hellip;]<\/p>\n","protected":false},"author":2,"featured_media":7085,"comment_status":"open","ping_status":"closed","sticky":false,"template":"","format":"standard","meta":{"_et_pb_use_builder":"","_et_pb_old_content":"","_et_gb_content_width":"","_jetpack_newsletter_access":"","_jetpack_dont_email_post_to_subs":false,"_jetpack_newsletter_tier_id":0,"_jetpack_memberships_contains_paywalled_content":false,"_jetpack_feature_clip_id":0,"_jetpack_memberships_contains_paid_content":false,"footnotes":"","jetpack_post_was_ever_published":false},"categories":[255,173],"tags":[],"class_list":["post-7081","post","type-post","status-publish","format-standard","has-post-thumbnail","hentry","category-boletin-4-01-08-2024","category-informes"],"jetpack_sharing_enabled":true,"jetpack_featured_media_url":"https:\/\/i0.wp.com\/migrantesenigualdad.es\/wp-content\/uploads\/2024\/07\/informe-oberaxe-1.png?fit=543%2C767&ssl=1","post_mailing_queue_ids":[],"_links":{"self":[{"href":"https:\/\/migrantesenigualdad.es\/index.php\/wp-json\/wp\/v2\/posts\/7081","targetHints":{"allow":["GET"]}}],"collection":[{"href":"https:\/\/migrantesenigualdad.es\/index.php\/wp-json\/wp\/v2\/posts"}],"about":[{"href":"https:\/\/migrantesenigualdad.es\/index.php\/wp-json\/wp\/v2\/types\/post"}],"author":[{"embeddable":true,"href":"https:\/\/migrantesenigualdad.es\/index.php\/wp-json\/wp\/v2\/users\/2"}],"replies":[{"embeddable":true,"href":"https:\/\/migrantesenigualdad.es\/index.php\/wp-json\/wp\/v2\/comments?post=7081"}],"version-history":[{"count":7,"href":"https:\/\/migrantesenigualdad.es\/index.php\/wp-json\/wp\/v2\/posts\/7081\/revisions"}],"predecessor-version":[{"id":7128,"href":"https:\/\/migrantesenigualdad.es\/index.php\/wp-json\/wp\/v2\/posts\/7081\/revisions\/7128"}],"wp:featuredmedia":[{"embeddable":true,"href":"https:\/\/migrantesenigualdad.es\/index.php\/wp-json\/wp\/v2\/media\/7085"}],"wp:attachment":[{"href":"https:\/\/migrantesenigualdad.es\/index.php\/wp-json\/wp\/v2\/media?parent=7081"}],"wp:term":[{"taxonomy":"category","embeddable":true,"href":"https:\/\/migrantesenigualdad.es\/index.php\/wp-json\/wp\/v2\/categories?post=7081"},{"taxonomy":"post_tag","embeddable":true,"href":"https:\/\/migrantesenigualdad.es\/index.php\/wp-json\/wp\/v2\/tags?post=7081"}],"curies":[{"name":"wp","href":"https:\/\/api.w.org\/{rel}","templated":true}]}}