{"id":7035,"date":"2024-07-01T08:05:14","date_gmt":"2024-07-01T06:05:14","guid":{"rendered":"https:\/\/migrantesenigualdad.es\/?p=7035"},"modified":"2024-07-03T10:33:28","modified_gmt":"2024-07-03T08:33:28","slug":"personas-lgtbi-migrantes-y-delitos-de-odio","status":"publish","type":"post","link":"https:\/\/migrantesenigualdad.es\/index.php\/2024\/07\/01\/personas-lgtbi-migrantes-y-delitos-de-odio\/","title":{"rendered":"Personas LGTBI, migrantes y delitos de odio"},"content":{"rendered":"<p><strong>Autora: Charo Alises, abogada experta en delitos de odio.<\/strong><\/p>\n<p>Seg\u00fan la OSCE (Organizaci\u00f3n para la Cooperaci\u00f3n y la Seguridad en Europa), el delito de odio es <em>toda infracci\u00f3n penal, incluidas infracciones contra las personas y contra la propiedad, cuando la v\u00edctima, el lugar o el objeto de la infracci\u00f3n son seleccionados a causa de su conexi\u00f3n, relaci\u00f3n, afiliaci\u00f3n, apoyo o pertenencia real o supuesta a un grupo que pueda estar basado en la \u201craza\u201d, origen nacional o \u00e9tnico, idioma, color, religi\u00f3n, edad, minusval\u00eda f\u00edsica o mental, orientaci\u00f3n sexual u otros factores similares, reales o supuestos.<\/em><\/p>\n<p>La especial gravedad del delito de odio reside en que no solo afecta a la v\u00edctima que lo sufre, sino que lanza un mensaje de intolerancia hacia todas las personas que pertenecen al mismo colectivo que la v\u00edctima.<\/p>\n<p>Uno de los problemas m\u00e1s graves a la hora de hacer frente a los delitos de odio es la infradenucia. La FRA (Agencia de los Derechos Fundamentales de la Uni\u00f3n Europea) ha concluido que solo se denuncian un 10% de los delitos de odio que se comenten. Existe por tanto un alarmante 90% de delitos de odio que se cometen pero no salen a la luz porque las v\u00edctimas no denuncian.<\/p>\n<p>Las causas de la infradenuncia son muy variadas y obedecen a causas muy dispares. En lo que respecta a las personas LGTBI migrantes v\u00edctimas de delitos de odio, los motivos m\u00e1s frecuentes que les llevan a no denunciar son:<\/p>\n<ul>\n<li><strong>Desconocimiento del idioma<\/strong>. Las barreras ling\u00fc\u00edsticas constituyen un impedimento de primer orden para que las personas migrantes denuncien.<\/li>\n<li><strong>Desconocimiento de derechos<\/strong>. Las personas LGTBI extranjeras v\u00edctimas de delitos de odio con frecuencia ignoran los derechos que tienen por lo que dif\u00edcilmente van a ejercitar esos derechos.<\/li>\n<li><strong>Prejuicios hacia las personas migrantes<\/strong>. Los prejuicios que injustamente afectan a las personas migrantes les llevan en ocasiones a considerarse a s\u00ed mismas ciudadan\u00eda de<\/li>\n<li><strong>Interseccionalidad <\/strong>En el caso de las personas LGTBI migrantes, las dificultades y los prejuicios que pueden sufrir las personas migrantes se le a\u00f1aden las dificultades y los prejuicios que persisten a\u00fan hoy d\u00eda la sociedad hacia la diversidad sexual y de g\u00e9nero. Esta circunstancia tambi\u00e9n puede ser un motivo por el que las personas LGTBI migrantes sean reacias a denunciar.<\/li>\n<li><strong>Desconfianza en las Fuerzas y Cuerpos de Seguridad del Estado<\/strong>. Se da la circunstancia de que, a veces, hay personas LGTBI migrantes que proceden de pa\u00edses donde son habituales los abusos por parte de las fuerzas del orden y cuando esas personas llegan a Espa\u00f1a sienten temor y prevenci\u00f3n hacia la polic\u00eda.<\/li>\n<li><strong>Las personas LGTBI migrantes en situaci\u00f3n administrativa irregular no van a denunciar <\/strong>los delitos de odio que sufren porque tienen miedo de ser expulsadas del pa\u00eds. Respecto a esta circunstancia, hay que se\u00f1alar que el Estatuto de la V\u00edctima protege a todas las personas que hayan sufrido un delito, independientemente de su situaci\u00f3n administrativa en el pa\u00eds. Esto significa que a una persona LGTBI migrante v\u00edctima de delito no se le puede abrir expediente de expulsi\u00f3n aunque no tengan regularizada su situaci\u00f3n administrativa en Espa\u00f1a.<\/li>\n<li><strong>Miedo a revelar su orientaci\u00f3n sexual o su identidad de g\u00e9nero <\/strong>Hay personas migrantes LGTBI que proceden de pa\u00edses donde ser LGTBI est\u00e1 castigado con pena de prisi\u00f3n e incluso con pena de muerte. Por tanto es normal que no quieran hablar abiertamente de su orientaci\u00f3n sexual o de su identidad de g\u00e9nero.<\/li>\n<li><strong>Normalizaci\u00f3n de la violencia. <\/strong>Puede ser que la persona LGTBI migrante v\u00edctima de un delito de odio, haya sufrido a lo largo de su vida tantas situaciones de violencia, discriminaci\u00f3n y abusos que acabe normalizando esos episodios y, por tanto, no considere necesario interponer denuncia.<\/li>\n<li><strong>Falta de redes de apoyo. <\/strong>Desafortunadamente es habitual que las personas migrantes LGTBIque llegan a Espa\u00f1a carezcan de apoyo familiar y social lo que dificulta que puedan hacer valer sus derechoS frente a los delitos de odio que puedan sufrir.<\/li>\n<\/ul>\n<p>&nbsp;<\/p>\n<p>Para acabar con la infradenuncia que afecta a las personas migrantes LGTBI v\u00edctimas de delitos de odio, es imprescindible que se lleve a cabo el cumplimiento real y efectivo de lo establecido en el Estatuto de la V\u00edctima del Delito . Se hace necesario en la misma medida, llevar a termino acciones encaminadas a derribar los prejuicios que existen hacia las personas extranjeras y hacia las personas LGTBI, y as\u00ed lograr que sean considerarlas ciudadan\u00eda merecedora del respeto y los derechos que se establecen en el ordenamiento jur\u00eddico espa\u00f1ol.<\/p>\n","protected":false},"excerpt":{"rendered":"<p>Autora: Charo Alises, abogada experta en delitos de odio. Seg\u00fan la OSCE (Organizaci\u00f3n para la Cooperaci\u00f3n y la Seguridad en Europa), el delito de odio es toda infracci\u00f3n penal, incluidas infracciones contra las personas y contra la propiedad, cuando la v\u00edctima, el lugar o el objeto de la infracci\u00f3n son seleccionados a causa de su [&hellip;]<\/p>\n","protected":false},"author":1,"featured_media":7049,"comment_status":"open","ping_status":"closed","sticky":false,"template":"","format":"standard","meta":{"_et_pb_use_builder":"","_et_pb_old_content":"","_et_gb_content_width":"","_jetpack_newsletter_access":"","_jetpack_dont_email_post_to_subs":false,"_jetpack_newsletter_tier_id":0,"_jetpack_memberships_contains_paywalled_content":false,"_jetpack_feature_clip_id":0,"_jetpack_memberships_contains_paid_content":false,"footnotes":"","jetpack_post_was_ever_published":false},"categories":[253],"tags":[],"class_list":["post-7035","post","type-post","status-publish","format-standard","has-post-thumbnail","hentry","category-boletin-3-01-07-2024"],"jetpack_sharing_enabled":true,"jetpack_featured_media_url":"https:\/\/i0.wp.com\/migrantesenigualdad.es\/wp-content\/uploads\/2024\/07\/ABOGADA-e1719916520347.jpeg?fit=974%2C690&ssl=1","post_mailing_queue_ids":[],"_links":{"self":[{"href":"https:\/\/migrantesenigualdad.es\/index.php\/wp-json\/wp\/v2\/posts\/7035","targetHints":{"allow":["GET"]}}],"collection":[{"href":"https:\/\/migrantesenigualdad.es\/index.php\/wp-json\/wp\/v2\/posts"}],"about":[{"href":"https:\/\/migrantesenigualdad.es\/index.php\/wp-json\/wp\/v2\/types\/post"}],"author":[{"embeddable":true,"href":"https:\/\/migrantesenigualdad.es\/index.php\/wp-json\/wp\/v2\/users\/1"}],"replies":[{"embeddable":true,"href":"https:\/\/migrantesenigualdad.es\/index.php\/wp-json\/wp\/v2\/comments?post=7035"}],"version-history":[{"count":8,"href":"https:\/\/migrantesenigualdad.es\/index.php\/wp-json\/wp\/v2\/posts\/7035\/revisions"}],"predecessor-version":[{"id":7055,"href":"https:\/\/migrantesenigualdad.es\/index.php\/wp-json\/wp\/v2\/posts\/7035\/revisions\/7055"}],"wp:featuredmedia":[{"embeddable":true,"href":"https:\/\/migrantesenigualdad.es\/index.php\/wp-json\/wp\/v2\/media\/7049"}],"wp:attachment":[{"href":"https:\/\/migrantesenigualdad.es\/index.php\/wp-json\/wp\/v2\/media?parent=7035"}],"wp:term":[{"taxonomy":"category","embeddable":true,"href":"https:\/\/migrantesenigualdad.es\/index.php\/wp-json\/wp\/v2\/categories?post=7035"},{"taxonomy":"post_tag","embeddable":true,"href":"https:\/\/migrantesenigualdad.es\/index.php\/wp-json\/wp\/v2\/tags?post=7035"}],"curies":[{"name":"wp","href":"https:\/\/api.w.org\/{rel}","templated":true}]}}