{"id":7010,"date":"2024-06-20T13:55:38","date_gmt":"2024-06-20T11:55:38","guid":{"rendered":"https:\/\/migrantesenigualdad.es\/?p=7010"},"modified":"2024-07-01T14:01:10","modified_gmt":"2024-07-01T12:01:10","slug":"punto-de-informacion-en-el-centro-comercial-puerta-de-europa","status":"publish","type":"post","link":"https:\/\/migrantesenigualdad.es\/index.php\/2024\/06\/20\/punto-de-informacion-en-el-centro-comercial-puerta-de-europa\/","title":{"rendered":"Punto de informaci\u00f3n en el centro comercial Puerta de Europa"},"content":{"rendered":"<p>El d\u00eda 20 de junio, responsables del proyecto Migrantes en igualdad volvieron a la calle a seguir informar a los ciudadanos sobre las actividades y objetivos del proyecto. En esta ocasi\u00f3n estuvieron en el centro comercial Puerta de Europa, de Algeciras.<\/p>\n<p>A lo largo del a\u00f1o las t\u00e9cnicas y t\u00e9cnicos de Migrantes en igualdad han salido salen un d\u00eda al mes y montan su stand informativo en distintas ubicaciones: el mercadillo de Algeciras o el de Jimena, la plaza de abastos de Algeciras, o como en esta ocasi\u00f3n el Centro Comercial Puerta de Europa.<\/p>\n<p>Como cada vez que se coloca el stand informativo en la calle, muchas personas se han acercado a interesarse por la actividad o contarnos sus historias y experiencias, en esta ocasi\u00f3n, una mujer de nacionalidad alemana aplaudi\u00f3 la iniciativa y alent\u00f3 a continuar con dicha labor tan importante como es la lucha contra el racismo.<\/p>\n<p>La Fundaci\u00f3n M\u00e1rgenes y V\u00ednculos recibe estas muestras de apoyo y cari\u00f1o como una recompensa al esfuerzo que ponemos en lograr nuestro objetivo de construir una sociedad multicultural, m\u00e1s rica y cohesionada, donde cada ciudadano y ciudadana viva con la tranquilidad de que no ser\u00e1 objeto de odio por motivo de su origen o etnia.<\/p>\n","protected":false},"excerpt":{"rendered":"<p>El d\u00eda 20 de junio, responsables del proyecto Migrantes en igualdad volvieron a la calle a seguir informar a los ciudadanos sobre las actividades y objetivos del proyecto. En esta ocasi\u00f3n estuvieron en el centro comercial Puerta de Europa, de Algeciras. A lo largo del a\u00f1o las t\u00e9cnicas y t\u00e9cnicos de Migrantes en igualdad han [&hellip;]<\/p>\n","protected":false},"author":1,"featured_media":6960,"comment_status":"open","ping_status":"closed","sticky":false,"template":"","format":"standard","meta":{"_et_pb_use_builder":"","_et_pb_old_content":"","_et_gb_content_width":"","_jetpack_newsletter_access":"","_jetpack_dont_email_post_to_subs":false,"_jetpack_newsletter_tier_id":0,"_jetpack_memberships_contains_paywalled_content":false,"_jetpack_feature_clip_id":0,"_jetpack_memberships_contains_paid_content":false,"footnotes":"","jetpack_post_was_ever_published":false},"categories":[249],"tags":[],"class_list":["post-7010","post","type-post","status-publish","format-standard","has-post-thumbnail","hentry","category-informacion-en-calle"],"jetpack_sharing_enabled":true,"jetpack_featured_media_url":"https:\/\/i0.wp.com\/migrantesenigualdad.es\/wp-content\/uploads\/2024\/06\/WhatsApp-Image-2024-06-20-at-13.39.43.jpeg?fit=1600%2C1200&ssl=1","post_mailing_queue_ids":[],"_links":{"self":[{"href":"https:\/\/migrantesenigualdad.es\/index.php\/wp-json\/wp\/v2\/posts\/7010","targetHints":{"allow":["GET"]}}],"collection":[{"href":"https:\/\/migrantesenigualdad.es\/index.php\/wp-json\/wp\/v2\/posts"}],"about":[{"href":"https:\/\/migrantesenigualdad.es\/index.php\/wp-json\/wp\/v2\/types\/post"}],"author":[{"embeddable":true,"href":"https:\/\/migrantesenigualdad.es\/index.php\/wp-json\/wp\/v2\/users\/1"}],"replies":[{"embeddable":true,"href":"https:\/\/migrantesenigualdad.es\/index.php\/wp-json\/wp\/v2\/comments?post=7010"}],"version-history":[{"count":2,"href":"https:\/\/migrantesenigualdad.es\/index.php\/wp-json\/wp\/v2\/posts\/7010\/revisions"}],"predecessor-version":[{"id":7015,"href":"https:\/\/migrantesenigualdad.es\/index.php\/wp-json\/wp\/v2\/posts\/7010\/revisions\/7015"}],"wp:featuredmedia":[{"embeddable":true,"href":"https:\/\/migrantesenigualdad.es\/index.php\/wp-json\/wp\/v2\/media\/6960"}],"wp:attachment":[{"href":"https:\/\/migrantesenigualdad.es\/index.php\/wp-json\/wp\/v2\/media?parent=7010"}],"wp:term":[{"taxonomy":"category","embeddable":true,"href":"https:\/\/migrantesenigualdad.es\/index.php\/wp-json\/wp\/v2\/categories?post=7010"},{"taxonomy":"post_tag","embeddable":true,"href":"https:\/\/migrantesenigualdad.es\/index.php\/wp-json\/wp\/v2\/tags?post=7010"}],"curies":[{"name":"wp","href":"https:\/\/api.w.org\/{rel}","templated":true}]}}