{"id":7007,"date":"2024-05-23T13:54:08","date_gmt":"2024-05-23T11:54:08","guid":{"rendered":"https:\/\/migrantesenigualdad.es\/?p=7007"},"modified":"2024-07-01T14:01:20","modified_gmt":"2024-07-01T12:01:20","slug":"jornada-informativa-en-el-mercado-ingeniero-torroja-de-algeciras","status":"publish","type":"post","link":"https:\/\/migrantesenigualdad.es\/index.php\/2024\/05\/23\/jornada-informativa-en-el-mercado-ingeniero-torroja-de-algeciras\/","title":{"rendered":"Jornada informativa en el mercado Ingeniero Torroja de Algeciras"},"content":{"rendered":"<p>El 23 de mayo, el equipo del proyecto Migrantes en Igualdad se hizo visible en los aleda\u00f1os de la plaza de abastos Ingeniero Torroja de Algeciras, a trav\u00e9s de su expositor Informativo para divulgar las actividades y servicios que ofrece el proyecto.<\/p>\n<p>Esta actividad tiene una periodicidad mensual y durante la jornada, las y los trabajadoras del proyecto informan a la ciudadan\u00eda de los objetivos de su proyecto, as\u00ed de los recursos con los apoyas a las personas migrantes v\u00edctimas de delitos de odio que lo necesiten.<\/p>\n<p>Ir desmontando prejuicios forma parte de lo que, desde el proyecto Migrantes en Igualdad de la Fundaci\u00f3n M\u00e1rgenes y V\u00ednculos, consideramos imprescindible en la lucha contra los delitos de odio, as\u00ed como parte de nuestra responsabilidad social.<\/p>\n","protected":false},"excerpt":{"rendered":"<p>El 23 de mayo, el equipo del proyecto Migrantes en Igualdad se hizo visible en los aleda\u00f1os de la plaza de abastos Ingeniero Torroja de Algeciras, a trav\u00e9s de su expositor Informativo para divulgar las actividades y servicios que ofrece el proyecto. Esta actividad tiene una periodicidad mensual y durante la jornada, las y los [&hellip;]<\/p>\n","protected":false},"author":1,"featured_media":6974,"comment_status":"open","ping_status":"closed","sticky":false,"template":"","format":"standard","meta":{"_et_pb_use_builder":"","_et_pb_old_content":"","_et_gb_content_width":"","_jetpack_newsletter_access":"","_jetpack_dont_email_post_to_subs":false,"_jetpack_newsletter_tier_id":0,"_jetpack_memberships_contains_paywalled_content":false,"_jetpack_feature_clip_id":0,"_jetpack_memberships_contains_paid_content":false,"footnotes":"","jetpack_post_was_ever_published":false},"categories":[249],"tags":[],"class_list":["post-7007","post","type-post","status-publish","format-standard","has-post-thumbnail","hentry","category-informacion-en-calle"],"jetpack_sharing_enabled":true,"jetpack_featured_media_url":"https:\/\/i0.wp.com\/migrantesenigualdad.es\/wp-content\/uploads\/2024\/06\/WhatsApp-Image-2024-05-30-at-13.00.59-e1719834917104.jpeg?fit=1472%2C1155&ssl=1","post_mailing_queue_ids":[],"_links":{"self":[{"href":"https:\/\/migrantesenigualdad.es\/index.php\/wp-json\/wp\/v2\/posts\/7007","targetHints":{"allow":["GET"]}}],"collection":[{"href":"https:\/\/migrantesenigualdad.es\/index.php\/wp-json\/wp\/v2\/posts"}],"about":[{"href":"https:\/\/migrantesenigualdad.es\/index.php\/wp-json\/wp\/v2\/types\/post"}],"author":[{"embeddable":true,"href":"https:\/\/migrantesenigualdad.es\/index.php\/wp-json\/wp\/v2\/users\/1"}],"replies":[{"embeddable":true,"href":"https:\/\/migrantesenigualdad.es\/index.php\/wp-json\/wp\/v2\/comments?post=7007"}],"version-history":[{"count":2,"href":"https:\/\/migrantesenigualdad.es\/index.php\/wp-json\/wp\/v2\/posts\/7007\/revisions"}],"predecessor-version":[{"id":7016,"href":"https:\/\/migrantesenigualdad.es\/index.php\/wp-json\/wp\/v2\/posts\/7007\/revisions\/7016"}],"wp:featuredmedia":[{"embeddable":true,"href":"https:\/\/migrantesenigualdad.es\/index.php\/wp-json\/wp\/v2\/media\/6974"}],"wp:attachment":[{"href":"https:\/\/migrantesenigualdad.es\/index.php\/wp-json\/wp\/v2\/media?parent=7007"}],"wp:term":[{"taxonomy":"category","embeddable":true,"href":"https:\/\/migrantesenigualdad.es\/index.php\/wp-json\/wp\/v2\/categories?post=7007"},{"taxonomy":"post_tag","embeddable":true,"href":"https:\/\/migrantesenigualdad.es\/index.php\/wp-json\/wp\/v2\/tags?post=7007"}],"curies":[{"name":"wp","href":"https:\/\/api.w.org\/{rel}","templated":true}]}}