{"id":6993,"date":"2024-07-01T08:04:10","date_gmt":"2024-07-01T06:04:10","guid":{"rendered":"https:\/\/migrantesenigualdad.es\/?p=6993"},"modified":"2024-07-03T13:23:14","modified_gmt":"2024-07-03T11:23:14","slug":"no-vengo-a-hablar-de-racismo","status":"publish","type":"post","link":"https:\/\/migrantesenigualdad.es\/index.php\/2024\/07\/01\/no-vengo-a-hablar-de-racismo\/","title":{"rendered":"No vengo a hablar de racismo"},"content":{"rendered":"<p><em>No vengo a hablar de racismo<\/em> es un podcast del proyecto Migrantes en igualdad de la Fundaci\u00f3n M\u00e1rgenes y V\u00ednculos, para dar a conocer las diferentes realidades de las personas migrantes que viven en el Campo de Gibraltar, sus historias de vida, sus experiencias, intereses, aficiones, ambiciones, retos y sue\u00f1os. Los podcasts tambi\u00e9n incluyen entrevistas a personas no migrantes que est\u00e1n involucradas en proyectos sociales desde diferentes \u00e1mbitos de la esfera social.<\/p>\n<p>En este episodio, Ibrahim Bah, un joven escritor y activista africano, nos relata la dureza de lo que es vivir en primera persona un proceso migratorio, como pudo ser el suyo con un viaje de 6 meses hasta llegar a \u00abla tierra prometida\u00bb, \u00abel para\u00edso\u00bb, que es lo que les cuentan que es Europa.<\/p>\n<h4><span style=\"color: #00ccff;\">Proceso migratorio, \u00c1frica y Falsas creencias. Ibrahim Bah.<\/span><\/h4>\n<p style=\"text-align: left;\"><iframe loading=\"lazy\" title=\"YouTube video player\" src=\"https:\/\/www.youtube.com\/embed\/fJQVADgB3fQ?si=7MDAhcOH1EtGqQdZ\" width=\"560\" height=\"315\" frameborder=\"0\" allowfullscreen=\"allowfullscreen\"><\/iframe><\/p>\n","protected":false},"excerpt":{"rendered":"<p>No vengo a hablar de racismo es un podcast del proyecto Migrantes en igualdad de la Fundaci\u00f3n M\u00e1rgenes y V\u00ednculos, para dar a conocer las diferentes realidades de las personas migrantes que viven en el Campo de Gibraltar, sus historias de vida, sus experiencias, intereses, aficiones, ambiciones, retos y sue\u00f1os. Los podcasts tambi\u00e9n incluyen entrevistas [&hellip;]<\/p>\n","protected":false},"author":1,"featured_media":6739,"comment_status":"open","ping_status":"closed","sticky":false,"template":"","format":"standard","meta":{"_et_pb_use_builder":"","_et_pb_old_content":"","_et_gb_content_width":"","_jetpack_newsletter_access":"","_jetpack_dont_email_post_to_subs":false,"_jetpack_newsletter_tier_id":0,"_jetpack_memberships_contains_paywalled_content":false,"_jetpack_feature_clip_id":0,"_jetpack_memberships_contains_paid_content":false,"footnotes":"","jetpack_post_was_ever_published":false},"categories":[253],"tags":[],"class_list":["post-6993","post","type-post","status-publish","format-standard","has-post-thumbnail","hentry","category-boletin-3-01-07-2024"],"jetpack_sharing_enabled":true,"jetpack_featured_media_url":"https:\/\/i0.wp.com\/migrantesenigualdad.es\/wp-content\/uploads\/2024\/05\/logo-postcad-scaled.jpg?fit=2560%2C1440&ssl=1","post_mailing_queue_ids":[],"_links":{"self":[{"href":"https:\/\/migrantesenigualdad.es\/index.php\/wp-json\/wp\/v2\/posts\/6993","targetHints":{"allow":["GET"]}}],"collection":[{"href":"https:\/\/migrantesenigualdad.es\/index.php\/wp-json\/wp\/v2\/posts"}],"about":[{"href":"https:\/\/migrantesenigualdad.es\/index.php\/wp-json\/wp\/v2\/types\/post"}],"author":[{"embeddable":true,"href":"https:\/\/migrantesenigualdad.es\/index.php\/wp-json\/wp\/v2\/users\/1"}],"replies":[{"embeddable":true,"href":"https:\/\/migrantesenigualdad.es\/index.php\/wp-json\/wp\/v2\/comments?post=6993"}],"version-history":[{"count":7,"href":"https:\/\/migrantesenigualdad.es\/index.php\/wp-json\/wp\/v2\/posts\/6993\/revisions"}],"predecessor-version":[{"id":7073,"href":"https:\/\/migrantesenigualdad.es\/index.php\/wp-json\/wp\/v2\/posts\/6993\/revisions\/7073"}],"wp:featuredmedia":[{"embeddable":true,"href":"https:\/\/migrantesenigualdad.es\/index.php\/wp-json\/wp\/v2\/media\/6739"}],"wp:attachment":[{"href":"https:\/\/migrantesenigualdad.es\/index.php\/wp-json\/wp\/v2\/media?parent=6993"}],"wp:term":[{"taxonomy":"category","embeddable":true,"href":"https:\/\/migrantesenigualdad.es\/index.php\/wp-json\/wp\/v2\/categories?post=6993"},{"taxonomy":"post_tag","embeddable":true,"href":"https:\/\/migrantesenigualdad.es\/index.php\/wp-json\/wp\/v2\/tags?post=6993"}],"curies":[{"name":"wp","href":"https:\/\/api.w.org\/{rel}","templated":true}]}}