{"id":6947,"date":"2024-07-01T08:02:55","date_gmt":"2024-07-01T06:02:55","guid":{"rendered":"https:\/\/migrantesenigualdad.es\/?p=6947"},"modified":"2024-07-03T10:36:38","modified_gmt":"2024-07-03T08:36:38","slug":"noticias-breves","status":"publish","type":"post","link":"https:\/\/migrantesenigualdad.es\/index.php\/2024\/07\/01\/noticias-breves\/","title":{"rendered":"Noticias breves"},"content":{"rendered":"<h4><img data-recalc-dims=\"1\" loading=\"lazy\" decoding=\"async\" class=\"wp-image-7044 alignleft\" style=\"color: #666666; font-size: 14px;\" src=\"https:\/\/i0.wp.com\/migrantesenigualdad.es\/wp-content\/uploads\/2024\/07\/666468adc8fa8portada-explica-desinfo-periodo-electoral-png.webp?resize=247%2C104&#038;ssl=1\" alt=\"\" width=\"247\" height=\"104\" \/>Bulos en periodos electorales<\/h4>\n<p>La primera mitad del 2024 ha estado marcada por procesos electorales, como las\u00a0elecciones auton\u00f3micas\u00a0de Galicia (18 de febrero), Pa\u00eds Vasco (21 de abril) y Catalu\u00f1a (12 de mayo), y los\u00a0comicios al Parlamento Europeo\u00a0el 9 de junio. Los desinformadores aprovechan este contexto pol\u00edtico para difundir\u00a0desinformaci\u00f3n sobre personas migrantes. La web Maldita.es nos ayuda a desmentirlo.<\/p>\n<p style=\"text-align: right;\"><a href=\"https:\/\/maldita.es\/migracion\/20240608\/desinformacion-elecciones-migrantes-ayudas-violencia\/\" target=\"_blank\" rel=\"noopener\"><span style=\"color: #00ccff;\">M\u00e1s informaci\u00f3n<\/span><\/a><\/p>\n<p>&nbsp;<\/p>\n<hr \/>\n<h4><\/h4>\n<p>&nbsp;<\/p>\n<h4><img data-recalc-dims=\"1\" loading=\"lazy\" decoding=\"async\" class=\"wp-image-6950 alignleft\" src=\"https:\/\/i0.wp.com\/migrantesenigualdad.es\/wp-content\/uploads\/2024\/06\/AP24169490958038.webp?resize=246%2C138&#038;ssl=1\" alt=\"\" width=\"246\" height=\"138\" \/>France 24: M\u00e1s de 800 migrantes muertos o desaparecidos en el Mediterr\u00e1neo en lo que va de 2024, seg\u00fan la ONU<\/h4>\n<p>El canal p\u00fablico de televisi\u00f3n France 24 se hace eco de un informe conjunto de varias agencias de la ONU que confirmarlas alarmantes cifras sobre la migraci\u00f3n en el mar Mediterr\u00e1neo: m\u00e1s de 800 muertos o desaparecidos en esta ruta en lo que va del a\u00f1o.<\/p>\n<p style=\"text-align: right;\"><a href=\"https:\/\/www.france24.com\/es\/europa\/20240617-mediterr%C3%A1neo-m%C3%A1s-de-800-migrantes-muertos-o-desaparecidos-en-lo-que-va-de-2024-seg%C3%BAn-la-onu\" target=\"_blank\" rel=\"noopener\"><span style=\"color: #00ccff;\">M\u00e1s informaci\u00f3n<\/span><\/a><\/p>\n<p>&nbsp;<\/p>\n<hr \/>\n<p>&nbsp;<\/p>\n<h4><img data-recalc-dims=\"1\" loading=\"lazy\" decoding=\"async\" class=\"wp-image-6951 alignleft\" src=\"https:\/\/i0.wp.com\/migrantesenigualdad.es\/wp-content\/uploads\/2024\/06\/two-penalty-cards-whistle-referee.jpg?resize=245%2C163&#038;ssl=1\" alt=\"\" width=\"245\" height=\"163\" \/>EFE: El mapa judicial del racismo en el f\u00fatbol espa\u00f1ol<\/h4>\n<p>La agencia de noticias EFE public\u00f3 en junio un art\u00edculo donde repasa la respuesta judicial a estos los comportamientos y mensajes racistas que llegan desde hace a\u00f1os a los juzgados espa\u00f1oles.<\/p>\n<p style=\"text-align: right;\"><a href=\"https:\/\/efe.com\/otras-noticias-espana\/2024-06-18\/el-mapa-judicial-del-racismo-en-el-futbol-espanol-2\/\" target=\"_blank\" rel=\"noopener\"><span style=\"color: #00ccff;\">M\u00e1s informaci\u00f3n<\/span><\/a><\/p>\n","protected":false},"excerpt":{"rendered":"<p>Bulos en periodos electorales La primera mitad del 2024 ha estado marcada por procesos electorales, como las\u00a0elecciones auton\u00f3micas\u00a0de Galicia (18 de febrero), Pa\u00eds Vasco (21 de abril) y Catalu\u00f1a (12 de mayo), y los\u00a0comicios al Parlamento Europeo\u00a0el 9 de junio. Los desinformadores aprovechan este contexto pol\u00edtico para difundir\u00a0desinformaci\u00f3n sobre personas migrantes. La web Maldita.es nos [&hellip;]<\/p>\n","protected":false},"author":1,"featured_media":7017,"comment_status":"open","ping_status":"closed","sticky":false,"template":"","format":"standard","meta":{"_et_pb_use_builder":"off","_et_pb_old_content":"","_et_gb_content_width":"","_jetpack_newsletter_access":"","_jetpack_dont_email_post_to_subs":false,"_jetpack_newsletter_tier_id":0,"_jetpack_memberships_contains_paywalled_content":false,"_jetpack_feature_clip_id":0,"_jetpack_memberships_contains_paid_content":false,"footnotes":"","jetpack_post_was_ever_published":false},"categories":[253],"tags":[],"class_list":["post-6947","post","type-post","status-publish","format-standard","has-post-thumbnail","hentry","category-boletin-3-01-07-2024"],"jetpack_sharing_enabled":true,"jetpack_featured_media_url":"https:\/\/i0.wp.com\/migrantesenigualdad.es\/wp-content\/uploads\/2024\/06\/old-texture-newspapers-stack-arrangement-scaled.jpg?fit=2560%2C1707&ssl=1","post_mailing_queue_ids":[],"_links":{"self":[{"href":"https:\/\/migrantesenigualdad.es\/index.php\/wp-json\/wp\/v2\/posts\/6947","targetHints":{"allow":["GET"]}}],"collection":[{"href":"https:\/\/migrantesenigualdad.es\/index.php\/wp-json\/wp\/v2\/posts"}],"about":[{"href":"https:\/\/migrantesenigualdad.es\/index.php\/wp-json\/wp\/v2\/types\/post"}],"author":[{"embeddable":true,"href":"https:\/\/migrantesenigualdad.es\/index.php\/wp-json\/wp\/v2\/users\/1"}],"replies":[{"embeddable":true,"href":"https:\/\/migrantesenigualdad.es\/index.php\/wp-json\/wp\/v2\/comments?post=6947"}],"version-history":[{"count":10,"href":"https:\/\/migrantesenigualdad.es\/index.php\/wp-json\/wp\/v2\/posts\/6947\/revisions"}],"predecessor-version":[{"id":7056,"href":"https:\/\/migrantesenigualdad.es\/index.php\/wp-json\/wp\/v2\/posts\/6947\/revisions\/7056"}],"wp:featuredmedia":[{"embeddable":true,"href":"https:\/\/migrantesenigualdad.es\/index.php\/wp-json\/wp\/v2\/media\/7017"}],"wp:attachment":[{"href":"https:\/\/migrantesenigualdad.es\/index.php\/wp-json\/wp\/v2\/media?parent=6947"}],"wp:term":[{"taxonomy":"category","embeddable":true,"href":"https:\/\/migrantesenigualdad.es\/index.php\/wp-json\/wp\/v2\/categories?post=6947"},{"taxonomy":"post_tag","embeddable":true,"href":"https:\/\/migrantesenigualdad.es\/index.php\/wp-json\/wp\/v2\/tags?post=6947"}],"curies":[{"name":"wp","href":"https:\/\/api.w.org\/{rel}","templated":true}]}}