{"id":6921,"date":"2024-07-01T08:03:51","date_gmt":"2024-07-01T06:03:51","guid":{"rendered":"https:\/\/migrantesenigualdad.es\/?p=6921"},"modified":"2024-07-02T09:17:09","modified_gmt":"2024-07-02T07:17:09","slug":"informe-cear-espana-a-la-cola-de-la-ue-en-reconocimiento-de-asilo-en-un-ano-de-graves-conflictos-y-emergencias-humanitarias","status":"publish","type":"post","link":"https:\/\/migrantesenigualdad.es\/index.php\/2024\/07\/01\/informe-cear-espana-a-la-cola-de-la-ue-en-reconocimiento-de-asilo-en-un-ano-de-graves-conflictos-y-emergencias-humanitarias\/","title":{"rendered":"Informe CEAR: Espa\u00f1a a la cola de la UE en reconocimiento de asilo en un a\u00f1o de graves conflictos y emergencias humanitarias"},"content":{"rendered":"<p>La Comisi\u00f3n Espa\u00f1ola de Ayuda al Refugiado (CEAR) en Espa\u00f1a present\u00f3 el pasado 17 de junio su informe anual sobre las personas refugiadas en Espa\u00f1a y Europa. La direcci\u00f3n de esta entidad asegur\u00f3 que Espa\u00f1a se ha situado a la cola de la Uni\u00f3n Europea en cuanto a tasa de reconocimiento de asilo, precisamente en un a\u00f1o en el que siguen aumentando las necesidades de protecci\u00f3n en todo el mundo. La organizaci\u00f3n se\u00f1al\u00f3 que empeora cuatro puntos con respecto al a\u00f1o anterior hasta resolver favorablemente apenas el 12% de las solicitudes, mientras la media europea mejor\u00f3 tres puntos hasta alcanzar el 42% de reconocimiento.<\/p>\n<p>La entidad afirm\u00f3 que este retroceso contrasta con el actual contexto internacional, en el que las guerras, la violencia y las amenazas han provocado un nuevo r\u00e9cord de 120 millones de personas desplazadas forzosamente en el mundo, seg\u00fan los \u00faltimos datos de ACNUR. A conflictos enquistados como los de Ucrania, Siria, Afganist\u00e1n o Sud\u00e1n, entre otros, se unen dos nuevas grandes emergencias humanitarias, como el genocidio en Gaza o la creciente inestabilidad sociopol\u00edtica en Senegal y en los pa\u00edses del Sahel, que est\u00e1 provocando un aumento considerable de las llegadas a Canarias.<\/p>\n<p>Con respecto a la situaci\u00f3n en Gaza, CEAR dijo que hasta la fecha m\u00e1s de 1,7 millones de personas se han visto obligadas a huir de sus hogares, siendo la mayor\u00eda de ellas ya refugiadas anteriormente. \u201cSe est\u00e1n traspasando todas las l\u00edneas rojas del derecho internacional. El Gobierno espa\u00f1ol est\u00e1 dando algunos pasos en la buena direcci\u00f3n, pero a\u00fan debe seguir dando m\u00e1s para poner fin a este genocidio y que haya una paz justa y duradera, y que se garantice el derecho al retorno, tal y como pedimos en nuestra campa\u00f1a que hasta la fecha han firmado m\u00e1s de 100 000 personas\u201d, declar\u00f3 Mauricio Valiente, director de la organizaci\u00f3n.<\/p>\n<p><strong>Respuesta ante la emergencia de Canarias<\/strong><\/p>\n<p>El 70% de las llegadas a Espa\u00f1a se concentraron en la ruta hacia Canarias (un total de 39\u202f910 personas). Este dr\u00e1stico repunte migratorio desencaden\u00f3 una situaci\u00f3n de emergencia humanitaria sin precedentes desde la llamada \u2018crisis de los cayucos\u2019 de 2006. En los primeros cinco meses de este a\u00f1o se ha mantenido el ritmo de las llegadas, especialmente de personas que proceden de Senegal. Adem\u00e1s, destaca la presencia de cada vez m\u00e1s mujeres y ni\u00f1os y ni\u00f1as sin referentes familiares, para lo que el sistema de protecci\u00f3n de las islas no est\u00e1 preparado, seg\u00fan el informe de CEAR. En respuesta, el Gobierno de Canarias ha llegado recientemente a un acuerdo con el Gobierno central para tramitar la modificaci\u00f3n de la Ley de extranjer\u00eda y articular un sistema de reparto de la acogida de menores.<\/p>\n<p>La organizaci\u00f3n destac\u00f3 que la respuesta estatal frente a la situaci\u00f3n humanitaria fue r\u00e1pida y se activaron medidas extraordinarias como la declaraci\u00f3n de emergencia y la apertura de nuevas plazas de acogida en la pen\u00ednsula, con la implementaci\u00f3n de grandes Centros de Acogida de Emergencia (CAED). Esta respuesta evit\u00f3 que se repitieran situaciones de hacinamiento como las que se dieron en 2021 en el muelle de Arguinegu\u00edn. \u201cAunque en un primer momento sirvieron para descongestionar la situaci\u00f3n, Espa\u00f1a debe contar con una estructura estable de acogida, tanto en las islas como en Pen\u00ednsula, que d\u00e9 respuesta a las, cada vez m\u00e1s frecuentes, situaciones de grandes llegadas\u201d, reclam\u00f3 M\u00f3nica L\u00f3pez, directora general de CEAR.<\/p>\n<p>Adem\u00e1s, denuncia que en t\u00e9rminos de acogida la respuesta no fue equiparable a la dada frente a la emergencia de Ucrania: \u201cLas dificultades para obtener citas para iniciar el procedimiento protecci\u00f3n, junto con las limitaciones en los tiempos de estancia en plazas de atenci\u00f3n humanitaria, dejan a algunas personas en situaci\u00f3n de desprotecci\u00f3n y en riesgo de exclusi\u00f3n social\u201d.<\/p>\n<p><strong>Un pacto devastador para el derecho de asilo<\/strong><\/p>\n<p>En su informe CEAR tambi\u00e9n analiza las consecuencias devastadoras que tendr\u00e1 el reciente Pacto Europeo sobre Migraci\u00f3n y Asilo en el derecho de asilo, en el conjunto de los derechos humanos y en la vida de las personas. Un acuerdo que \u201crefuerza el control de las fronteras y se centra en impedir que las personas lleguen, expuls\u00e1ndolas lo m\u00e1s r\u00e1pido posible y sin apostar suficientemente por v\u00edas legales y seguras\u201d.<\/p>\n<p>CEAR hace un llamamiento a la ciudadan\u00eda y a organizaciones de la sociedad civil para que exijan al Gobierno espa\u00f1ol que implemente el Pacto de forma garantista, con el objetivo minimizar los riesgos y garantizar los m\u00e1ximos est\u00e1ndares de protecci\u00f3n. \u201cEl resultado de las elecciones europeas es preocupante porque refuerza a los partidos que amenazan gravemente el derecho de asilo. Esperamos que Espa\u00f1a impulse un cambio de rumbo para situar en el centro a las personas y sus derechos\u201d, exigi\u00f3 Mauricio Valiente.<\/p>\n<p><strong>Contin\u00faan los retrasos cr\u00f3nicos con las citas de asilo<\/strong><\/p>\n<p>Durante 2023, y seg\u00fan esta organizaci\u00f3n, persistieron los problemas cr\u00f3nicos con las citas previas para solicitar asilo, lo que sigui\u00f3 alimentando un mercado irregular de compraventa de citas. Esta situaci\u00f3n provoc\u00f3 que miles de personas estuvieran en una situaci\u00f3n de total desprotecci\u00f3n y en un limbo legal durante periodos de hasta nueve meses, seg\u00fan recoge CEAR en su informe.<\/p>\n<p>Adem\u00e1s, la organizaci\u00f3n destaca las condiciones de hacinamiento e insalubridad que sufrieron cientos de personas en las salas de asilo del aeropuerto de Barajas a finales de a\u00f1o, que se prolongaron hasta principios del actual, ante el aumento de llegadas de personas procedentes de Senegal y Kenia. \u201cEn lugar de habilitar v\u00edas legales y seguras, las autoridades espa\u00f1olas siguen recurriendo a imponer m\u00e1s obst\u00e1culos, como los visados de tr\u00e1nsito a personas que pueden ser merecedoras de recibir protecci\u00f3n internacional\u201d, lament\u00f3 M\u00f3nica L\u00f3pez.<\/p>\n<p>Por \u00faltimo, el informe dedica un cap\u00edtulo a las enormes dificultades para que las personas migrantes y refugiadas accedan a derechos b\u00e1sicos en Espa\u00f1a, como la vivienda, el empleo, la salud o cuentas bancarias, entre otras. Una situaci\u00f3n que se agrava por el auge de la discriminaci\u00f3n racial, por la falta de reconocimiento de la documentaci\u00f3n de solicitantes de asilo y por la baja tasa de reconocimiento de protecci\u00f3n internacional.<\/p>\n<p><strong>Para acceder al informe anual sobre las personas refugiadas en Espa\u00f1a y Europa de (CEAR) pulse <a href=\"https:\/\/migrantesenigualdad.es\/wp-content\/uploads\/2024\/06\/CEAR_INFORME_2023.pdf\" target=\"_blank\" rel=\"noopener\">aqu\u00ed<\/a>.<\/strong><\/p>\n","protected":false},"excerpt":{"rendered":"<p>La Comisi\u00f3n Espa\u00f1ola de Ayuda al Refugiado (CEAR) en Espa\u00f1a present\u00f3 el pasado 17 de junio su informe anual sobre las personas refugiadas en Espa\u00f1a y Europa. La direcci\u00f3n de esta entidad asegur\u00f3 que Espa\u00f1a se ha situado a la cola de la Uni\u00f3n Europea en cuanto a tasa de reconocimiento de asilo, precisamente en [&hellip;]<\/p>\n","protected":false},"author":1,"featured_media":6924,"comment_status":"open","ping_status":"closed","sticky":false,"template":"","format":"standard","meta":{"_et_pb_use_builder":"","_et_pb_old_content":"","_et_gb_content_width":"","_jetpack_newsletter_access":"","_jetpack_dont_email_post_to_subs":false,"_jetpack_newsletter_tier_id":0,"_jetpack_memberships_contains_paywalled_content":false,"_jetpack_feature_clip_id":0,"_jetpack_memberships_contains_paid_content":false,"footnotes":"","jetpack_post_was_ever_published":false},"categories":[253,173],"tags":[],"class_list":["post-6921","post","type-post","status-publish","format-standard","has-post-thumbnail","hentry","category-boletin-3-01-07-2024","category-informes"],"jetpack_sharing_enabled":true,"jetpack_featured_media_url":"https:\/\/i0.wp.com\/migrantesenigualdad.es\/wp-content\/uploads\/2024\/06\/cear.jpg?fit=1100%2C461&ssl=1","post_mailing_queue_ids":[],"_links":{"self":[{"href":"https:\/\/migrantesenigualdad.es\/index.php\/wp-json\/wp\/v2\/posts\/6921","targetHints":{"allow":["GET"]}}],"collection":[{"href":"https:\/\/migrantesenigualdad.es\/index.php\/wp-json\/wp\/v2\/posts"}],"about":[{"href":"https:\/\/migrantesenigualdad.es\/index.php\/wp-json\/wp\/v2\/types\/post"}],"author":[{"embeddable":true,"href":"https:\/\/migrantesenigualdad.es\/index.php\/wp-json\/wp\/v2\/users\/1"}],"replies":[{"embeddable":true,"href":"https:\/\/migrantesenigualdad.es\/index.php\/wp-json\/wp\/v2\/comments?post=6921"}],"version-history":[{"count":4,"href":"https:\/\/migrantesenigualdad.es\/index.php\/wp-json\/wp\/v2\/posts\/6921\/revisions"}],"predecessor-version":[{"id":6939,"href":"https:\/\/migrantesenigualdad.es\/index.php\/wp-json\/wp\/v2\/posts\/6921\/revisions\/6939"}],"wp:featuredmedia":[{"embeddable":true,"href":"https:\/\/migrantesenigualdad.es\/index.php\/wp-json\/wp\/v2\/media\/6924"}],"wp:attachment":[{"href":"https:\/\/migrantesenigualdad.es\/index.php\/wp-json\/wp\/v2\/media?parent=6921"}],"wp:term":[{"taxonomy":"category","embeddable":true,"href":"https:\/\/migrantesenigualdad.es\/index.php\/wp-json\/wp\/v2\/categories?post=6921"},{"taxonomy":"post_tag","embeddable":true,"href":"https:\/\/migrantesenigualdad.es\/index.php\/wp-json\/wp\/v2\/tags?post=6921"}],"curies":[{"name":"wp","href":"https:\/\/api.w.org\/{rel}","templated":true}]}}