{"id":6824,"date":"2024-05-31T11:12:55","date_gmt":"2024-05-31T11:12:55","guid":{"rendered":"https:\/\/migrantesenigualdad.es\/?p=6824"},"modified":"2024-07-03T11:40:40","modified_gmt":"2024-07-03T09:40:40","slug":"sesion-informativa-diferencia-entre-delito-y-discurso-de-odio","status":"publish","type":"post","link":"https:\/\/migrantesenigualdad.es\/index.php\/2024\/05\/31\/sesion-informativa-diferencia-entre-delito-y-discurso-de-odio\/","title":{"rendered":"Ellas quer\u00edan compartir sus historias como mujeres migrantes"},"content":{"rendered":"<p style=\"text-align: justify;\">El pasado mi\u00e9rcoles 29 de mayo, la sede central de M\u00e1rgenes y V\u00ednculos en Algeciras acogi\u00f3 una charla informativa titulada <em>Diferencias entre discurso y delito de odio<\/em>. Era una actividad del equipo de Migrantes en Igualdad, cuyos t\u00e9cnicos Stewart Mundini y Rachida Gaoud hab\u00edan preparado una ponencia sobre los art\u00edculos del C\u00f3digo Penal que establecen los conceptos de delito y discurso de odio. Pura teor\u00eda legislativa.<\/p>\n<p style=\"text-align: justify;\">Sin embargo, pronto qued\u00f3 claro que lo que necesitaban estas mujeres que asistieron como p\u00fablico era compartir sus experiencias personales como mujeres migrantes. Mundini y Gaoud reaccionaron y, aunque hablaron sobre aspectos legislativos relacionados con los derechos y libertades de las y los extranjeros en Espa\u00f1a, al final asumieron que les tocaba ser escuchantes y que las verdaderas ponentes fueron ellas.<\/p>\n<p style=\"text-align: justify;\">La hora de duraci\u00f3n prevista de la sesi\u00f3n se alarg\u00f3 hasta a casi dos horas, pero nadie se quej\u00f3. Ellas hablaron de sus vivencias como personas migrantes. Narraron situaciones que rozan el surrealismo, como es el caso de una madre junto a sus tres hijos (uno de ellos un beb\u00e9), acudi\u00f3 a una oficina administrativa, donde un funcionario le dijo que ten\u00eda que pasar por una cola distinta a la de sus hijos, porque ellos ten\u00edan nacionalidad espa\u00f1ola y ella no.<\/p>\n<p style=\"text-align: justify;\">Historias sobre intentos frustrados de denuncias por la imposibilidad de hacerse entender, frases despectivas emitidas por quienes se supone que deb\u00edan protegerlas, y situaciones de injusticia narradas desde un dolor a\u00fan latente.<\/p>\n<p style=\"text-align: justify;\">La Fundaci\u00f3n M\u00e1rgenes y V\u00ednculos desea que la informaci\u00f3n que recibieron de nuestros compa\u00f1eros de Migrantes en igualdad les ayude a afrontar situaciones de este tipo sin la indefensi\u00f3n que han sufrido hasta ahora.<\/p>\n","protected":false},"excerpt":{"rendered":"<p>El pasado mi\u00e9rcoles 29 de mayo, la sede central de M\u00e1rgenes y V\u00ednculos en Algeciras acogi\u00f3 una charla informativa titulada Diferencias entre discurso y delito de odio. Era una actividad del equipo de Migrantes en Igualdad, cuyos t\u00e9cnicos Stewart Mundini y Rachida Gaoud hab\u00edan preparado una ponencia sobre los art\u00edculos del C\u00f3digo Penal que establecen [&hellip;]<\/p>\n","protected":false},"author":2,"featured_media":6831,"comment_status":"open","ping_status":"closed","sticky":false,"template":"","format":"standard","meta":{"_et_pb_use_builder":"","_et_pb_old_content":"","_et_gb_content_width":"","_jetpack_newsletter_access":"","_jetpack_dont_email_post_to_subs":false,"_jetpack_newsletter_tier_id":0,"_jetpack_memberships_contains_paywalled_content":false,"_jetpack_feature_clip_id":0,"_jetpack_memberships_contains_paid_content":false,"footnotes":"","jetpack_post_was_ever_published":false},"categories":[251,250],"tags":[],"class_list":["post-6824","post","type-post","status-publish","format-standard","has-post-thumbnail","hentry","category-boletin-2-01-06-2024","category-sesiones-informativas"],"jetpack_sharing_enabled":true,"jetpack_featured_media_url":"https:\/\/i0.wp.com\/migrantesenigualdad.es\/wp-content\/uploads\/2024\/05\/WhatsApp-Image-2024-05-29-at-11.39.32-e1717153925144.jpeg?fit=1536%2C1184&ssl=1","post_mailing_queue_ids":[],"_links":{"self":[{"href":"https:\/\/migrantesenigualdad.es\/index.php\/wp-json\/wp\/v2\/posts\/6824","targetHints":{"allow":["GET"]}}],"collection":[{"href":"https:\/\/migrantesenigualdad.es\/index.php\/wp-json\/wp\/v2\/posts"}],"about":[{"href":"https:\/\/migrantesenigualdad.es\/index.php\/wp-json\/wp\/v2\/types\/post"}],"author":[{"embeddable":true,"href":"https:\/\/migrantesenigualdad.es\/index.php\/wp-json\/wp\/v2\/users\/2"}],"replies":[{"embeddable":true,"href":"https:\/\/migrantesenigualdad.es\/index.php\/wp-json\/wp\/v2\/comments?post=6824"}],"version-history":[{"count":9,"href":"https:\/\/migrantesenigualdad.es\/index.php\/wp-json\/wp\/v2\/posts\/6824\/revisions"}],"predecessor-version":[{"id":7069,"href":"https:\/\/migrantesenigualdad.es\/index.php\/wp-json\/wp\/v2\/posts\/6824\/revisions\/7069"}],"wp:featuredmedia":[{"embeddable":true,"href":"https:\/\/migrantesenigualdad.es\/index.php\/wp-json\/wp\/v2\/media\/6831"}],"wp:attachment":[{"href":"https:\/\/migrantesenigualdad.es\/index.php\/wp-json\/wp\/v2\/media?parent=6824"}],"wp:term":[{"taxonomy":"category","embeddable":true,"href":"https:\/\/migrantesenigualdad.es\/index.php\/wp-json\/wp\/v2\/categories?post=6824"},{"taxonomy":"post_tag","embeddable":true,"href":"https:\/\/migrantesenigualdad.es\/index.php\/wp-json\/wp\/v2\/tags?post=6824"}],"curies":[{"name":"wp","href":"https:\/\/api.w.org\/{rel}","templated":true}]}}