{"id":6813,"date":"2024-05-31T10:15:00","date_gmt":"2024-05-31T10:15:00","guid":{"rendered":"https:\/\/migrantesenigualdad.es\/?p=6813"},"modified":"2024-07-03T11:40:38","modified_gmt":"2024-07-03T09:40:38","slug":"sesion-informativa-conceptos-basicos-racismo-xenofobia-y-otras-formas-de-intolerancia-asociadas","status":"publish","type":"post","link":"https:\/\/migrantesenigualdad.es\/index.php\/2024\/05\/31\/sesion-informativa-conceptos-basicos-racismo-xenofobia-y-otras-formas-de-intolerancia-asociadas\/","title":{"rendered":"M\u00e1rgenes y V\u00ednculos da una sesi\u00f3n informativa sobre racismo, xenofobia y otras formas de intolerancia asociadas"},"content":{"rendered":"<p style=\"text-align: justify;\"><em>Conceptos b\u00e1sicos, racismo, xenofobia y otras formas de intolerancia asociadas<\/em> es el t\u00edtulo de una charla informativa que el equipo de Migrantes en igualdad de M\u00e1rgenes y V\u00ednculos dio a un grupo de mujeres. Las asistentas estuvieron muy interesadas en conceptos como el de etnia, y asimilaron la idea de que todas las formas de intolerancia se construyen desde los mismos mecanismos: la generalizaci\u00f3n y los estereotipos que llevan a los prejuicios y a la discriminaci\u00f3n.<\/p>\n<p style=\"text-align: justify;\">El equipo t\u00e9cnico explic\u00f3 la diferencia entre raza y etnia, y abordaron conceptos como el racismo, xenofobia, islamofobia, aporofobia, antigitanismo, LGTBIfobia, entre otros, estableciend paralelismos que ayuden a empatizar con las potenciales v\u00edctimas de estas intolerancias.<\/p>\n<p style=\"text-align: justify;\">Algunas de las asistentes compartieron experiencias sobre episodios de discriminaci\u00f3n vividos en carne propia o por sus hijas\/os. Hablaron de como a\u00fan se usa el apelativo moro como insulto para las personas de origen \u00e1rabe, lo que motivo que el equipo del proyecto enfoc\u00f3 parte de su intervenci\u00f3n en primero intentar quitarle a la palabra moro la connotaci\u00f3n peyorativa, y adem\u00e1s destacar el poder de la informaci\u00f3n como modo de enfrentarse a estas situaciones.<\/p>\n<p style=\"text-align: justify;\">La sesi\u00f3n concluy\u00f3 con la proyecci\u00f3n de <em>All That We Share<\/em> (<em>Todo lo que compartimos<\/em>), nombre de un anuncio de la televisi\u00f3n danesa p\u00fablica que se populariz\u00f3 en Internet por una poderosa raz\u00f3n: hacernos reflexionar acerca de las etiquetas que usamos para definirnos y definir a los dem\u00e1s y los prejuicios.<\/p>\n<p>El spot consegui\u00f3 en apenas 10 d\u00edas m\u00e1s de dos millones de visualizaciones en su versi\u00f3n inglesa. \u00bfEl secreto del \u00e9xito? La tremenda sencillez con la que muestra gr\u00e1ficamente las fronteras que dividen nuestra sociedad.<\/p>\n<p><iframe loading=\"lazy\" title=\"YouTube video player\" src=\"https:\/\/www.youtube.com\/embed\/fXBXOaLcMZg?si=cezJE6tT1_CrFbJR\" width=\"560\" height=\"315\" frameborder=\"0\" allowfullscreen=\"allowfullscreen\"><\/iframe><\/p>\n","protected":false},"excerpt":{"rendered":"<p>Conceptos b\u00e1sicos, racismo, xenofobia y otras formas de intolerancia asociadas es el t\u00edtulo de una charla informativa que el equipo de Migrantes en igualdad de M\u00e1rgenes y V\u00ednculos dio a un grupo de mujeres. Las asistentas estuvieron muy interesadas en conceptos como el de etnia, y asimilaron la idea de que todas las formas de [&hellip;]<\/p>\n","protected":false},"author":2,"featured_media":6817,"comment_status":"open","ping_status":"closed","sticky":false,"template":"","format":"standard","meta":{"_et_pb_use_builder":"","_et_pb_old_content":"","_et_gb_content_width":"","_jetpack_newsletter_access":"","_jetpack_dont_email_post_to_subs":false,"_jetpack_newsletter_tier_id":0,"_jetpack_memberships_contains_paywalled_content":false,"_jetpack_feature_clip_id":0,"_jetpack_memberships_contains_paid_content":false,"footnotes":"","jetpack_post_was_ever_published":false},"categories":[251,250],"tags":[],"class_list":["post-6813","post","type-post","status-publish","format-standard","has-post-thumbnail","hentry","category-boletin-2-01-06-2024","category-sesiones-informativas"],"jetpack_sharing_enabled":true,"jetpack_featured_media_url":"https:\/\/i0.wp.com\/migrantesenigualdad.es\/wp-content\/uploads\/2024\/05\/WhatsApp-Image-2024-05-22-at-14.52.48-1.jpeg?fit=1600%2C1200&ssl=1","post_mailing_queue_ids":[],"_links":{"self":[{"href":"https:\/\/migrantesenigualdad.es\/index.php\/wp-json\/wp\/v2\/posts\/6813","targetHints":{"allow":["GET"]}}],"collection":[{"href":"https:\/\/migrantesenigualdad.es\/index.php\/wp-json\/wp\/v2\/posts"}],"about":[{"href":"https:\/\/migrantesenigualdad.es\/index.php\/wp-json\/wp\/v2\/types\/post"}],"author":[{"embeddable":true,"href":"https:\/\/migrantesenigualdad.es\/index.php\/wp-json\/wp\/v2\/users\/2"}],"replies":[{"embeddable":true,"href":"https:\/\/migrantesenigualdad.es\/index.php\/wp-json\/wp\/v2\/comments?post=6813"}],"version-history":[{"count":9,"href":"https:\/\/migrantesenigualdad.es\/index.php\/wp-json\/wp\/v2\/posts\/6813\/revisions"}],"predecessor-version":[{"id":7068,"href":"https:\/\/migrantesenigualdad.es\/index.php\/wp-json\/wp\/v2\/posts\/6813\/revisions\/7068"}],"wp:featuredmedia":[{"embeddable":true,"href":"https:\/\/migrantesenigualdad.es\/index.php\/wp-json\/wp\/v2\/media\/6817"}],"wp:attachment":[{"href":"https:\/\/migrantesenigualdad.es\/index.php\/wp-json\/wp\/v2\/media?parent=6813"}],"wp:term":[{"taxonomy":"category","embeddable":true,"href":"https:\/\/migrantesenigualdad.es\/index.php\/wp-json\/wp\/v2\/categories?post=6813"},{"taxonomy":"post_tag","embeddable":true,"href":"https:\/\/migrantesenigualdad.es\/index.php\/wp-json\/wp\/v2\/tags?post=6813"}],"curies":[{"name":"wp","href":"https:\/\/api.w.org\/{rel}","templated":true}]}}