{"id":6705,"date":"2024-05-28T06:41:32","date_gmt":"2024-05-28T06:41:32","guid":{"rendered":"https:\/\/migrantesenigualdad.es\/?p=6705"},"modified":"2024-07-03T11:41:25","modified_gmt":"2024-07-03T09:41:25","slug":"el-gobierno-aprueba-el-proyecto-de-ley-de-universalidad","status":"publish","type":"post","link":"https:\/\/migrantesenigualdad.es\/index.php\/2024\/05\/28\/el-gobierno-aprueba-el-proyecto-de-ley-de-universalidad\/","title":{"rendered":"La sanidad que viene"},"content":{"rendered":"<p style=\"text-align: justify;\"><strong>Reproducimos a continuaci\u00f3n una nota de prensa difundida hace unos d\u00edas por el Ministerio de Sanidad, despu\u00e9s de que el Consejo de Ministros tomara medidas a favor de ampliar la asistencia sanitaria a todas las personas que viven en Espa\u00f1a. Tras la nota de prensa, hacemos nuestros propios comentarios a esta noticia.<\/strong><\/p>\n<p style=\"padding-left: 40px; text-align: justify;\">El Consejo de Ministros ha aprobado un proyecto de ley de universalidad del sistema nacional de salud, con el fin de recuperar el derecho a la asistencia sanitaria en igualdad de condiciones para las personas espa\u00f1olas que residan en el extranjero, para los extranjeros que vienen por reagrupaci\u00f3n familiar y para toda persona residente en Espa\u00f1a con independencia de su condici\u00f3n administrativa.<\/p>\n<p style=\"padding-left: 40px; text-align: justify;\">La propuesta ampl\u00eda el derecho a la atenci\u00f3n sanitaria de las personas con nacionalidad espa\u00f1ola que residen en el extranjero desplazadas temporalmente al territorio espa\u00f1ol y a los familiares que los acompa\u00f1en, siempre que no tuvieran prevista la cobertura.<\/p>\n<p style=\"padding-left: 40px; text-align: justify;\">Tambi\u00e9n se ampl\u00edan los derechos a la protecci\u00f3n de la salud y a la atenci\u00f3n sanitaria de las personas ascendientes reagrupadas por hija o hijo titular del derecho a la asistencia sanitaria en el Sistema Nacional de Salud, cuando est\u00e9n a su cargo y siempre que no exista un tercero obligado al pago de dicha asistencia.<\/p>\n<p style=\"padding-left: 40px; text-align: justify;\">Tambi\u00e9n tendr\u00e1n derecho a la protecci\u00f3n de la salud y a la atenci\u00f3n sanitaria en las mismas condiciones que las personas titulares del derecho durante su permanencia en Espa\u00f1a:<\/p>\n<p style=\"padding-left: 80px; text-align: justify;\">Personas solicitantes de protecci\u00f3n internacional.<\/p>\n<p style=\"padding-left: 80px; text-align: justify;\">Personas solicitantes y beneficiarias de protecci\u00f3n temporal.<\/p>\n<p style=\"padding-left: 80px; text-align: justify;\">V\u00edctimas de trata de seres humanos cuya estancia temporal en Espa\u00f1a haya sido autorizada durante el periodo de restablecimiento y reflexi\u00f3n.<\/p>\n<p style=\"padding-left: 80px; text-align: justify;\">Personas no registradas ni autorizadas como residentes en Espa\u00f1a siempre que se cumplan los siguientes requisitos:<\/p>\n<p style=\"padding-left: 120px; text-align: justify;\">No tener la obligaci\u00f3n de acreditar cobertura obligatoria de la prestaci\u00f3n sanitaria por otra v\u00eda.<\/p>\n<p style=\"padding-left: 120px; text-align: justify;\">No poder exportar el derecho de cobertura sanitaria desde su pa\u00eds de origen.<\/p>\n<p style=\"padding-left: 120px; text-align: justify;\">No existir un tercero obligado al pago. Puedes ampliar la informaci\u00f3n aqu\u00ed.<\/p>\n<p style=\"text-align: justify;\"><strong>Nuestros comentarios a esta noticia son los siguientes:<\/strong><\/p>\n<p style=\"text-align: justify;\">Esta noticia difundida por el Ministerio de Sanidad es indudablemente buena. La Fundaci\u00f3n M\u00e1rgenes y V\u00ednculos est\u00e1 completamente a favor de la universalizaci\u00f3n y ampliaci\u00f3n de la cobertura sanitaria a toda la poblaci\u00f3n que habita en este pa\u00eds. Esto es, simplemente, garantizar que en Espa\u00f1a se cumple la Carta de los derechos humanos que la ONU aprob\u00f3 en diciembre de 1948. Universalizar la asistencia sanitaria es hacer realidad y compatibles dos art\u00edculos de esa carta. El art\u00edculo 25 afirma:<\/p>\n<p style=\"padding-left: 40px; text-align: justify;\"><em>-Toda persona tiene derecho a un nivel de vida adecuado que le asegure, as\u00ed como a su familia, la salud y el bienestar, y en especial la alimentaci\u00f3n, el vestido, la vivienda, la asistencia m\u00e9dica y los servicios sociales necesarios; tiene asimismo derecho a los seguros en caso de desempleo, enfermedad, invalidez, viudez, vejez y otros casos de p\u00e9rdida de sus medios de subsistencia por circunstancias independientes de su voluntad.<\/em><\/p>\n<p style=\"text-align: justify;\">Y el art\u00edculo 13 establece:<\/p>\n<p style=\"padding-left: 40px; text-align: justify;\">Toda persona tiene derecho a circular libremente y a elegir su residencia en el territorio de un Estado.<\/p>\n<p style=\"padding-left: 40px; text-align: justify;\">Toda persona tiene derecho a salir de cualquier pa\u00eds, incluso el propio, y a regresar a su pa\u00eds.<\/p>\n<p style=\"text-align: justify;\">M\u00e1rgenes y V\u00ednculos conoce la realidad de la migraci\u00f3n en el Campo de Gibraltar y Ceuta y tiene suficiente experiencia para afirmar que las<\/p>\n<p style=\"text-align: justify;\">personas migrantes elogian y tiene en una alt\u00edsima valoraci\u00f3n lo que reciben del sistema de salud p\u00fablico y de la asistencia sanitaria gratuita de este pa\u00eds. Todo lo que sea extender a m\u00e1s poblaci\u00f3n la cobertura es reforzar el cumplimiento de la carta de los derechos humanos y garantizar el bienestar para todas y todos. Restringirlos es abrir la puerta a la discriminaci\u00f3n, a la marginaci\u00f3n, a la exclusi\u00f3n social y a la p\u00e9rdida de calidad de vida para todas las personas.<\/p>\n<p style=\"text-align: justify;\">Disminuir la universalizaci\u00f3n de la sanidad, restringir el n\u00famero de ciudadanas y ciudadanos que puedan disfrutarla es contrario a los derechos humanos y, adem\u00e1s, cient\u00edficamente peligroso y econ\u00f3micamente negativo.<\/p>\n<p style=\"text-align: justify;\">El ejemplo de lo necesaria y ben\u00e9fica que es la asistencia sanitaria universal es lo ocurrido con la pandemia del Covid 19. Combatirla y salvar millones y millones de vidas exigi\u00f3 invertir ingentes cantidades de dinero p\u00fablico para vacunar a todas las poblaciones de cada pa\u00eds. Acabar con la pandemia exig\u00eda extender en cada estado la vacunaci\u00f3n y la asistencia a todas las personas, independientemente de cu\u00e1l era su nacionalidad de origen, su estatus social o su posici\u00f3n econ\u00f3mica. Cortar la expansi\u00f3n de los contagios, recuperar la salud de las personas infectadas y preservar la de las sanas exig\u00eda extender la vacunaci\u00f3n y la asistencia a todo el mundo, a todas las personas, enfermas y sanas.<\/p>\n<p style=\"text-align: justify;\">La salud de todos, por tanto, garantiza la salud de las partes. Es cierto que lo anunciado por el Ministerio de Sanidad es a\u00fan una medida previa que puede durar meses en hacerse realidad y en tener efectos reales.<\/p>\n<p style=\"text-align: justify;\">Esperamos poder celebrar la aprobaci\u00f3n de este proyecto de ley, ya que \u00e9sa ser\u00eda, en efecto, una buena noticia. Ser\u00e1 una buena noticia con regusto amargo, puesto que es recuperar una sanidad p\u00fablica universal que ya estaba prevista y era algo aceptado en este pa\u00eds desde la Ley General de Sanidad de 1986. Aquella ley fue uno de los primeros pasos hacia la sanidad universal gratuita, a la que se lleg\u00f3 finalmente tres a\u00f1os despu\u00e9s con un real decreto que pon\u00eda el \u00e9nfasis en la atenci\u00f3n primaria y en la transferencia de competencias a las comunidades aut\u00f3nomas.<\/p>\n<p style=\"text-align: justify;\">El sistema nacional de salud bas\u00f3 primero su financiaci\u00f3n en las cotizaciones a la Seguridad Social. Es decir, era un sistema contributivo. No obstante, la sanidad acab\u00f3 extendi\u00e9ndose no solo a los contribuyentes activos, sino a personas dependientes de estos y a las personas extranjeras residentes. Esto ocurr\u00eda a finales de los 80, pero las medidas tomadas por el gobierno de Mariano Rajoy en 2012 dejaron fuera de la sanidad universal a los inmigrantes indocumentados.<\/p>\n<p style=\"text-align: justify;\">La medida aprobada por el Consejo de Ministro el pasado 14 de mayo sobre el proyecto de ley de universalidad del sistema nacional de salud abre la posibilidad de dar un paso adelante que no har\u00eda m\u00e1s que colocarnos donde ya estuvimos hace tres d\u00e9cadas: en la vanguardia de los pa\u00edses del mundo que hacen realidad un derecho humano fundamental gracias a la universalidad de su sistema nacional de salud.<\/p>\n","protected":false},"excerpt":{"rendered":"<p>Reproducimos a continuaci\u00f3n una nota de prensa difundida hace unos d\u00edas por el Ministerio de Sanidad, despu\u00e9s de que el Consejo de Ministros tomara medidas a favor de ampliar la asistencia sanitaria a todas las personas que viven en Espa\u00f1a. Tras la nota de prensa, hacemos nuestros propios comentarios a esta noticia. El Consejo de [&hellip;]<\/p>\n","protected":false},"author":2,"featured_media":6792,"comment_status":"open","ping_status":"closed","sticky":false,"template":"","format":"standard","meta":{"_et_pb_use_builder":"","_et_pb_old_content":"","_et_gb_content_width":"","_jetpack_newsletter_access":"","_jetpack_dont_email_post_to_subs":false,"_jetpack_newsletter_tier_id":0,"_jetpack_memberships_contains_paywalled_content":false,"_jetpack_feature_clip_id":0,"_jetpack_memberships_contains_paid_content":false,"footnotes":"","jetpack_post_was_ever_published":false},"categories":[251,247],"tags":[],"class_list":["post-6705","post","type-post","status-publish","format-standard","has-post-thumbnail","hentry","category-boletin-2-01-06-2024","category-noticias"],"jetpack_sharing_enabled":true,"jetpack_featured_media_url":"https:\/\/i0.wp.com\/migrantesenigualdad.es\/wp-content\/uploads\/2024\/05\/stethoscope-840125_1280.jpg?fit=1280%2C853&ssl=1","post_mailing_queue_ids":[],"_links":{"self":[{"href":"https:\/\/migrantesenigualdad.es\/index.php\/wp-json\/wp\/v2\/posts\/6705","targetHints":{"allow":["GET"]}}],"collection":[{"href":"https:\/\/migrantesenigualdad.es\/index.php\/wp-json\/wp\/v2\/posts"}],"about":[{"href":"https:\/\/migrantesenigualdad.es\/index.php\/wp-json\/wp\/v2\/types\/post"}],"author":[{"embeddable":true,"href":"https:\/\/migrantesenigualdad.es\/index.php\/wp-json\/wp\/v2\/users\/2"}],"replies":[{"embeddable":true,"href":"https:\/\/migrantesenigualdad.es\/index.php\/wp-json\/wp\/v2\/comments?post=6705"}],"version-history":[{"count":19,"href":"https:\/\/migrantesenigualdad.es\/index.php\/wp-json\/wp\/v2\/posts\/6705\/revisions"}],"predecessor-version":[{"id":7072,"href":"https:\/\/migrantesenigualdad.es\/index.php\/wp-json\/wp\/v2\/posts\/6705\/revisions\/7072"}],"wp:featuredmedia":[{"embeddable":true,"href":"https:\/\/migrantesenigualdad.es\/index.php\/wp-json\/wp\/v2\/media\/6792"}],"wp:attachment":[{"href":"https:\/\/migrantesenigualdad.es\/index.php\/wp-json\/wp\/v2\/media?parent=6705"}],"wp:term":[{"taxonomy":"category","embeddable":true,"href":"https:\/\/migrantesenigualdad.es\/index.php\/wp-json\/wp\/v2\/categories?post=6705"},{"taxonomy":"post_tag","embeddable":true,"href":"https:\/\/migrantesenigualdad.es\/index.php\/wp-json\/wp\/v2\/tags?post=6705"}],"curies":[{"name":"wp","href":"https:\/\/api.w.org\/{rel}","templated":true}]}}