{"id":6684,"date":"2024-05-14T07:26:07","date_gmt":"2024-05-14T07:26:07","guid":{"rendered":"https:\/\/migrantesenigualdad.es\/?p=6684"},"modified":"2024-07-03T11:40:31","modified_gmt":"2024-07-03T09:40:31","slug":"informe-sobre-el-racismo-en-el-estado-espanol-limites-impactos-y-propuestas-frente-al-racismo-estructural","status":"publish","type":"post","link":"https:\/\/migrantesenigualdad.es\/index.php\/2024\/05\/14\/informe-sobre-el-racismo-en-el-estado-espanol-limites-impactos-y-propuestas-frente-al-racismo-estructural\/","title":{"rendered":"Informe sobre el racismo en el Estado espa\u00f1ol 2023 de la Federaci\u00f3n SOS Racismo"},"content":{"rendered":"<p style=\"text-align: justify;\">La Federaci\u00f3n SOS Racismo ha publicado su <em>Informe anual racismo en el Estado espa\u00f1ol de 2023<\/em>, coordinado por la investigadora Cecilia Themme Afan.<\/p>\n<p style=\"text-align: justify;\">El informe recoge un an\u00e1lisis estad\u00edstico de los casos sobre racismo, discriminaci\u00f3n, xenofobia y odio con lo que SOS Racismo ha trabajado a lo largo del a\u00f1o 2022 y se\u00f1ala que hay un aumento del 41,49 por ciento de casos respecto al a\u00f1o anterior sobre racismo, discriminaci\u00f3n, xenofobia y odio. Otra conclusi\u00f3n es que aumentan de forma importante los casos de agresiones y conflictos racistas, la limitaci\u00f3n en el acceso a prestaciones y servicios p\u00fablicos y privados, as\u00ed como la discriminaci\u00f3n laboral.<\/p>\n<p style=\"text-align: justify;\">Este informe recoge que, a lo largo del a\u00f1o 2022, SOS Racismo registr\u00f3 740 denuncias que marcan una tendencia alarmante en la persistencia de la discriminaci\u00f3n en nuestra sociedad. Estos datos, si bien no representan una imagen absoluta pues s\u00f3lo recoge los casos denunciados, arrojan luz sobre la magnitud del problema.<\/p>\n<p style=\"text-align: justify;\">El equipo de investigaci\u00f3n sostiene el an\u00e1lisis de las denuncias por tipos de discriminaci\u00f3n, desvela que el racismo institucional es el problema m\u00e1s acuciante, con un total de 250 casos registrados. Adem\u00e1s, identifica 126 situaciones relacionadas con la negaci\u00f3n de acceso a prestaciones y servicios p\u00fablicos.<\/p>\n<p style=\"text-align: justify;\">Si a esto se suma los 123 casos de denegaci\u00f3n de acceso a prestaciones y servicios privados, el informe concluye que queda constatado que tanto en lo p\u00fablico como en lo privado, se est\u00e1 restringiendo el acceso de las personas racializadas a servicios y prestaciones que deber\u00edan estar al alcance de todas las personas sin excepci\u00f3n.<\/p>\n<p style=\"text-align: justify;\">Por \u00faltimo, el informe hace menci\u00f3n de 19 casos de discurso de odio por parte de la extrema derecha como una forma de discriminaci\u00f3n racial.<\/p>\n<p style=\"text-align: justify;\">Este informe se centra en la infradenuncia, apunta la falta de cuantificaci\u00f3n de los incidentes racistas y la necesidad de aflorar esta problem\u00e1tica e intentar reducir esta cifra de infradenuncia existente. En ese sentido, profundiza en el an\u00e1lisis sobre las motivaciones y obst\u00e1culos para que una persona decida denunciar o no un incidente racista que ha vivido o vive o ha sido o es testigo.<\/p>\n<p style=\"text-align: justify;\">La primera fuente para la recopilaci\u00f3n y elaboraci\u00f3n, la constituyen las denuncias que se recogen y gestionan en las oficinas de informaci\u00f3n y denuncias de SOS Racismo. En tal sentido, el informe anual pretende ser una fotograf\u00eda de la discriminaci\u00f3n por motivos raciales y delitos de odio proporcionadas principalmente por las v\u00edctimas y testigos de estos actos racistas. Tambi\u00e9n se recogen casos y testimonios recopilados en la web de SOS Racismo.<\/p>\n<p style=\"text-align: justify;\"><strong>Para acceder al Informe sobre el racismo en el Estado espa\u00f1ol haz clic <a href=\"https:\/\/sosracismo.eu\/wp-content\/uploads\/2023\/12\/20231215-Informe-SOS-Racismo-2023.-Racismo-estructural.pdf\" target=\"_blank\" rel=\"noopener\">aqu\u00ed<\/a>.<\/strong><\/p>\n","protected":false},"excerpt":{"rendered":"<p>La Federaci\u00f3n SOS Racismo ha publicado su Informe anual racismo en el Estado espa\u00f1ol de 2023, coordinado por la investigadora Cecilia Themme Afan. El informe recoge un an\u00e1lisis estad\u00edstico de los casos sobre racismo, discriminaci\u00f3n, xenofobia y odio con lo que SOS Racismo ha trabajado a lo largo del a\u00f1o 2022 y se\u00f1ala que hay [&hellip;]<\/p>\n","protected":false},"author":1,"featured_media":6687,"comment_status":"open","ping_status":"closed","sticky":false,"template":"","format":"standard","meta":{"_et_pb_use_builder":"","_et_pb_old_content":"","_et_gb_content_width":"","_jetpack_newsletter_access":"","_jetpack_dont_email_post_to_subs":false,"_jetpack_newsletter_tier_id":0,"_jetpack_memberships_contains_paywalled_content":false,"_jetpack_feature_clip_id":0,"_jetpack_memberships_contains_paid_content":false,"footnotes":"","jetpack_post_was_ever_published":false},"categories":[251,173],"tags":[],"class_list":["post-6684","post","type-post","status-publish","format-standard","has-post-thumbnail","hentry","category-boletin-2-01-06-2024","category-informes"],"jetpack_sharing_enabled":true,"jetpack_featured_media_url":"https:\/\/i0.wp.com\/migrantesenigualdad.es\/wp-content\/uploads\/2024\/05\/Captura-de-pantalla-2024-05-14-092720.png?fit=628%2C438&ssl=1","post_mailing_queue_ids":[],"_links":{"self":[{"href":"https:\/\/migrantesenigualdad.es\/index.php\/wp-json\/wp\/v2\/posts\/6684","targetHints":{"allow":["GET"]}}],"collection":[{"href":"https:\/\/migrantesenigualdad.es\/index.php\/wp-json\/wp\/v2\/posts"}],"about":[{"href":"https:\/\/migrantesenigualdad.es\/index.php\/wp-json\/wp\/v2\/types\/post"}],"author":[{"embeddable":true,"href":"https:\/\/migrantesenigualdad.es\/index.php\/wp-json\/wp\/v2\/users\/1"}],"replies":[{"embeddable":true,"href":"https:\/\/migrantesenigualdad.es\/index.php\/wp-json\/wp\/v2\/comments?post=6684"}],"version-history":[{"count":9,"href":"https:\/\/migrantesenigualdad.es\/index.php\/wp-json\/wp\/v2\/posts\/6684\/revisions"}],"predecessor-version":[{"id":7067,"href":"https:\/\/migrantesenigualdad.es\/index.php\/wp-json\/wp\/v2\/posts\/6684\/revisions\/7067"}],"wp:featuredmedia":[{"embeddable":true,"href":"https:\/\/migrantesenigualdad.es\/index.php\/wp-json\/wp\/v2\/media\/6687"}],"wp:attachment":[{"href":"https:\/\/migrantesenigualdad.es\/index.php\/wp-json\/wp\/v2\/media?parent=6684"}],"wp:term":[{"taxonomy":"category","embeddable":true,"href":"https:\/\/migrantesenigualdad.es\/index.php\/wp-json\/wp\/v2\/categories?post=6684"},{"taxonomy":"post_tag","embeddable":true,"href":"https:\/\/migrantesenigualdad.es\/index.php\/wp-json\/wp\/v2\/tags?post=6684"}],"curies":[{"name":"wp","href":"https:\/\/api.w.org\/{rel}","templated":true}]}}