{"id":6673,"date":"2024-05-03T12:17:23","date_gmt":"2024-05-03T12:17:23","guid":{"rendered":"https:\/\/migrantesenigualdad.es\/?p=6673"},"modified":"2024-07-03T11:41:11","modified_gmt":"2024-07-03T09:41:11","slug":"informe-de-evolucion-de-los-delitos-de-odio-en-espana","status":"publish","type":"post","link":"https:\/\/migrantesenigualdad.es\/index.php\/2024\/05\/03\/informe-de-evolucion-de-los-delitos-de-odio-en-espana\/","title":{"rendered":"Informe sobre evoluci\u00f3n de los delitos de odio en Espa\u00f1a 2022 del Ministerio del Interior"},"content":{"rendered":"<p>Las Fuerzas y Cuerpos de Seguridad del Estado investigaron en 2022 un total de 1.869 infracciones penales e incidentes de odio en Espa\u00f1a, lo que supone un incremento del 3,7 por ciento respecto a 2021. As\u00ed se recoge en el <em>Informe sobre la evoluci\u00f3n de los delitos de odio en Espa\u00f1a 2022.<\/em><\/p>\n<p>El ministro del Interior, Fernando Grande-Marlaska, asegura que los delitos de odio constituyen \u00abun ataque frontal y directo\u00bb a los principios de libertad, respeto a la dignidad de las personas y a los derechos que constituyen el fundamento del Estado social y democr\u00e1tico de Derecho. \u00abActuar contra los delitos de odio ayuda a mejorar la convivencia de una sociedad multicultural, formada por personas diferentes y, como consecuencia directa, nos ayuda a vivir en una sociedad mejor\u00bb, ha se\u00f1alado.<\/p>\n<p><strong>Racismo y xenofobia, los delitos de odio m\u00e1s numerosos<\/strong><\/p>\n<p>Los delitos de odio por racismo y xenofobia, con 755 hechos, son los m\u00e1s numerosos y representan el 43,5 % de total de las denuncias. Le siguen los delitos de odio cometidos en los \u00e1mbitos de la orientaci\u00f3n sexual e identidad de g\u00e9nero (459 hechos), mientras que en tercer lugar se sit\u00faan los delitos de ideolog\u00eda (245 hechos).<\/p>\n<p>En cuanto a la variaci\u00f3n interanual, los delitos de odio por discriminaci\u00f3n por raz\u00f3n de sexo y g\u00e9nero son los que sufren un mayor incremento, un 76,6 % m\u00e1s que en 2021. Tambi\u00e9n destaca el ascenso de los delitos por aporofobia, que crecen un 70 %, y por antigitanismo, que se incrementan en un 22,2 %.<\/p>\n<p>En la comparativa con 2021 descienden significativamente los delitos por discriminaci\u00f3n generacional (57,1 %), por raz\u00f3n de enfermedad (47,6 %), por creencias o pr\u00e1cticas religiosas (25,4 %) y por ideolog\u00eda (24,8 %).<\/p>\n<p>En lo que se refiere a la tipolog\u00eda delictiva de estos hechos de odio, destacan en primer lugar las lesiones (423) y las amenazas (338), seguidas por las injurias (116) y los da\u00f1os (106).<\/p>\n<p>Por comunidades aut\u00f3nomas, Pa\u00eds Vasco concentra el mayor n\u00famero de denuncias (407), seguido de Catalu\u00f1a (253), Comunidad de Madrid (237) y Andaluc\u00eda (207).<\/p>\n<p><strong>Perfiles de v\u00edctimas e investigados y detenidos<\/strong><\/p>\n<p>El informe presentado se\u00f1ala que las Fuerzas de Seguridad del Estado esclarecieron en 2022 el 63 % de los hechos y detuvieron o investigaron a 838 personas.<\/p>\n<p>Los principales afectados por este tipo de delitos son personas del sexo masculino (59,4 %), mientras que el grupo de edad m\u00e1s afectado es el comprendido entre los 26 y los 40 a\u00f1os (31,3 %). Los menores de edad constituyen el 12,1 % del total de victimizaciones.<\/p>\n<p>En cuanto a la distribuci\u00f3n de las v\u00edctimas seg\u00fan su nacionalidad, el primer lugar lo ocupan las espa\u00f1olas, con el 60,9 % del total de victimizaciones registradas. Dentro del conjunto de las v\u00edctimas de nacionalidad extranjera, las procedentes de Marruecos registran el n\u00famero m\u00e1s elevado (9,9 %), por delante de Colombia (3,3 %) y Senegal (2,1 %).<\/p>\n<p>El n\u00famero de detenidos\/investigados por delitos e incidentes de odio asciende a 838 personas, en su mayor\u00eda de sexo masculino (79 %) y de edad comprendida entre 26 y 40 a\u00f1os, que representan el 27,6 % del total.<\/p>\n<p><strong>Para acceder al informe de evoluci\u00f3n de los delitos de odio en Espa\u00f1a 2022, haz clic <a href=\"https:\/\/migrantesenigualdad.es\/wp-content\/uploads\/2024\/05\/Informe_Evolucion_delitos_odio_2022.pdf\" target=\"_blank\" rel=\"noopener\">aqu\u00ed<\/a>.<\/strong><\/p>\n","protected":false},"excerpt":{"rendered":"<p>Las Fuerzas y Cuerpos de Seguridad del Estado investigaron en 2022 un total de 1.869 infracciones penales e incidentes de odio en Espa\u00f1a, lo que supone un incremento del 3,7 por ciento respecto a 2021. As\u00ed se recoge en el Informe sobre la evoluci\u00f3n de los delitos de odio en Espa\u00f1a 2022. El ministro del [&hellip;]<\/p>\n","protected":false},"author":1,"featured_media":6675,"comment_status":"open","ping_status":"closed","sticky":false,"template":"","format":"standard","meta":{"_et_pb_use_builder":"","_et_pb_old_content":"","_et_gb_content_width":"","_jetpack_newsletter_access":"","_jetpack_dont_email_post_to_subs":false,"_jetpack_newsletter_tier_id":0,"_jetpack_memberships_contains_paywalled_content":false,"_jetpack_feature_clip_id":0,"_jetpack_memberships_contains_paid_content":false,"footnotes":"","jetpack_post_was_ever_published":false},"categories":[251,173],"tags":[],"class_list":["post-6673","post","type-post","status-publish","format-standard","has-post-thumbnail","hentry","category-boletin-2-01-06-2024","category-informes"],"jetpack_sharing_enabled":true,"jetpack_featured_media_url":"https:\/\/i0.wp.com\/migrantesenigualdad.es\/wp-content\/uploads\/2024\/05\/Captura-de-pantalla-2024-05-03-141613.png?fit=784%2C661&ssl=1","post_mailing_queue_ids":[],"_links":{"self":[{"href":"https:\/\/migrantesenigualdad.es\/index.php\/wp-json\/wp\/v2\/posts\/6673","targetHints":{"allow":["GET"]}}],"collection":[{"href":"https:\/\/migrantesenigualdad.es\/index.php\/wp-json\/wp\/v2\/posts"}],"about":[{"href":"https:\/\/migrantesenigualdad.es\/index.php\/wp-json\/wp\/v2\/types\/post"}],"author":[{"embeddable":true,"href":"https:\/\/migrantesenigualdad.es\/index.php\/wp-json\/wp\/v2\/users\/1"}],"replies":[{"embeddable":true,"href":"https:\/\/migrantesenigualdad.es\/index.php\/wp-json\/wp\/v2\/comments?post=6673"}],"version-history":[{"count":10,"href":"https:\/\/migrantesenigualdad.es\/index.php\/wp-json\/wp\/v2\/posts\/6673\/revisions"}],"predecessor-version":[{"id":7071,"href":"https:\/\/migrantesenigualdad.es\/index.php\/wp-json\/wp\/v2\/posts\/6673\/revisions\/7071"}],"wp:featuredmedia":[{"embeddable":true,"href":"https:\/\/migrantesenigualdad.es\/index.php\/wp-json\/wp\/v2\/media\/6675"}],"wp:attachment":[{"href":"https:\/\/migrantesenigualdad.es\/index.php\/wp-json\/wp\/v2\/media?parent=6673"}],"wp:term":[{"taxonomy":"category","embeddable":true,"href":"https:\/\/migrantesenigualdad.es\/index.php\/wp-json\/wp\/v2\/categories?post=6673"},{"taxonomy":"post_tag","embeddable":true,"href":"https:\/\/migrantesenigualdad.es\/index.php\/wp-json\/wp\/v2\/tags?post=6673"}],"curies":[{"name":"wp","href":"https:\/\/api.w.org\/{rel}","templated":true}]}}