{"id":6638,"date":"2024-04-29T07:06:21","date_gmt":"2024-04-29T07:06:21","guid":{"rendered":"https:\/\/migrantesenigualdad.es\/?p=6638"},"modified":"2024-06-06T12:35:08","modified_gmt":"2024-06-06T10:35:08","slug":"yo-no-soy-racista-pero-en-ies-isla-verde","status":"publish","type":"post","link":"https:\/\/migrantesenigualdad.es\/index.php\/2024\/04\/29\/yo-no-soy-racista-pero-en-ies-isla-verde\/","title":{"rendered":"Yo no soy racista, pero&#8230;, en el Instituto de Educaci\u00f3n Secundaria Isla Verde"},"content":{"rendered":"<p style=\"text-align: justify;\">El pasado martes 16 de abril, los t\u00e9cnicos de nuestro proyecto, Migrantes en Igualdad, Rachida Gaoud y Stewart Mundini estuvieron en el Instituto de Educaci\u00f3n Secundaria Isla Verde de Algeciras, para impartir la sesi\u00f3n informativa \u201cYo no soy racista, pero\u2026\u201d cuyo objetivo es la\u00a0detecci\u00f3n y prevenci\u00f3n de incidentes y\/o delitos de odio<\/p>\n<p style=\"text-align: justify;\">La sesi\u00f3n informativa se imparti\u00f3 en un grupo de 2\u00ba de la ESO, los cuales esperaban con curiosidad el desarrollo de la actividad.<\/p>\n<p style=\"text-align: justify;\">El contenido de la sesi\u00f3n les result\u00f3 muy ameno y el alumnado presente fue muy participativo, y tom\u00f3 conciencia de lo importante que es estar alerta para no caer en actitudes racistas.<\/p>\n<p style=\"text-align: justify;\">Se les explic\u00f3 el proceso que lleva de la generalizaci\u00f3n a la discriminaci\u00f3n, y como pueden intervenir para combatirlo. De esta forma, Rachida Gaoud y Stewart Mundini pusieron de manifiesto la importancia de obtener una visi\u00f3n y sentido cr\u00edtico a la hora de luchar contra estereotipos y prejuicios.<\/p>\n<p style=\"text-align: justify;\">\u201cEs muy dif\u00edcil luchar contra el racismo\u201d dijo un alumno participante en el turno de preguntas posterior a la sesi\u00f3n informativa.<\/p>\n<p style=\"text-align: justify;\">\u201cEs muy dif\u00edcil, s\u00ed, pero que algo sea dif\u00edcil no es motivo suficiente para no intentarlo\u201d.<\/p>\n","protected":false},"excerpt":{"rendered":"<p>El pasado martes 16 de abril, los t\u00e9cnicos de nuestro proyecto, Migrantes en Igualdad, Rachida Gaoud y Stewart Mundini estuvieron en el Instituto de Educaci\u00f3n Secundaria Isla Verde de Algeciras, para impartir la sesi\u00f3n informativa \u201cYo no soy racista, pero\u2026\u201d cuyo objetivo es la\u00a0detecci\u00f3n y prevenci\u00f3n de incidentes y\/o delitos de odio La sesi\u00f3n informativa [&hellip;]<\/p>\n","protected":false},"author":2,"featured_media":6653,"comment_status":"open","ping_status":"closed","sticky":false,"template":"","format":"standard","meta":{"_et_pb_use_builder":"off","_et_pb_old_content":"","_et_gb_content_width":"","_jetpack_newsletter_access":"","_jetpack_dont_email_post_to_subs":false,"_jetpack_newsletter_tier_id":0,"_jetpack_memberships_contains_paywalled_content":false,"_jetpack_feature_clip_id":0,"_jetpack_memberships_contains_paid_content":false,"footnotes":"","jetpack_post_was_ever_published":false},"categories":[252,250],"tags":[],"class_list":["post-6638","post","type-post","status-publish","format-standard","has-post-thumbnail","hentry","category-boletin-1-01-05-2024","category-sesiones-informativas"],"jetpack_sharing_enabled":true,"jetpack_featured_media_url":"https:\/\/i0.wp.com\/migrantesenigualdad.es\/wp-content\/uploads\/2024\/04\/WhatsApp-Image-2024-04-16-at-14.48.27-e1714374297621.jpeg?fit=898%2C684&ssl=1","post_mailing_queue_ids":[],"_links":{"self":[{"href":"https:\/\/migrantesenigualdad.es\/index.php\/wp-json\/wp\/v2\/posts\/6638","targetHints":{"allow":["GET"]}}],"collection":[{"href":"https:\/\/migrantesenigualdad.es\/index.php\/wp-json\/wp\/v2\/posts"}],"about":[{"href":"https:\/\/migrantesenigualdad.es\/index.php\/wp-json\/wp\/v2\/types\/post"}],"author":[{"embeddable":true,"href":"https:\/\/migrantesenigualdad.es\/index.php\/wp-json\/wp\/v2\/users\/2"}],"replies":[{"embeddable":true,"href":"https:\/\/migrantesenigualdad.es\/index.php\/wp-json\/wp\/v2\/comments?post=6638"}],"version-history":[{"count":13,"href":"https:\/\/migrantesenigualdad.es\/index.php\/wp-json\/wp\/v2\/posts\/6638\/revisions"}],"predecessor-version":[{"id":6913,"href":"https:\/\/migrantesenigualdad.es\/index.php\/wp-json\/wp\/v2\/posts\/6638\/revisions\/6913"}],"wp:featuredmedia":[{"embeddable":true,"href":"https:\/\/migrantesenigualdad.es\/index.php\/wp-json\/wp\/v2\/media\/6653"}],"wp:attachment":[{"href":"https:\/\/migrantesenigualdad.es\/index.php\/wp-json\/wp\/v2\/media?parent=6638"}],"wp:term":[{"taxonomy":"category","embeddable":true,"href":"https:\/\/migrantesenigualdad.es\/index.php\/wp-json\/wp\/v2\/categories?post=6638"},{"taxonomy":"post_tag","embeddable":true,"href":"https:\/\/migrantesenigualdad.es\/index.php\/wp-json\/wp\/v2\/tags?post=6638"}],"curies":[{"name":"wp","href":"https:\/\/api.w.org\/{rel}","templated":true}]}}