{"id":6617,"date":"2024-04-29T06:48:07","date_gmt":"2024-04-29T06:48:07","guid":{"rendered":"https:\/\/migrantesenigualdad.es\/?p=6617"},"modified":"2024-07-03T11:40:27","modified_gmt":"2024-07-03T09:40:27","slug":"6617","status":"publish","type":"post","link":"https:\/\/migrantesenigualdad.es\/index.php\/2024\/04\/29\/6617\/","title":{"rendered":"Igualdad de trato y no discriminaci\u00f3n, en tres centros de la fundaci\u00f3n SAMU"},"content":{"rendered":"<p style=\"text-align: justify;\">Los pasados d\u00edas 1, 8 y 15 de abril, nuestras compa\u00f1eras Carmen Mateos y Rachida Gaoud acudieron al centro Residencial B\u00e1sico \u201cEl Bosque\u201d, en Pelayo, y los Centros de Inserci\u00f3n Socio Laboral \u201cRuiz Tagle\u201d en Algeciras, y \u201cCortijo Jimena\u201d en Jimena, de la Fundaci\u00f3n SAMU, para impartir la sesi\u00f3n Informativa sobre \u201cIgualdad de trato y no discriminaci\u00f3n\u201d.<\/p>\n<p style=\"text-align: justify;\">Entre las din\u00e1micas llevadas a cabo, una de ellas\u00a0 consisti\u00f3 en ordenar en funci\u00f3n de su gravedad y seg\u00fan el propio criterio de los asistentes, diferentes tarjetas con situaciones de discriminaci\u00f3n. Esta din\u00e1mica puso de manifiesto la disparidad de criterios que existen, no ya entre diferentes culturas, sino entre diferentes personas.<\/p>\n<p style=\"text-align: justify;\">Fue muy interesante comprobar c\u00f3mo, situaciones que para algunos\/as no ten\u00edan casi importancia, para otros\/as eran pr\u00e1cticamente intolerables.<\/p>\n<p style=\"text-align: justify;\">Otra din\u00e1mica desarrollada por las compa\u00f1eras Carmen Mateos y Rachida Gaoud, consisti\u00f3 en la proyecci\u00f3n de im\u00e1genes ambiguas para que las observaran y trataran de ponerse de acuerdo sobre lo que representaban, este taller ense\u00f1aba c\u00f3mo la realidad est\u00e1 determinada con la propia percepci\u00f3n y por lo tanto puede ser muy subjetiva.<\/p>\n<p style=\"text-align: justify;\">Uno de los objetivos primordiales de la sesi\u00f3n fue inculcar el valor de la empat\u00eda, y el respeto independientemente de la actitud de quien tengamos enfrente.<\/p>\n","protected":false},"excerpt":{"rendered":"<p>Los pasados d\u00edas 1, 8 y 15 de abril, nuestras compa\u00f1eras Carmen Mateos y Rachida Gaoud acudieron al centro Residencial B\u00e1sico \u201cEl Bosque\u201d, en Pelayo, y los Centros de Inserci\u00f3n Socio Laboral \u201cRuiz Tagle\u201d en Algeciras, y \u201cCortijo Jimena\u201d en Jimena, de la Fundaci\u00f3n SAMU, para impartir la sesi\u00f3n Informativa sobre \u201cIgualdad de trato y [&hellip;]<\/p>\n","protected":false},"author":2,"featured_media":6625,"comment_status":"open","ping_status":"closed","sticky":false,"template":"","format":"standard","meta":{"_et_pb_use_builder":"off","_et_pb_old_content":"","_et_gb_content_width":"","_jetpack_newsletter_access":"","_jetpack_dont_email_post_to_subs":false,"_jetpack_newsletter_tier_id":0,"_jetpack_memberships_contains_paywalled_content":false,"_jetpack_feature_clip_id":0,"_jetpack_memberships_contains_paid_content":false,"footnotes":"","jetpack_post_was_ever_published":false},"categories":[252,250],"tags":[],"class_list":["post-6617","post","type-post","status-publish","format-standard","has-post-thumbnail","hentry","category-boletin-1-01-05-2024","category-sesiones-informativas"],"jetpack_sharing_enabled":true,"jetpack_featured_media_url":"https:\/\/i0.wp.com\/migrantesenigualdad.es\/wp-content\/uploads\/2024\/04\/bosque8.jpg?fit=2000%2C1500&ssl=1","post_mailing_queue_ids":[],"_links":{"self":[{"href":"https:\/\/migrantesenigualdad.es\/index.php\/wp-json\/wp\/v2\/posts\/6617","targetHints":{"allow":["GET"]}}],"collection":[{"href":"https:\/\/migrantesenigualdad.es\/index.php\/wp-json\/wp\/v2\/posts"}],"about":[{"href":"https:\/\/migrantesenigualdad.es\/index.php\/wp-json\/wp\/v2\/types\/post"}],"author":[{"embeddable":true,"href":"https:\/\/migrantesenigualdad.es\/index.php\/wp-json\/wp\/v2\/users\/2"}],"replies":[{"embeddable":true,"href":"https:\/\/migrantesenigualdad.es\/index.php\/wp-json\/wp\/v2\/comments?post=6617"}],"version-history":[{"count":17,"href":"https:\/\/migrantesenigualdad.es\/index.php\/wp-json\/wp\/v2\/posts\/6617\/revisions"}],"predecessor-version":[{"id":7066,"href":"https:\/\/migrantesenigualdad.es\/index.php\/wp-json\/wp\/v2\/posts\/6617\/revisions\/7066"}],"wp:featuredmedia":[{"embeddable":true,"href":"https:\/\/migrantesenigualdad.es\/index.php\/wp-json\/wp\/v2\/media\/6625"}],"wp:attachment":[{"href":"https:\/\/migrantesenigualdad.es\/index.php\/wp-json\/wp\/v2\/media?parent=6617"}],"wp:term":[{"taxonomy":"category","embeddable":true,"href":"https:\/\/migrantesenigualdad.es\/index.php\/wp-json\/wp\/v2\/categories?post=6617"},{"taxonomy":"post_tag","embeddable":true,"href":"https:\/\/migrantesenigualdad.es\/index.php\/wp-json\/wp\/v2\/tags?post=6617"}],"curies":[{"name":"wp","href":"https:\/\/api.w.org\/{rel}","templated":true}]}}