{"id":6600,"date":"2024-04-26T10:15:46","date_gmt":"2024-04-26T10:15:46","guid":{"rendered":"https:\/\/migrantesenigualdad.es\/?p=6600"},"modified":"2024-07-03T11:40:52","modified_gmt":"2024-07-03T09:40:52","slug":"racismo-xenofobia-y-otras-formas-de-intolerancia-asociadas-en-el-centro-educativo-de-personas-adultas-edrissis","status":"publish","type":"post","link":"https:\/\/migrantesenigualdad.es\/index.php\/2024\/04\/26\/racismo-xenofobia-y-otras-formas-de-intolerancia-asociadas-en-el-centro-educativo-de-personas-adultas-edrissis\/","title":{"rendered":"Racismo, xenofobia y otras formas de intolerancia asociadas, en el centro educativo de personas adultas Edrissis"},"content":{"rendered":"<p style=\"text-align: justify;\">El pasado 23 de abril, Marian el Hammani y Stewart Mundini, compa\u00f1eros de nuestro proyecto estuvieron en el Centro Educativo de Personas Adultas Edrissis de Ceuta para impartir a un numeroso grupo de alumnos\/as, la Sesi\u00f3n Informativa sobre identificaci\u00f3n de conceptos b\u00e1sicos \u201cRacismo, xenofobia y otras formas de intolerancia asociadas\u201d<\/p>\n<p style=\"text-align: justify;\">Pese a que la tem\u00e1tica pod\u00eda ser complicada, ya que estas personas eran, en su mayor\u00eda, mujeres musulmanas y de origen marroqu\u00ed, Stewart Mundini y Mariam el Hammani, lograron establecer r\u00e1pidamente una conexi\u00f3n con las\/os asistentes, por lo que la sesi\u00f3n se desarroll\u00f3 en un ambiente distendido, y se logr\u00f3 un alto nivel de participaci\u00f3n.<\/p>\n<p style=\"text-align: justify;\">Tanto el alumnado como el equipo docente presente en el aula, participaron aportando sus experiencias y opiniones, logrando que la experiencia fuera enriquecedora para todas\/os.<\/p>\n","protected":false},"excerpt":{"rendered":"<p>El pasado 23 de abril, Marian el Hammani y Stewart Mundini, compa\u00f1eros de nuestro proyecto estuvieron en el Centro Educativo de Personas Adultas Edrissis de Ceuta para impartir a un numeroso grupo de alumnos\/as, la Sesi\u00f3n Informativa sobre identificaci\u00f3n de conceptos b\u00e1sicos \u201cRacismo, xenofobia y otras formas de intolerancia asociadas\u201d Pese a que la tem\u00e1tica [&hellip;]<\/p>\n","protected":false},"author":2,"featured_media":6604,"comment_status":"open","ping_status":"closed","sticky":false,"template":"","format":"standard","meta":{"_et_pb_use_builder":"off","_et_pb_old_content":"","_et_gb_content_width":"","_jetpack_newsletter_access":"","_jetpack_dont_email_post_to_subs":false,"_jetpack_newsletter_tier_id":0,"_jetpack_memberships_contains_paywalled_content":false,"_jetpack_feature_clip_id":0,"_jetpack_memberships_contains_paid_content":false,"footnotes":"","jetpack_post_was_ever_published":false},"categories":[252,250],"tags":[],"class_list":["post-6600","post","type-post","status-publish","format-standard","has-post-thumbnail","hentry","category-boletin-1-01-05-2024","category-sesiones-informativas"],"jetpack_sharing_enabled":true,"jetpack_featured_media_url":"https:\/\/i0.wp.com\/migrantesenigualdad.es\/wp-content\/uploads\/2024\/04\/WhatsApp-Image-2024-04-23-at-21.08.36.jpeg?fit=1200%2C1600&ssl=1","post_mailing_queue_ids":[],"_links":{"self":[{"href":"https:\/\/migrantesenigualdad.es\/index.php\/wp-json\/wp\/v2\/posts\/6600","targetHints":{"allow":["GET"]}}],"collection":[{"href":"https:\/\/migrantesenigualdad.es\/index.php\/wp-json\/wp\/v2\/posts"}],"about":[{"href":"https:\/\/migrantesenigualdad.es\/index.php\/wp-json\/wp\/v2\/types\/post"}],"author":[{"embeddable":true,"href":"https:\/\/migrantesenigualdad.es\/index.php\/wp-json\/wp\/v2\/users\/2"}],"replies":[{"embeddable":true,"href":"https:\/\/migrantesenigualdad.es\/index.php\/wp-json\/wp\/v2\/comments?post=6600"}],"version-history":[{"count":18,"href":"https:\/\/migrantesenigualdad.es\/index.php\/wp-json\/wp\/v2\/posts\/6600\/revisions"}],"predecessor-version":[{"id":7070,"href":"https:\/\/migrantesenigualdad.es\/index.php\/wp-json\/wp\/v2\/posts\/6600\/revisions\/7070"}],"wp:featuredmedia":[{"embeddable":true,"href":"https:\/\/migrantesenigualdad.es\/index.php\/wp-json\/wp\/v2\/media\/6604"}],"wp:attachment":[{"href":"https:\/\/migrantesenigualdad.es\/index.php\/wp-json\/wp\/v2\/media?parent=6600"}],"wp:term":[{"taxonomy":"category","embeddable":true,"href":"https:\/\/migrantesenigualdad.es\/index.php\/wp-json\/wp\/v2\/categories?post=6600"},{"taxonomy":"post_tag","embeddable":true,"href":"https:\/\/migrantesenigualdad.es\/index.php\/wp-json\/wp\/v2\/tags?post=6600"}],"curies":[{"name":"wp","href":"https:\/\/api.w.org\/{rel}","templated":true}]}}