{"id":6476,"date":"2024-04-08T08:50:36","date_gmt":"2024-04-08T08:50:36","guid":{"rendered":"https:\/\/migrantesenigualdad.es\/?p=6476"},"modified":"2024-06-03T12:28:55","modified_gmt":"2024-06-03T12:28:55","slug":"21-de-marzo","status":"publish","type":"post","link":"https:\/\/migrantesenigualdad.es\/index.php\/2024\/04\/08\/21-de-marzo\/","title":{"rendered":"21 de marzo"},"content":{"rendered":"<p>[et_pb_section fb_built=\u00bb1&#8243; admin_label=\u00bbsection\u00bb _builder_version=\u00bb4.16&#8243; global_colors_info=\u00bb{}\u00bb][et_pb_row admin_label=\u00bbrow\u00bb _builder_version=\u00bb4.24.2&#8243; background_size=\u00bbinitial\u00bb background_position=\u00bbtop_left\u00bb background_repeat=\u00bbrepeat\u00bb global_colors_info=\u00bb{}\u00bb][et_pb_column type=\u00bb4_4&#8243; _builder_version=\u00bb4.16&#8243; custom_padding=\u00bb|||\u00bb global_colors_info=\u00bb{}\u00bb custom_padding__hover=\u00bb|||\u00bb][et_pb_text admin_label=\u00bbText\u00bb _builder_version=\u00bb4.24.2&#8243; background_size=\u00bbinitial\u00bb background_position=\u00bbtop_left\u00bb background_repeat=\u00bbrepeat\u00bb global_colors_info=\u00bb{}\u00bb]<\/p>\n<p>El pasado 21 de marzo Se celebr\u00f3 el d\u00eda Internacional para la Eliminaci\u00f3n de la Discriminaci\u00f3n Racial, y nosotros lo celebramos desplaz\u00e1ndonos a Jimena de la Frontera a instalar un stand informativo sobre nuestro proyecto de apoyo a personas migrantes v\u00edctimas o potenciales v\u00edctimas de delitos de odio por motivaci\u00f3n racista, xen\u00f3foba o intolerancia asociada. A lo largo de la jornada se acercaron al stand varias personas de distintas nacionalidades a interesarse por nuestra actividad.<\/p>\n<p>[\/et_pb_text][et_pb_gallery gallery_ids=\u00bb6333,6525,6526,6527,6528,6529,6530&#8243; admin_label=\u00bbGaler\u00eda\u00bb _builder_version=\u00bb4.24.2&#8243; _module_preset=\u00bbdefault\u00bb animation_style=\u00bbslide\u00bb global_colors_info=\u00bb{}\u00bb][\/et_pb_gallery][\/et_pb_column][\/et_pb_row][et_pb_row _builder_version=\u00bb4.24.2&#8243; _module_preset=\u00bbdefault\u00bb global_colors_info=\u00bb{}\u00bb][et_pb_column type=\u00bb4_4&#8243; _builder_version=\u00bb4.24.2&#8243; _module_preset=\u00bbdefault\u00bb global_colors_info=\u00bb{}\u00bb][et_pb_text _builder_version=\u00bb4.24.2&#8243; _module_preset=\u00bbdefault\u00bb global_colors_info=\u00bb{}\u00bb]<\/p>\n<p>Por otro lado, tambi\u00e9n con motivo de la conmemoraci\u00f3n del D\u00eda Internacional para la Eliminaci\u00f3n de la Discriminaci\u00f3n Racial, publicamos el siguiente manifiesto, donde establecemos los compromisos de nuestro programa de apoyo a personas migrantes.<\/p>\n<p>[\/et_pb_text][et_pb_image src=\u00bbhttps:\/\/migrantesenigualdad.es\/wp-content\/uploads\/2024\/04\/MANIFIESTO-POR-EL-DIA-INTERNACIONAL-DE-LA-ELIMINACION-DE-LA-DISCRIMINACION-RACIAL-1.jpg\u00bb title_text=\u00bbMANIFIESTO-POR-EL-DIA-INTERNACIONAL-DE-LA-ELIMINACION-DE-LA-DISCRIMINACION-RACIAL\u00bb _builder_version=\u00bb4.24.2&#8243; _module_preset=\u00bbdefault\u00bb global_colors_info=\u00bb{}\u00bb][\/et_pb_image][\/et_pb_column][\/et_pb_row][\/et_pb_section]<\/p>\n","protected":false},"excerpt":{"rendered":"<p>D\u00eda Internacional para la Eliminaci\u00f3n de la Discriminaci\u00f3n Racial<\/p>\n","protected":false},"author":2,"featured_media":6481,"comment_status":"open","ping_status":"closed","sticky":false,"template":"","format":"standard","meta":{"_et_pb_use_builder":"on","_et_pb_old_content":"<p>El pasado 21 de marzo Se celebr\u00f3 el d\u00eda Internacional para la Eliminaci\u00f3n de la Discriminaci\u00f3n Racial, y nosotros lo celebramos desplaz\u00e1ndonos a Jimena de la Frontera a instalar un stand informativo sobre nuestro proyecto de apoyo a personas migrantes v\u00edctimas o potenciales v\u00edctimas de delitos de odio por motivaci\u00f3n racista, xen\u00f3foba o intolerancia asociada. A lo largo de la jornada se acercaron al stand varias personas de distintas nacionalidades a interesarse por nuestra actividad.<img class=\"wp-image-6477 alignleft\" src=\"https:\/\/migrantesenigualdad.es\/wp-content\/uploads\/2024\/04\/WhatsApp-Image-2024-04-05-at-11.12.40-1-300x225.jpeg\" alt=\"\" width=\"371\" height=\"278\" \/><\/p><p><img class=\"alignnone wp-image-6478\" src=\"https:\/\/migrantesenigualdad.es\/wp-content\/uploads\/2024\/04\/WhatsApp-Image-2024-04-03-at-11.53.23-300x225.jpeg\" alt=\"\" width=\"368\" height=\"276\" \/><\/p><p><br \/><img class=\" wp-image-6483 aligncenter\" src=\"https:\/\/migrantesenigualdad.es\/wp-content\/uploads\/2024\/04\/MANIFIESTO-POR-EL-DIA-INTERNACIONAL-DE-LA-ELIMINACION-DE-LA-DISCRIMINACION-RACIAL-1-212x300.jpg\" alt=\"\" width=\"672\" height=\"951\" \/><\/p>","_et_gb_content_width":"","_jetpack_newsletter_access":"","_jetpack_dont_email_post_to_subs":false,"_jetpack_newsletter_tier_id":0,"_jetpack_memberships_contains_paywalled_content":false,"_jetpack_feature_clip_id":0,"_jetpack_memberships_contains_paid_content":false,"footnotes":"","jetpack_post_was_ever_published":false},"categories":[246,249],"tags":[],"class_list":["post-6476","post","type-post","status-publish","format-standard","has-post-thumbnail","hentry","category-conmemoraciones","category-informacion-en-calle"],"jetpack_sharing_enabled":true,"jetpack_featured_media_url":"https:\/\/i0.wp.com\/migrantesenigualdad.es\/wp-content\/uploads\/2024\/04\/MANIFIESTO-POR-EL-DIA-INTERNACIONAL-DE-LA-ELIMINACION-DE-LA-DISCRIMINACION-RACIAL-e1712314280233.jpg?fit=730%2C311&ssl=1","post_mailing_queue_ids":[],"_links":{"self":[{"href":"https:\/\/migrantesenigualdad.es\/index.php\/wp-json\/wp\/v2\/posts\/6476","targetHints":{"allow":["GET"]}}],"collection":[{"href":"https:\/\/migrantesenigualdad.es\/index.php\/wp-json\/wp\/v2\/posts"}],"about":[{"href":"https:\/\/migrantesenigualdad.es\/index.php\/wp-json\/wp\/v2\/types\/post"}],"author":[{"embeddable":true,"href":"https:\/\/migrantesenigualdad.es\/index.php\/wp-json\/wp\/v2\/users\/2"}],"replies":[{"embeddable":true,"href":"https:\/\/migrantesenigualdad.es\/index.php\/wp-json\/wp\/v2\/comments?post=6476"}],"version-history":[{"count":15,"href":"https:\/\/migrantesenigualdad.es\/index.php\/wp-json\/wp\/v2\/posts\/6476\/revisions"}],"predecessor-version":[{"id":6536,"href":"https:\/\/migrantesenigualdad.es\/index.php\/wp-json\/wp\/v2\/posts\/6476\/revisions\/6536"}],"wp:featuredmedia":[{"embeddable":true,"href":"https:\/\/migrantesenigualdad.es\/index.php\/wp-json\/wp\/v2\/media\/6481"}],"wp:attachment":[{"href":"https:\/\/migrantesenigualdad.es\/index.php\/wp-json\/wp\/v2\/media?parent=6476"}],"wp:term":[{"taxonomy":"category","embeddable":true,"href":"https:\/\/migrantesenigualdad.es\/index.php\/wp-json\/wp\/v2\/categories?post=6476"},{"taxonomy":"post_tag","embeddable":true,"href":"https:\/\/migrantesenigualdad.es\/index.php\/wp-json\/wp\/v2\/tags?post=6476"}],"curies":[{"name":"wp","href":"https:\/\/api.w.org\/{rel}","templated":true}]}}