{"id":646,"date":"2021-03-31T14:15:38","date_gmt":"2021-03-31T14:15:38","guid":{"rendered":"https:\/\/migrantesenigualdad.es\/?p=646"},"modified":"2022-06-17T08:22:18","modified_gmt":"2022-06-17T08:22:18","slug":"estereotipos-sociales","status":"publish","type":"post","link":"https:\/\/migrantesenigualdad.es\/index.php\/2021\/03\/31\/estereotipos-sociales\/","title":{"rendered":"Estereotipos sociales (I)"},"content":{"rendered":"<p>[et_pb_section fb_built=\u00bb1&#8243; _builder_version=\u00bb3.22&#8243; custom_padding=\u00bb0px|||||\u00bb][et_pb_row _builder_version=\u00bb4.2.2&#8243; background_size=\u00bbinitial\u00bb background_position=\u00bbtop_left\u00bb background_repeat=\u00bbrepeat\u00bb custom_margin=\u00bb|auto|-42px|auto||\u00bb custom_padding=\u00bb0px|||||\u00bb][et_pb_column type=\u00bb4_4&#8243; _builder_version=\u00bb3.25&#8243; custom_padding=\u00bb|||\u00bb custom_padding__hover=\u00bb|||\u00bb][et_pb_text _builder_version=\u00bb4.2.2&#8243; background_size=\u00bbinitial\u00bb background_position=\u00bbtop_left\u00bb background_repeat=\u00bbrepeat\u00bb inline_fonts=\u00bbAbril Fatface,Abel,Aleo\u00bb]<\/p>\n<blockquote>\n<p style=\"text-align: justify;\"><span style=\"font-family: inherit; font-size: large; font-weight: normal;\">Un <span style=\"font-family: Abril Fatface; font-size: x-large;\">estereotipo<\/span> es, seg\u00fan el Diccionario de la Real Academia, una <span style=\"font-family: Abril Fatface; font-size: x-large;\">imagen o idea aceptada com\u00fanmente por un grupo o sociedad con car\u00e1cter inmutable<\/span>. Una imagen o idea aceptada por la sociedad nos ayuda a pensar, a clasificar, a entender el mundo. El problema viene en la \u00faltima parte de la definici\u00f3n: su car\u00e1cter inmutable, es decir, que no cambia.\u00a0<\/span><span style=\"font-size: large;\"><br \/>\n<\/span><\/p>\n<\/blockquote>\n<p>[\/et_pb_text][\/et_pb_column][\/et_pb_row][et_pb_row _builder_version=\u00bb4.2.2&#8243; background_size=\u00bbinitial\u00bb background_position=\u00bbtop_left\u00bb background_repeat=\u00bbrepeat\u00bb custom_padding=\u00bb||0px|||\u00bb][et_pb_column type=\u00bb4_4&#8243; _builder_version=\u00bb3.25&#8243; custom_padding=\u00bb|||\u00bb custom_padding__hover=\u00bb|||\u00bb][et_pb_text _builder_version=\u00bb4.2.2&#8243; text_font=\u00bb||||||||\u00bb header_text_color=\u00bb#0c71c3&#8243; header_2_font=\u00bb|700|||||||\u00bb header_2_text_align=\u00bbleft\u00bb header_2_text_color=\u00bb#e0b8ff\u00bb header_2_line_height=\u00bb1.1em\u00bb header_3_font=\u00bb|600|||||||\u00bb header_3_text_color=\u00bb#0da0c5&#8243; width=\u00bb100%\u00bb module_alignment=\u00bbcenter\u00bb inline_fonts=\u00bbFredericka the Great,Annie Use Your Telescope\u00bb]<\/p>\n<h2 style=\"text-align: right;\"><span style=\"font-family: Fredericka the Great; font-weight: normal; font-size: xx-large; color: #8300e9;\">Un <\/span><span style=\"font-size: xx-large; color: #00bfea;\"><strong><span style=\"font-family: Annie Use Your Telescope;\">estereotipo <\/span><\/strong><\/span><span style=\"font-family: Fredericka the Great; font-weight: normal; font-size: xx-large; color: #8300e9;\">es la imagen fija <\/span><\/h2>\n<h2 style=\"text-align: right;\"><span style=\"font-family: Fredericka the Great; font-weight: normal; font-size: xx-large; color: #8300e9;\">de una realidad cambiante. <\/span><\/h2>\n<h3><\/h3>\n<p>[\/et_pb_text][\/et_pb_column][\/et_pb_row][et_pb_row _builder_version=\u00bb4.2.2&#8243; custom_padding=\u00bb||0px|||\u00bb][et_pb_column type=\u00bb4_4&#8243; _builder_version=\u00bb4.2.2&#8243;][et_pb_text _builder_version=\u00bb4.2.2&#8243; inline_fonts=\u00bbAbril Fatface\u00bb]<\/p>\n<p style=\"text-align: justify;\"><span style=\"font-size: large;\">Es como hacer una foto a un cuerpo en movimiento. Es limitar la realidad. \u00bfCu\u00e1ntas veces hab\u00e9is o\u00eddo que la gente andaluza es graciosa? Si eres de Andaluc\u00eda y te lo dicen, puedes hasta sentirte orgulloso\/a. Pero, \u00bfy cu\u00e1ndo dicen que es floja? \u00bfo que no sabe hablar? Entonces no le vemos la gracia por ninguna parte. Eso es una foto borrosa e interesada de la realidad que con frecuencia crea un prejuicio y conlleva una discriminaci\u00f3n.\u00a0<\/span><\/p>\n<p>[\/et_pb_text][\/et_pb_column][\/et_pb_row][et_pb_row column_structure=\u00bb1_2,1_2&#8243; _builder_version=\u00bb4.2.2&#8243; custom_padding=\u00bb||0px|||\u00bb][et_pb_column type=\u00bb1_2&#8243; _builder_version=\u00bb4.2.2&#8243;][et_pb_image src=\u00bbhttps:\/\/migrantesenigualdad.es\/wp-content\/uploads\/2021\/03\/gif-arbol.gif\u00bb _builder_version=\u00bb4.2.2&#8243; transform_scale=\u00bb80%|80%\u00bb][\/et_pb_image][\/et_pb_column][et_pb_column type=\u00bb1_2&#8243; _builder_version=\u00bb4.2.2&#8243;][et_pb_image src=\u00bbhttps:\/\/migrantesenigualdad.es\/wp-content\/uploads\/2021\/03\/gif-hoja-1.gif\u00bb _builder_version=\u00bb4.2.2&#8243;][\/et_pb_image][\/et_pb_column][\/et_pb_row][et_pb_row _builder_version=\u00bb4.2.2&#8243; min_height=\u00bb660.3px\u00bb][et_pb_column type=\u00bb4_4&#8243; _builder_version=\u00bb4.2.2&#8243;][et_pb_text _builder_version=\u00bb4.2.2&#8243; custom_padding=\u00bb6px||0px|||\u00bb inline_fonts=\u00bbAbril Fatface\u00bb]<\/p>\n<p style=\"text-align: justify;\"><span style=\"font-size: x-large; font-family: Abril Fatface; font-weight: normal;\"><strong>\u00bfC\u00f3mo llegamos a los estereotipos?<br \/>\n<\/strong><\/span><\/p>\n<p style=\"text-align: justify;\"><span style=\"font-size: large;\">Los estereotipos se aprenden a trav\u00e9s del proceso de <span style=\"font-family: Abril Fatface; font-weight: normal; font-size: x-large;\">socializaci\u00f3n<\/span> por el que aprendemos las normas y los valores de la sociedad en la que vivimos. Su transmisi\u00f3n se hace generalmente en la familia, la escuela y los medios de comunicaci\u00f3n. <\/span><\/p>\n<p style=\"text-align: justify;\"><span style=\"font-size: large;\">Los estereotipos tienen una funci\u00f3n muy importante para la socializaci\u00f3n de las personas: facilitan la <span style=\"font-family: Abril Fatface; font-weight: normal; font-size: x-large;\">identidad<\/span> social, la conciencia de <span style=\"font-family: Abril Fatface; font-weight: normal; font-size: x-large;\">pertenecer a un grupo social<\/span> y permanecer integrado en \u00e9l.<\/span><\/p>\n<p>&nbsp;<br \/>\n[\/et_pb_text][et_pb_image src=\u00bbhttps:\/\/migrantesenigualdad.es\/wp-content\/uploads\/2021\/03\/pertenencia.jpg\u00bb align=\u00bbcenter\u00bb _builder_version=\u00bb4.2.2&#8243;][\/et_pb_image][\/et_pb_column][\/et_pb_row][et_pb_row column_structure=\u00bb1_2,1_2&#8243; _builder_version=\u00bb4.2.2&#8243;][et_pb_column type=\u00bb1_2&#8243; _builder_version=\u00bb4.2.2&#8243;][et_pb_text _builder_version=\u00bb4.2.2&#8243; inline_fonts=\u00bbAbril Fatface\u00bb]<\/p>\n<p style=\"text-align: justify;\"><span style=\"font-size: large;\">Una de las formas en que los estereotipos se forman y permanecen es lo que se ha llamado <span style=\"font-family: Abril Fatface; font-weight: normal; font-size: x-large;\">correlaci\u00f3n ilusoria<\/span>: percibimos una relaci\u00f3n entre personas, acontecimientos o comportamientos <span style=\"font-family: Abril Fatface; font-weight: normal; font-size: x-large;\">incluso cuando tal relaci\u00f3n no existe<\/span>. Este fen\u00f3meno puede llevar a las personas a esperar que ciertas personas posean ciertas caracter\u00edsticas, y por lo mismo, a <span style=\"font-family: Abril Fatface; font-weight: normal; font-size: x-large;\">exagerar la frecuencia<\/span> con que esto ocurre en realidad, especialmente en el caso de acontecimientos chocantes, extra\u00f1os o recientes que nos llaman m\u00e1s la atenci\u00f3n y son m\u00e1s f\u00e1ciles de recordar.<\/span><\/p>\n<p><span style=\"font-size: large;\"><span style=\"font-family: Abril Fatface; font-weight: normal; font-size: x-large;\">Por ejemplo<\/span>:<\/span><\/p>\n<p><span style=\"font-size: large;\">Si leemos una noticia que nos cuenta que una persona gitana ha cometido un robo, pensamos que todas las personas gitanas roban.<\/span><span style=\"font-size: large;\">\u00a0<\/span><br \/>\n[\/et_pb_text][\/et_pb_column][et_pb_column type=\u00bb1_2&#8243; _builder_version=\u00bb4.2.2&#8243;][et_pb_text _builder_version=\u00bb4.2.2&#8243; inline_fonts=\u00bbAbril Fatface\u00bb]<\/p>\n<p style=\"text-align: justify;\"><span style=\"font-size: large;\">Normalmente, aplicamos la correlaci\u00f3n ilusoria a <span style=\"font-family: Abril Fatface; font-weight: normal; font-size: x-large;\">comportamientos negativos<\/span>, y no a los positivos, y a las personas de los <span style=\"font-size: x-large; font-family: Abril Fatface;\">grupos ajenos<\/span> y no a las del propio. Pensamos que son frecuentes en los grupos ajenos conductas que no lo son.<\/span><\/p>\n<p style=\"text-align: justify;\">\n<p style=\"text-align: justify;\"><span style=\"font-size: large;\"><span style=\"font-family: Abril Fatface; font-weight: normal; font-size: x-large;\">Por ejemplo<\/span>:<\/span><\/p>\n<p style=\"text-align: justify;\"><span style=\"font-size: large;\">En un pa\u00eds predominantemente blanco se recordar\u00e1n m\u00e1s f\u00e1cilmente las conductas antisociales cometidas por personas negras o \u00e1rabes que las cometidas por personas blancas, aunque sean proporcionalmente id\u00e9nticas. En este caso, la correlaci\u00f3n ilusoria est\u00e1 en establecer una asociaci\u00f3n entre color de piel y delincuencia, algo terriblemente habitual.<\/span><\/p>\n<p><span style=\"font-size: large;\">\u00a0<\/span><\/p>\n<p>[\/et_pb_text][\/et_pb_column][\/et_pb_row][et_pb_row column_structure=\u00bb1_2,1_2&#8243; _builder_version=\u00bb4.2.2&#8243;][et_pb_column type=\u00bb1_2&#8243; _builder_version=\u00bb4.2.2&#8243;][et_pb_image src=\u00bbhttps:\/\/migrantesenigualdad.es\/wp-content\/uploads\/2021\/03\/hechos_creencias.jpg\u00bb alt=\u00bbImagen extra\u00edda de: https:\/\/www.danielcolombo.com\/que-son-los-sesgos-cognitivos-y-atajos-mentales-y-como-te-manipulan-por-daniel-colombo\/\u00bb title_text=\u00bbImagen extra\u00edda de: https:\/\/www.danielcolombo.com\/que-son-los-sesgos-cognitivos-y-atajos-mentales-y-como-te-manipulan-por-daniel-colombo\/\u00bb url=\u00bbhttps:\/\/www.danielcolombo.com\/que-son-los-sesgos-cognitivos-y-atajos-mentales-y-como-te-manipulan-por-daniel-colombo\/\u00bb admin_label=\u00bbImagen extra\u00edda de: https:\/\/www.danielcolombo.com\/que-son-los-sesgos-cognitivos-y-atajos-mentales-y-como-te-manipulan-por-daniel-colombo\/\u00bb _builder_version=\u00bb4.2.2&#8243;][\/et_pb_image][\/et_pb_column][et_pb_column type=\u00bb1_2&#8243; _builder_version=\u00bb4.2.2&#8243;][et_pb_text _builder_version=\u00bb4.2.2&#8243; inline_fonts=\u00bbAbril Fatface\u00bb]<\/p>\n<p style=\"text-align: justify;\"><span style=\"font-size: large;\">Prestamos m\u00e1s atenci\u00f3n a la informaci\u00f3n que confirma nuestras expectativas previas y no atendemos a la que las contradice. <span style=\"font-family: Abril Fatface;\"><span style=\"font-size: x-large;\">Buscamos<\/span>,<\/span> e incluso inventamos, <span style=\"font-size: x-large;\"><span style=\"font-family: Abril Fatface;\">evidencias que refuercen nuestras creencias previas<\/span>.<\/span> Es algo que simplifica la realidad y que conduce, l\u00f3gicamente, a errores.<\/span><\/p>\n<p>[\/et_pb_text][\/et_pb_column][\/et_pb_row][\/et_pb_section]<\/p>\n","protected":false},"excerpt":{"rendered":"<p>Un estereotipo es, seg\u00fan el Diccionario de la Real Academia, una imagen o idea aceptada com\u00fanmente por un grupo o sociedad con car\u00e1cter inmutable. Una imagen o idea aceptada por la sociedad nos ayuda a pensar, a clasificar, a entender el mundo. El problema viene en la \u00faltima parte de la definici\u00f3n: su car\u00e1cter inmutable, [&hellip;]<\/p>\n","protected":false},"author":1,"featured_media":1641,"comment_status":"open","ping_status":"closed","sticky":false,"template":"","format":"standard","meta":{"_et_pb_use_builder":"on","_et_pb_old_content":"","_et_gb_content_width":"","_jetpack_newsletter_access":"","_jetpack_dont_email_post_to_subs":false,"_jetpack_newsletter_tier_id":0,"_jetpack_memberships_contains_paywalled_content":false,"_jetpack_feature_clip_id":0,"_jetpack_memberships_contains_paid_content":false,"footnotes":"","jetpack_post_was_ever_published":false},"categories":[107],"tags":[21],"class_list":["post-646","post","type-post","status-publish","format-standard","has-post-thumbnail","hentry","category-tienes-un-minuto","tag-estereotipos"],"jetpack_sharing_enabled":true,"jetpack_featured_media_url":"https:\/\/i0.wp.com\/migrantesenigualdad.es\/wp-content\/uploads\/2021\/03\/Plantilla-redimensionada.png?fit=806%2C496&ssl=1","post_mailing_queue_ids":[],"_links":{"self":[{"href":"https:\/\/migrantesenigualdad.es\/index.php\/wp-json\/wp\/v2\/posts\/646","targetHints":{"allow":["GET"]}}],"collection":[{"href":"https:\/\/migrantesenigualdad.es\/index.php\/wp-json\/wp\/v2\/posts"}],"about":[{"href":"https:\/\/migrantesenigualdad.es\/index.php\/wp-json\/wp\/v2\/types\/post"}],"author":[{"embeddable":true,"href":"https:\/\/migrantesenigualdad.es\/index.php\/wp-json\/wp\/v2\/users\/1"}],"replies":[{"embeddable":true,"href":"https:\/\/migrantesenigualdad.es\/index.php\/wp-json\/wp\/v2\/comments?post=646"}],"version-history":[{"count":0,"href":"https:\/\/migrantesenigualdad.es\/index.php\/wp-json\/wp\/v2\/posts\/646\/revisions"}],"wp:featuredmedia":[{"embeddable":true,"href":"https:\/\/migrantesenigualdad.es\/index.php\/wp-json\/wp\/v2\/media\/1641"}],"wp:attachment":[{"href":"https:\/\/migrantesenigualdad.es\/index.php\/wp-json\/wp\/v2\/media?parent=646"}],"wp:term":[{"taxonomy":"category","embeddable":true,"href":"https:\/\/migrantesenigualdad.es\/index.php\/wp-json\/wp\/v2\/categories?post=646"},{"taxonomy":"post_tag","embeddable":true,"href":"https:\/\/migrantesenigualdad.es\/index.php\/wp-json\/wp\/v2\/tags?post=646"}],"curies":[{"name":"wp","href":"https:\/\/api.w.org\/{rel}","templated":true}]}}