{"id":6019,"date":"2022-12-23T10:52:23","date_gmt":"2022-12-23T10:52:23","guid":{"rendered":"https:\/\/migrantesenigualdad.es\/?p=6019"},"modified":"2022-12-23T10:52:54","modified_gmt":"2022-12-23T10:52:54","slug":"6019","status":"publish","type":"post","link":"https:\/\/migrantesenigualdad.es\/index.php\/2022\/12\/23\/6019\/","title":{"rendered":"Fundaci\u00f3n M\u00e1rgenes y V\u00ednculos participa en un encuentro intercultural por el D\u00eda Internacional del Migrante"},"content":{"rendered":"<p>La Fundaci\u00f3n M\u00e1rgenes y V\u00ednculos tuvo la oportunidad de participar en un encuentro intercultural por el D\u00eda Internacional del Migrante, llevado a cabo el pasado lunes 19 de diciembre en la Casa de la Juventud de la Ciudad Aut\u00f3noma de Ceuta, organizado por la Asociaci\u00f3n El\u00edn, la Fundaci\u00f3n Cepaim y la organizaci\u00f3n No Name Kitchen.<\/p>\n<p>La idea principal del encuentro fue compartir un espacio donde poder apreciar las riquezas que tiene cada persona, bajo el lema: <em>todos somos iguales, todos somos diferentes<\/em>. La primera muestra de la riqueza que aporta el fen\u00f3meno de la migraci\u00f3n fue la presencia de personas de diversos or\u00edgenes o nacionalidades durante la jornada, encontrando gente de Gambia, Guinea Conakry, Espa\u00f1a, Mali, Marruecos, Senegal o Siria, entre otros.<\/p>\n<p><img data-recalc-dims=\"1\" loading=\"lazy\" decoding=\"async\" class=\"alignnone wp-image-6022\" src=\"https:\/\/i0.wp.com\/migrantesenigualdad.es\/wp-content\/uploads\/2022\/12\/TODOS-IGUALES-TODOS-DIFERENTES.jpg?resize=428%2C321&#038;ssl=1\" alt=\"\" width=\"428\" height=\"321\" \/><\/p>\n<p>La variedad de or\u00edgenes y nacionalidades provoc\u00f3, necesariamente, que las actividades se desarrollasen en cinco lenguas: espa\u00f1ol, franc\u00e9s, dariya, ingl\u00e9s y \u00e1rabe, lo que recordaba continuamente la riqueza que aporta compartir espacios y momentos con personas de diferentes procedencias.<\/p>\n<p>Lo primero que se hizo fue una din\u00e1mica de presentaci\u00f3n, la idea era que los participantes aprendiesen los nombres de los dem\u00e1s de la forma m\u00e1s r\u00e1pida posible. Para ello, cada integrante del grupo escribi\u00f3 su nombre en un papel, que lanzar\u00eda al centro de la sala. Cuando todos los papeles estaban en el centro del suelo de la sala, todo el grupo se levant\u00f3 para coger un papel aleatorio del suelo. A continuaci\u00f3n, ten\u00eda que encontrar a esa persona, presentarse y hacerle dos preguntas, las que quisiera. Finalmente, cada persona volv\u00eda a su sitio y, de uno en uno, se fue presentando a la persona que con la que hab\u00eda hablado y conocido, contando al resto del grupo las respuestas a las preguntas realizadas.<\/p>\n<p><img data-recalc-dims=\"1\" loading=\"lazy\" decoding=\"async\" class=\"alignnone wp-image-6023\" src=\"https:\/\/i0.wp.com\/migrantesenigualdad.es\/wp-content\/uploads\/2022\/12\/CASA-DE-LA-JUVENTUD-1-rotated.jpg?resize=386%2C514&#038;ssl=1\" alt=\"\" width=\"386\" height=\"514\" \/><\/p>\n<p>La otra parte de la tarde se destin\u00f3 a debatir, en cuatro grupos diferentes, sobre la frase inicial: <em>todos somos iguales, todos somos diferentes<\/em>; intentando abordar las cuestiones que nos hacen iguales y los aspectos que nos hacen diferentes, para llegar a formar una lista con donde se se\u00f1alen <em>las cosas que nos unen<\/em>.<\/p>\n<p>La mayor\u00eda de los grupos y las personas coincid\u00edan en que todos y todas debemos ser iguales en derechos, en dignidad, en deberes y obligaciones, en el respeto que nos merecemos, entre otras\u2026 Tambi\u00e9n se coincidi\u00f3 mayoritariamente en que los aspectos que nos diferencian tienen que ver con la lengua, el pa\u00eds o regi\u00f3n de origen, la cultura, la religi\u00f3n, etc. Finalmente, algunos ejemplos de las cosas que nos unen a todos y todas fueron la tolerancia, el respeto, la empat\u00eda, la educaci\u00f3n, la convivencia.<\/p>\n<p><img data-recalc-dims=\"1\" loading=\"lazy\" decoding=\"async\" class=\"alignnone wp-image-6020\" src=\"https:\/\/i0.wp.com\/migrantesenigualdad.es\/wp-content\/uploads\/2022\/12\/QUE-NOS-UNE.jpg?resize=386%2C289&#038;ssl=1\" alt=\"\" width=\"386\" height=\"289\" \/><\/p>\n<p>El encuentro finaliz\u00f3 bailando todos juntos, se escuch\u00f3 m\u00fasica muy diversa en diferentes lenguas y con diferentes or\u00edgenes poniendo de manifiesto, una vez m\u00e1s, la riqueza que aporta la migraci\u00f3n y la diversidad, donde todos y todas somos diferentes y tenemos riquezas propias que aportar, as\u00ed como aprender.<\/p>\n","protected":false},"excerpt":{"rendered":"<p>La Fundaci\u00f3n M\u00e1rgenes y V\u00ednculos tuvo la oportunidad de participar en un encuentro intercultural por el D\u00eda Internacional del Migrante, llevado a cabo el pasado lunes 19 de diciembre en la Casa de la Juventud de la Ciudad Aut\u00f3noma de Ceuta, organizado por la Asociaci\u00f3n El\u00edn, la Fundaci\u00f3n Cepaim y la organizaci\u00f3n No Name Kitchen. [&hellip;]<\/p>\n","protected":false},"author":1,"featured_media":6023,"comment_status":"open","ping_status":"closed","sticky":false,"template":"","format":"standard","meta":{"_et_pb_use_builder":"","_et_pb_old_content":"","_et_gb_content_width":"","_jetpack_newsletter_access":"","_jetpack_dont_email_post_to_subs":false,"_jetpack_newsletter_tier_id":0,"_jetpack_memberships_contains_paywalled_content":false,"_jetpack_feature_clip_id":0,"_jetpack_memberships_contains_paid_content":false,"footnotes":"","jetpack_post_was_ever_published":false},"categories":[104],"tags":[38,234,237,15,233],"class_list":["post-6019","post","type-post","status-publish","format-standard","has-post-thumbnail","hentry","category-mundo-global","tag-convivencia","tag-dia-internacional","tag-diferencias","tag-igualdad","tag-migrante"],"jetpack_sharing_enabled":true,"jetpack_featured_media_url":"https:\/\/i0.wp.com\/migrantesenigualdad.es\/wp-content\/uploads\/2022\/12\/CASA-DE-LA-JUVENTUD-1-rotated.jpg?fit=533%2C710&ssl=1","post_mailing_queue_ids":[],"_links":{"self":[{"href":"https:\/\/migrantesenigualdad.es\/index.php\/wp-json\/wp\/v2\/posts\/6019","targetHints":{"allow":["GET"]}}],"collection":[{"href":"https:\/\/migrantesenigualdad.es\/index.php\/wp-json\/wp\/v2\/posts"}],"about":[{"href":"https:\/\/migrantesenigualdad.es\/index.php\/wp-json\/wp\/v2\/types\/post"}],"author":[{"embeddable":true,"href":"https:\/\/migrantesenigualdad.es\/index.php\/wp-json\/wp\/v2\/users\/1"}],"replies":[{"embeddable":true,"href":"https:\/\/migrantesenigualdad.es\/index.php\/wp-json\/wp\/v2\/comments?post=6019"}],"version-history":[{"count":0,"href":"https:\/\/migrantesenigualdad.es\/index.php\/wp-json\/wp\/v2\/posts\/6019\/revisions"}],"wp:featuredmedia":[{"embeddable":true,"href":"https:\/\/migrantesenigualdad.es\/index.php\/wp-json\/wp\/v2\/media\/6023"}],"wp:attachment":[{"href":"https:\/\/migrantesenigualdad.es\/index.php\/wp-json\/wp\/v2\/media?parent=6019"}],"wp:term":[{"taxonomy":"category","embeddable":true,"href":"https:\/\/migrantesenigualdad.es\/index.php\/wp-json\/wp\/v2\/categories?post=6019"},{"taxonomy":"post_tag","embeddable":true,"href":"https:\/\/migrantesenigualdad.es\/index.php\/wp-json\/wp\/v2\/tags?post=6019"}],"curies":[{"name":"wp","href":"https:\/\/api.w.org\/{rel}","templated":true}]}}