{"id":6015,"date":"2022-12-23T08:37:35","date_gmt":"2022-12-23T08:37:35","guid":{"rendered":"https:\/\/migrantesenigualdad.es\/?p=6015"},"modified":"2022-12-23T10:08:33","modified_gmt":"2022-12-23T10:08:33","slug":"adriana-boho-ponte-en-mi-piel","status":"publish","type":"post","link":"https:\/\/migrantesenigualdad.es\/index.php\/2022\/12\/23\/adriana-boho-ponte-en-mi-piel\/","title":{"rendered":"ADRIANA BOHO \u201cPONTE EN MI PIEL\u201d"},"content":{"rendered":"<p><em>Navegando desde el c\u00edber respeto<\/em> ha sido una de las actividades que el equipo de Migrantes ha realizado en 2022. Se trat\u00f3 de una jornada de prevenci\u00f3n del odio en las redes sociales, que nos oblig\u00f3 a emprender una b\u00fasqueda de personas expertas y activistas en redes sociales en tem\u00e1tica de discriminaci\u00f3n, racismo, xenofobia, lgtbifobia y otras formas de intolerancia y odio. En esta tarea nos topamos con grandes personas, a las que agradecemos su participaci\u00f3n y el inmenso aprendizaje del que hemos sido part\u00edcipes.<\/p>\n<p>Una de las personas que nos incit\u00f3 inter\u00e9s es Adriana Boho, a la que por supuesto invitamos a participar en <em>Navegando desde el c\u00edber respeto<\/em>. Sin embargo, tras revisar su apretada agenda no pudo asistir, pero acordamos realizar una entrevista on line, que a\u00fan tenemos pendiente.<\/p>\n<p>Mientras tanto, os adelantamos que Adriana ha escrito un libro, <em>Ponte en mi piel<\/em>, que por supuesto adquirimos el equipo a fin de empaparnos de esta maravillosa gu\u00eda para combatir el racismo cotidiano que describe su autora.<\/p>\n<p>Adriana naci\u00f3 en Guinea Ecuatorial y es una joven emprendedora, activista e influencer. Ha tenido una infancia dura, pero que ha contado con dos personas que han sido los pilares en los que ha construido su fortaleza actual: su abuela y su madre.<\/p>\n<p>Adriana lleg\u00f3 a Espa\u00f1a a una edad muy temprana y no en las mejores condiciones familiares. Pero ello no le fren\u00f3 en su inconformismo, su lucha, su activismo, su valent\u00eda. Desde una perspectiva de mujer migrante de piel negra y peinado afro, Adriana decidi\u00f3 emprender una aventura para desmontar prejuicios y romper estereotipos.<\/p>\n<p>Su gusto e inter\u00e9s por el mundo hizo crear un blog en el que compart\u00eda las fotos de sus looks con su pareja, pero esta iniciativa evolucion\u00f3 y la dio a conocer hasta el punto de llegar a ser estilista de varias famosas, trabajar para varias cadenas de televisi\u00f3n y convertirse una de las m\u00e1s famosas influencers de origen africano para marcas internacionales. Y todo ello tras superar que una experta en redes sociales le llegara a decir: \u201cAdri, yo si fuera una marca no apostar\u00eda por ti: solo interesan las chicas de la alta burgues\u00eda\u201d. El comentario iba con el consejo a\u00f1adido de que no tendr\u00eda ninguna posibilidad en el mundo de las influencers, que mejor abandonara.<\/p>\n<p>Hoy en d\u00eda no se limita al mundo de la moda. Adriana tambi\u00e9n se dedica a dar charlas sobre el racismo, escogiendo muy frecuentemente a un p\u00fablico joven, futuro de una sociedad a la que quiere concienciar acerca de c\u00f3mo los seres humanos muchas veces prejuzgamos de manera inconsciente, habl\u00e1ndoles de su propia experiencia y de lo que ella llama micromachismo, reflexionando sobre el uso que se hace de las palabras y comentarios a la hora de designar a las personas negras como un buen inicio para dejar de tener actitudes racistas.<\/p>\n<p>En su libro P<em>onte en mi piel<\/em> encontramos el apartado <em>Tips para hacer activismo antirracista en las redes sociales<\/em>, con siete claves para empezar a crear y compartir contenido antirracista en tus redes sociales.<\/p>\n<p>Pero mejor no a\u00f1adimos m\u00e1s pistas de la gu\u00eda de Adriana Boho. S\u00ed te la recomendamos para que la pidas como regalo de Navidad o la regales t\u00fa, \u00a1merece la pena y mucho!!<\/p>\n<p>\u00a1\u00a1Gracias Adriana!!<\/p>\n","protected":false},"excerpt":{"rendered":"<p>Navegando desde el c\u00edber respeto ha sido una de las actividades que el equipo de Migrantes ha realizado en 2022. Se trat\u00f3 de una jornada de prevenci\u00f3n del odio en las redes sociales, que nos oblig\u00f3 a emprender una b\u00fasqueda de personas expertas y activistas en redes sociales en tem\u00e1tica de discriminaci\u00f3n, racismo, xenofobia, lgtbifobia [&hellip;]<\/p>\n","protected":false},"author":1,"featured_media":6016,"comment_status":"open","ping_status":"closed","sticky":false,"template":"","format":"standard","meta":{"_et_pb_use_builder":"","_et_pb_old_content":"","_et_gb_content_width":"","_jetpack_newsletter_access":"","_jetpack_dont_email_post_to_subs":false,"_jetpack_newsletter_tier_id":0,"_jetpack_memberships_contains_paywalled_content":false,"_jetpack_feature_clip_id":0,"_jetpack_memberships_contains_paid_content":false,"footnotes":"","jetpack_post_was_ever_published":false},"categories":[107],"tags":[145,62,236,233,235],"class_list":["post-6015","post","type-post","status-publish","format-standard","has-post-thumbnail","hentry","category-tienes-un-minuto","tag-activismo","tag-afro","tag-influencer","tag-migrante","tag-tips-antirracistas"],"jetpack_sharing_enabled":true,"jetpack_featured_media_url":"https:\/\/i0.wp.com\/migrantesenigualdad.es\/wp-content\/uploads\/2022\/12\/Adriana-Boho.jpg?fit=786%2C1048&ssl=1","post_mailing_queue_ids":[],"_links":{"self":[{"href":"https:\/\/migrantesenigualdad.es\/index.php\/wp-json\/wp\/v2\/posts\/6015","targetHints":{"allow":["GET"]}}],"collection":[{"href":"https:\/\/migrantesenigualdad.es\/index.php\/wp-json\/wp\/v2\/posts"}],"about":[{"href":"https:\/\/migrantesenigualdad.es\/index.php\/wp-json\/wp\/v2\/types\/post"}],"author":[{"embeddable":true,"href":"https:\/\/migrantesenigualdad.es\/index.php\/wp-json\/wp\/v2\/users\/1"}],"replies":[{"embeddable":true,"href":"https:\/\/migrantesenigualdad.es\/index.php\/wp-json\/wp\/v2\/comments?post=6015"}],"version-history":[{"count":0,"href":"https:\/\/migrantesenigualdad.es\/index.php\/wp-json\/wp\/v2\/posts\/6015\/revisions"}],"wp:featuredmedia":[{"embeddable":true,"href":"https:\/\/migrantesenigualdad.es\/index.php\/wp-json\/wp\/v2\/media\/6016"}],"wp:attachment":[{"href":"https:\/\/migrantesenigualdad.es\/index.php\/wp-json\/wp\/v2\/media?parent=6015"}],"wp:term":[{"taxonomy":"category","embeddable":true,"href":"https:\/\/migrantesenigualdad.es\/index.php\/wp-json\/wp\/v2\/categories?post=6015"},{"taxonomy":"post_tag","embeddable":true,"href":"https:\/\/migrantesenigualdad.es\/index.php\/wp-json\/wp\/v2\/tags?post=6015"}],"curies":[{"name":"wp","href":"https:\/\/api.w.org\/{rel}","templated":true}]}}