{"id":6010,"date":"2022-12-18T07:00:02","date_gmt":"2022-12-18T07:00:02","guid":{"rendered":"https:\/\/migrantesenigualdad.es\/?p=6010"},"modified":"2022-12-16T12:14:53","modified_gmt":"2022-12-16T12:14:53","slug":"el-dia-internacional-del-migrante-una-fecha-para-reflexionar-sobre-la-realidad-de-la-migracion","status":"publish","type":"post","link":"https:\/\/migrantesenigualdad.es\/index.php\/2022\/12\/18\/el-dia-internacional-del-migrante-una-fecha-para-reflexionar-sobre-la-realidad-de-la-migracion\/","title":{"rendered":"El D\u00eda Internacional del Migrante: una fecha para reflexionar sobre la realidad de la migraci\u00f3n"},"content":{"rendered":"<p>Los contextos pol\u00edticos, las situaciones b\u00e9licas y \u00faltimamente, la pandemia del Covid han planteado nuevos escenarios y hojas de ruta para conmemorar y reflexionar sobre el D\u00eda Internacional del Migrante que se conmemora el 18 de diciembre de cada a\u00f1o.<\/p>\n<p>Este d\u00eda nos invita a todas y todos a detenernos y reflexionar sobre la realidad de migraci\u00f3n y el nuevo contexto donde las\/os migrantes hacen su vida. Asimismo, arroja la luz sobre los derechos de las personas migrantes y su integraci\u00f3n en las sociedades de acogida.<\/p>\n<p>Los informes de las Naciones Unidas se\u00f1alan que las personas migrantes representan la comunidad m\u00e1s vulnerable y propensa a sufrir situaciones de explotaci\u00f3n y abuso, siendo las personas trabajadoras migrantes las que m\u00e1s condiciones laborales pobres viven. Sobre este punto, en 1990, las Naciones Unidas adoptaron la Convenci\u00f3n Internacional sobre la Protecci\u00f3n de los Derechos de Todos los Trabajadores Migratorios y de sus Familiares. Esta convenci\u00f3n hace de cierto modo, un llamamiento para respetar a las personas trabajadoras migrantes como personas con nombre, sentimientos y dignidad que, con la migraci\u00f3n llevan consigo historias, responsabilidades y aspiraciones.<br \/>\nRara vez nos preguntamos: \u00bfa qu\u00e9 condiciones de trabajo y de vida se enfrentan? \u00bfEst\u00e1n recibiendo los salarios que les prometieron a tiempo? \u00bfSe respeta su privacidad? \u00bfCon qu\u00e9 frecuencia ven a su familia? \u00bfPueden renunciar por su propia voluntad si no est\u00e1n contentos con su trabajo y a qu\u00e9 coste? \u00bfPueden denunciar si han sido maltratados? \u00bfCu\u00e1les son los m\u00e9todos de compensaci\u00f3n existentes en los pa\u00edses de destino?<\/p>\n<p>Sin embargo, queda el racismo y la discriminaci\u00f3n las formas de marginaci\u00f3n que m\u00e1s afectan a estas personas, especialmente, en el espacio virtual que viene experimentando una incesable vor\u00e1gine de cultura de desinformaci\u00f3n, difamaci\u00f3n y bulos, sobre todo con el confinamiento que supuso un alto uso de las tecnolog\u00edas de la informaci\u00f3n y comunicaci\u00f3n (TIC) y la cultura de la desinformaci\u00f3n.<br \/>\nEl s\u00e1bado 17 de diciembre de este a\u00f1o, alrededor de unas 200 asociaciones y organizaciones no gubernamentales organizar\u00e1n una marcha en Cherburgo (noroeste de Francia) pidiendo una mejora en las condiciones de vida de los migrantes, y apuntando a la pol\u00edtica europea en temas de inmigraci\u00f3n y asilo. Asimismo, se recordar\u00e1 a las 27 personas migrantes fallecidas en el Canal de la Mancha mientras intentaban llegar a Reino Unido.<\/p>\n<p>Este d\u00eda debe ser una jornada para reflexionar sobre el gran rol de las personas migrantes en el mercado laboral y el crecimiento econ\u00f3mico. Asimismo, el bienestar de la sociedad es igual de importante tanto para sus pa\u00edses de origen como de acogida. Gracias a la migraci\u00f3n, muchas familias y generaciones que viven en pa\u00edses con dificultades econ\u00f3micas, pueden tener una vida digna gracias a las remesas que sus familiares migrantes env\u00edan. Tambi\u00e9n, gracias a la migraci\u00f3n podemos hablar de sociedades interculturales y ricas cultural y art\u00edsticamente.<\/p>\n","protected":false},"excerpt":{"rendered":"<p>Los contextos pol\u00edticos, las situaciones b\u00e9licas y \u00faltimamente, la pandemia del Covid han planteado nuevos escenarios y hojas de ruta para conmemorar y reflexionar sobre el D\u00eda Internacional del Migrante que se conmemora el 18 de diciembre de cada a\u00f1o. Este d\u00eda nos invita a todas y todos a detenernos y reflexionar sobre la realidad [&hellip;]<\/p>\n","protected":false},"author":1,"featured_media":6013,"comment_status":"open","ping_status":"closed","sticky":false,"template":"","format":"standard","meta":{"_et_pb_use_builder":"","_et_pb_old_content":"","_et_gb_content_width":"","_jetpack_newsletter_access":"","_jetpack_dont_email_post_to_subs":false,"_jetpack_newsletter_tier_id":0,"_jetpack_memberships_contains_paywalled_content":false,"_jetpack_feature_clip_id":0,"_jetpack_memberships_contains_paid_content":false,"footnotes":"","jetpack_post_was_ever_published":false},"categories":[107],"tags":[234,233],"class_list":["post-6010","post","type-post","status-publish","format-standard","has-post-thumbnail","hentry","category-tienes-un-minuto","tag-dia-internacional","tag-migrante"],"jetpack_sharing_enabled":true,"jetpack_featured_media_url":"https:\/\/i0.wp.com\/migrantesenigualdad.es\/wp-content\/uploads\/2022\/12\/clay-banks-LjqARJaJotc-unsplash-scaled.jpg?fit=2560%2C1920&ssl=1","post_mailing_queue_ids":[],"_links":{"self":[{"href":"https:\/\/migrantesenigualdad.es\/index.php\/wp-json\/wp\/v2\/posts\/6010","targetHints":{"allow":["GET"]}}],"collection":[{"href":"https:\/\/migrantesenigualdad.es\/index.php\/wp-json\/wp\/v2\/posts"}],"about":[{"href":"https:\/\/migrantesenigualdad.es\/index.php\/wp-json\/wp\/v2\/types\/post"}],"author":[{"embeddable":true,"href":"https:\/\/migrantesenigualdad.es\/index.php\/wp-json\/wp\/v2\/users\/1"}],"replies":[{"embeddable":true,"href":"https:\/\/migrantesenigualdad.es\/index.php\/wp-json\/wp\/v2\/comments?post=6010"}],"version-history":[{"count":0,"href":"https:\/\/migrantesenigualdad.es\/index.php\/wp-json\/wp\/v2\/posts\/6010\/revisions"}],"wp:featuredmedia":[{"embeddable":true,"href":"https:\/\/migrantesenigualdad.es\/index.php\/wp-json\/wp\/v2\/media\/6013"}],"wp:attachment":[{"href":"https:\/\/migrantesenigualdad.es\/index.php\/wp-json\/wp\/v2\/media?parent=6010"}],"wp:term":[{"taxonomy":"category","embeddable":true,"href":"https:\/\/migrantesenigualdad.es\/index.php\/wp-json\/wp\/v2\/categories?post=6010"},{"taxonomy":"post_tag","embeddable":true,"href":"https:\/\/migrantesenigualdad.es\/index.php\/wp-json\/wp\/v2\/tags?post=6010"}],"curies":[{"name":"wp","href":"https:\/\/api.w.org\/{rel}","templated":true}]}}