{"id":5817,"date":"2022-12-13T13:46:54","date_gmt":"2022-12-13T13:46:54","guid":{"rendered":"https:\/\/migrantesenigualdad.es\/?p=5817"},"modified":"2022-12-13T13:46:54","modified_gmt":"2022-12-13T13:46:54","slug":"mohamed-y-el-sueno-de-la-escuela-de-musica-migrante-en-la-ciudad-de-paco-de-lucia","status":"publish","type":"post","link":"https:\/\/migrantesenigualdad.es\/index.php\/2022\/12\/13\/mohamed-y-el-sueno-de-la-escuela-de-musica-migrante-en-la-ciudad-de-paco-de-lucia\/","title":{"rendered":"Mohamed y el sue\u00f1o de la escuela de m\u00fasica migrante en la ciudad de  Paco de Luc\u00eda"},"content":{"rendered":"<p>Cu\u00e1nta raz\u00f3n tuvo aquel quien dijo que cumplir sue\u00f1os no entiende de edades. Y \u00e9ste es el modus vivendi que eligi\u00f3 Mohamed Mrassi y su mujer para huir de la monoton\u00eda, romper barreras y trascender fronteras.<\/p>\n<p>Su pasi\u00f3n por la m\u00fasica lo trajo a la orilla de grandes artistas como Paco de Luc\u00eda; Algeciras. Con la idea en mente de seguir su profesi\u00f3n de fontanero y labrar un futuro m\u00fasico en el campo de Gibraltar, Mohamed nos invita a hacer un peque\u00f1o recorrido hacia su pasado y a escuchar con admiraci\u00f3n sus objetivos art\u00edsticos como migrante marroqu\u00ed en el campo de Gibraltar. Una charla que la acompa\u00f1a con una peque\u00f1a cr\u00edtica art\u00edstica sobre la situaci\u00f3n de la m\u00fasica migrante norteafricana en el Campo de Gibraltar.<\/p>\n<p><strong>Fontanero y cantante, dos profesiones que casi no tienen nada en com\u00fan, menos el amor por lo que uno hace, \u00bfc\u00f3mo has llegado a trazar este camino para tu vida? <\/strong><\/p>\n<p>La verdad que s\u00ed. Pero tambi\u00e9n, a\u00f1adir\u00eda otra cosa que tienen en com\u00fan: la paciencia. Fontanero, era tambi\u00e9n la profesi\u00f3n de mi padre y la hered\u00e9 de \u00e9l. He trabajado de ello siempre y b\u00e1sicamente, ha sido mi fuente de ingreso. Ahora volviendo a la faceta de m\u00fasico, podr\u00edamos decir que es algo que hago con amor pero que desgraciadamente, no ha podido ser mi principal fuente de ingreso.<\/p>\n<p><strong>\u00bfEl hecho de haber heredado el oficio de la fontaner\u00eda de tu padre, \u00e9ste te ha apoyado o fue una especie de imposici\u00f3n como sol\u00eda pasar en aquellas \u00e9pocas?<\/strong><\/p>\n<p>No, yo desde el primer momento cont\u00e9 con el apoyo de mi padre y mi familia. El \u00fanico consejo de mi padre fue: \u201csiempre y cuando la m\u00fasica no sea tu principal fuente de ingresos\u201d.<\/p>\n<p><strong>\u00bfCu\u00e1l fue ese primer momento?<\/strong><\/p>\n<p>Siendo muy chico. Empec\u00e9 muy peque\u00f1o con mis amigos del barrio. Nos reun\u00edamos, ni\u00f1as y ni\u00f1os, lo t\u00edpico, con instrumentos caseros y cant\u00e1bamos canciones de grandes artistas. Poco a poco, los vecinos \u2013 con cari\u00f1o- nos empezaron a pedir cantar alguna que otra canci\u00f3n en las bodas y siempre con la t\u00edpica pregunta \u201c\u00bfd\u00f3nde est\u00e1n los ni\u00f1os?, diles que nos canten \u2018x\u2019 canci\u00f3n con el grupo. Puedes decir que a partir de esa fecha, empec\u00e9 a destacar como \u201cla bonita voz del grupo\u201d.\u00a0 Y ah\u00ed empec\u00e9 mi aventura como cantante de shaabi hastallegara\u00a0 grabar mi CD, etc.<\/p>\n<p><strong>Estamos acostumbrados a escuchar las dificultades de los comienzos de los artistas, en concreto, las\/os cantantes en Marruecos \u00bfhas pasado por el mismo umbral? <\/strong><\/p>\n<p>Claro, ten en cuenta que yo pertenezco a una generaci\u00f3n anterior a la que cambi\u00f3 el paradigma del artista de un hombre que se gana la vida con su arte poco conocido\/reconocido para convertirse en el hombre artista que con su arte invierte y compra bienes.\u00a0 Tengo cincuenta a\u00f1os y mis contempor\u00e1neos y amigos son artistas como Said Sanhaji y Hassan Sanhaji.<\/p>\n<p>Nos comentaste que, en tus viajes a Espa\u00f1a, y en concreto, a la comarca de Gibraltar, visualizaste el sue\u00f1o de abrir un centro o escuela de m\u00fasica migrante. Traer la m\u00fasica <em>Shaabi<\/em> a la orilla norte del Estrecho quiz\u00e1s es un acto pionero, pero a la vez, un poco arriesgado. Hablanos sobre ese sue\u00f1o .<\/p>\n<p>Una de las cosas que llaman la atenci\u00f3n cuando llegas a las calles algecire\u00f1as, es el gran porcentaje de la comunidad migrante. De diferentes procedencias y en diferentes barrios de la ciudad; desde los m\u00e1s humildes hasta los considerados \u201cpijos\u201d. Hay migrantes o en este caso, marroqu\u00edes por todos lados, jeje. Y en un d\u00eda del a\u00f1o 2014 y mientras and\u00e1bamos por el paseo mar\u00edtimo, mi mujer y yo. Me vino a la cabeza crear un centro m\u00fasico donde toda\/o migrante pueda acudir y especializarse en un g\u00e9nero o aprender a tocar un instrumento folcl\u00f3rico. De esta manera, se convertir\u00e1 Algeciras en \u201cauto-abastecedora\u201d de modo que no va a tener que contratar a m\u00fasicas\/os y animadores migrante que vienen desde otras ciudades europeas. Por ejemplo, en las grandes ciudades como Madrid o Barcelona, puedes organizar una boda como si estuvieras en Marruecos. Desgraciadamente, aqu\u00ed en el Campoi de Gibraltar no sucede lo mismo.<\/p>\n<p><strong>\u00bfCu\u00e1l ser\u00eda el mensaje que le dar\u00edas a todo aquel joven migrante que piensa que el tiempo no perdona y las oportunidades no siempre llegan? <\/strong><\/p>\n<p>Que ame lo que hace. Que lo haga con pasi\u00f3n. Que se arme de paciencia y que, con una sonrisa se abren muchas puertas.<\/p>\n","protected":false},"excerpt":{"rendered":"<p>Cu\u00e1nta raz\u00f3n tuvo aquel quien dijo que cumplir sue\u00f1os no entiende de edades. Y \u00e9ste es el modus vivendi que eligi\u00f3 Mohamed Mrassi y su mujer para huir de la monoton\u00eda, romper barreras y trascender fronteras. Su pasi\u00f3n por la m\u00fasica lo trajo a la orilla de grandes artistas como Paco de Luc\u00eda; Algeciras. Con [&hellip;]<\/p>\n","protected":false},"author":1,"featured_media":5818,"comment_status":"open","ping_status":"closed","sticky":false,"template":"","format":"standard","meta":{"_et_pb_use_builder":"","_et_pb_old_content":"","_et_gb_content_width":"","_jetpack_newsletter_access":"","_jetpack_dont_email_post_to_subs":false,"_jetpack_newsletter_tier_id":0,"_jetpack_memberships_contains_paywalled_content":false,"_jetpack_feature_clip_id":0,"_jetpack_memberships_contains_paid_content":false,"footnotes":"","jetpack_post_was_ever_published":false},"categories":[189],"tags":[218,163,63,217,216,72],"class_list":["post-5817","post","type-post","status-publish","format-standard","has-post-thumbnail","hentry","category-historias-de-vida","tag-anecdotas","tag-cultura","tag-historias-de-vida","tag-idioma","tag-rumania","tag-tesorillo"],"jetpack_sharing_enabled":true,"jetpack_featured_media_url":"https:\/\/i0.wp.com\/migrantesenigualdad.es\/wp-content\/uploads\/2022\/12\/Diseno-sin-titulo.jpg?fit=1640%2C924&ssl=1","post_mailing_queue_ids":[],"_links":{"self":[{"href":"https:\/\/migrantesenigualdad.es\/index.php\/wp-json\/wp\/v2\/posts\/5817","targetHints":{"allow":["GET"]}}],"collection":[{"href":"https:\/\/migrantesenigualdad.es\/index.php\/wp-json\/wp\/v2\/posts"}],"about":[{"href":"https:\/\/migrantesenigualdad.es\/index.php\/wp-json\/wp\/v2\/types\/post"}],"author":[{"embeddable":true,"href":"https:\/\/migrantesenigualdad.es\/index.php\/wp-json\/wp\/v2\/users\/1"}],"replies":[{"embeddable":true,"href":"https:\/\/migrantesenigualdad.es\/index.php\/wp-json\/wp\/v2\/comments?post=5817"}],"version-history":[{"count":0,"href":"https:\/\/migrantesenigualdad.es\/index.php\/wp-json\/wp\/v2\/posts\/5817\/revisions"}],"wp:featuredmedia":[{"embeddable":true,"href":"https:\/\/migrantesenigualdad.es\/index.php\/wp-json\/wp\/v2\/media\/5818"}],"wp:attachment":[{"href":"https:\/\/migrantesenigualdad.es\/index.php\/wp-json\/wp\/v2\/media?parent=5817"}],"wp:term":[{"taxonomy":"category","embeddable":true,"href":"https:\/\/migrantesenigualdad.es\/index.php\/wp-json\/wp\/v2\/categories?post=5817"},{"taxonomy":"post_tag","embeddable":true,"href":"https:\/\/migrantesenigualdad.es\/index.php\/wp-json\/wp\/v2\/tags?post=5817"}],"curies":[{"name":"wp","href":"https:\/\/api.w.org\/{rel}","templated":true}]}}