{"id":5816,"date":"2022-12-13T13:58:38","date_gmt":"2022-12-13T13:58:38","guid":{"rendered":"https:\/\/migrantesenigualdad.es\/?p=5816"},"modified":"2022-12-13T14:02:39","modified_gmt":"2022-12-13T14:02:39","slug":"el-partido-espana-marruecos-desde-algeciras-leccion-de-civismo-y-convivencia","status":"publish","type":"post","link":"https:\/\/migrantesenigualdad.es\/index.php\/2022\/12\/13\/el-partido-espana-marruecos-desde-algeciras-leccion-de-civismo-y-convivencia\/","title":{"rendered":"El partido Espa\u00f1a- Marruecos desde Algeciras: lecci\u00f3n de civismo y convivencia\u00a0\u00a0"},"content":{"rendered":"<p><span data-contrast=\"none\">El <span style=\"color: #ff9900;\"><strong>civismo<\/strong> <\/span>y la <strong><span style=\"color: #ff9900;\">convivencia<\/span><\/strong> son probablemente los sustantivos que describir\u00edan el ambiente efervescente de alegr\u00eda que se respiraba en las calles de<strong> Algeciras<\/strong> tras la victoria de <span style=\"color: #ff9900;\"><strong>Marruecos<\/strong><\/span> sobre <strong><span style=\"color: #ff9900;\">Espa\u00f1a<\/span><\/strong>.\u00a0<\/span><span data-ccp-props=\"{&quot;134233117&quot;:false,&quot;134233118&quot;:false,&quot;201341983&quot;:0,&quot;335551550&quot;:6,&quot;335551620&quot;:6,&quot;335559685&quot;:0,&quot;335559731&quot;:0,&quot;335559737&quot;:0,&quot;335559738&quot;:0,&quot;335559740&quot;:240,&quot;469777462&quot;:[720,1440,2160,2880,3600,4320,5040,5760,6480,7200,7920,8640,9360],&quot;469777927&quot;:[0,0,0,0,0,0,0,0,0,0,0,0,0],&quot;469777928&quot;:[1,1,1,1,1,1,1,1,1,1,1,1,1]}\">\u00a0<\/span><\/p>\n<p><span data-contrast=\"none\">Nadie esperaba que este suceso se transcurriese en un aut\u00e9ntico ambiente de <strong>civismo<\/strong>. Los medios de comunicaci\u00f3n y las redes sociales auguraban otra cosa: <strong>que se repitiesen los disturbios de Bruselas<\/strong>.\u00a0 A primeras horas de la tarde, se despleg\u00f3 un gran dispositivo de <strong>seguridad<\/strong> compuesto por los cuerpos de la <strong>Polic\u00eda Nacional<\/strong> y <strong>Local<\/strong> por toda la ciudad algecire\u00f1a.\u00a0 Algunos organismos como la<strong> Federaci\u00f3n Espa\u00f1ola de Entidades Religiosas Isl\u00e1micas (FEERI)<\/strong>\u00a0 emitieron un <strong>comunicado oficial<\/strong> dejando claro que <strong>\u201c el deporte, en este caso, el f\u00fatbol, ha de servir para mostrar a la sociedad los modales del islam, entre los que est\u00e1n el respeto y la tolerancia, y que sirva como medio de acercamiento y no como divisi\u00f3n entre nosotros\u201d.\u00a0<\/strong><\/span><strong>\u00a0<\/strong><\/p>\n<p><span data-contrast=\"none\">Espa\u00f1olas\/es y marroqu\u00edes han compartido los mismos espacios para ver juntas\/os\u00a0 el partido que, por regla, eliminar\u00eda a uno de los dos equipos. Con <span style=\"color: #ff9900;\">calma<\/span>, <span style=\"color: #ff9900;\">atenci\u00f3n<\/span> y<span style=\"color: #ff9900;\"> respeto<\/span> aguardaban el desarrollo del encuentro.\u00a0<\/span><span data-ccp-props=\"{&quot;134233117&quot;:false,&quot;134233118&quot;:false,&quot;201341983&quot;:0,&quot;335551550&quot;:6,&quot;335551620&quot;:6,&quot;335559685&quot;:0,&quot;335559731&quot;:0,&quot;335559737&quot;:0,&quot;335559738&quot;:0,&quot;335559740&quot;:240,&quot;469777462&quot;:[720,1440,2160,2880,3600,4320,5040,5760,6480,7200,7920,8640,9360],&quot;469777927&quot;:[0,0,0,0,0,0,0,0,0,0,0,0,0],&quot;469777928&quot;:[1,1,1,1,1,1,1,1,1,1,1,1,1]}\">\u00a0<\/span><\/p>\n<p><span data-contrast=\"none\">En un <\/span><i><span data-contrast=\"none\">pub<\/span><\/i><span data-contrast=\"none\"> de la calle <strong>Convento<\/strong>, la gigantesca pantalla manten\u00eda las miradas del p\u00fablico fijas. <strong>Un grupo de chicas<\/strong> con la la bandera espa\u00f1ola pintada en sus rostros ocupaba una mesa; en frente de ellas, <strong>un grupo de migrantes marroqu\u00edes<\/strong>\u00a0envueltos en la bandera rojiverde . Ambos grupos intercambiaban de vez en cuando ciertas miradas. No buscaban <span style=\"color: #ff9900;\">retar<\/span>,\u00a0pero s\u00ed, hacer que el <span style=\"color: #ff9900;\">entusiasmo<\/span> sea <strong>mutuo<\/strong>.\u00a0\u00a0 Al llegar el momento de los penaltis, ambos grupos intercambiaron una sonrisa que lo dec\u00eda todo :<strong> \u201c\u00a1hab\u00e9is jugado bien, quilla\/o!\u201d\u00a0<\/strong><\/span><strong>\u00a0<\/strong><\/p>\n<p><span data-contrast=\"none\">Con la victoria de los <strong>\u2018Leones del Atlas\u2019<\/strong>, madres, padres y adolescentes migrantes marroqu\u00edes tomaron las calles de la ciudad de <strong>Paco de Luc\u00eda<\/strong>. La bandera marroqu\u00ed se extend\u00eda por las calles y barrios algecire\u00f1os. Desde el<strong> Barrio de la Caridad<\/strong>, <strong>La Bajadilla<\/strong> y<strong> El Saladillo<\/strong>, salieron <strong>decenas<\/strong> de coches y <strong>multitudes<\/strong> de personas de diferentes edades para festejar este pase que no han vuelto a vivir desde aquel mundial del a\u00f1o 1986; de leyendas como <strong>Bouderbala <\/strong>y <strong>Bedou Zaki<\/strong> que fueron recibidos por el entonces rey alauita, <strong>Hassan II,<\/strong> como aut\u00e9nticos h\u00e9roes.\u00a0<\/span><span data-ccp-props=\"{&quot;134233117&quot;:false,&quot;134233118&quot;:false,&quot;201341983&quot;:0,&quot;335551550&quot;:6,&quot;335551620&quot;:6,&quot;335559685&quot;:0,&quot;335559731&quot;:0,&quot;335559737&quot;:0,&quot;335559738&quot;:0,&quot;335559740&quot;:240,&quot;469777462&quot;:[720,1440,2160,2880,3600,4320,5040,5760,6480,7200,7920,8640,9360],&quot;469777927&quot;:[0,0,0,0,0,0,0,0,0,0,0,0,0],&quot;469777928&quot;:[1,1,1,1,1,1,1,1,1,1,1,1,1]}\">\u00a0<\/span><\/p>\n<p><span data-contrast=\"none\">Las celebraciones en la <strong>Plaza Alta<\/strong> contaron tambi\u00e9n con la participaci\u00f3n de <span style=\"color: #ff9900;\"><strong>migrantes de otras nacionalidades<\/strong><\/span> como las\/os <span style=\"color: #ff9900;\"><strong>subsaharianos<\/strong><\/span> que ven en Marruecos la \u00fanica representaci\u00f3n africana que sigue\u00a0 en el mundial. Ellas\/os compart\u00edan el <strong>j\u00fabilo<\/strong> y tambi\u00e9n gritaban:<strong> \u201c\u00a1vive le Maroc!\u201d\u00a0<\/strong><\/span><strong>\u00a0<\/strong><\/p>\n<p><span data-contrast=\"none\">Es digno de admirar ver <strong>c\u00f3mo la comunidad migrante en sus diferentes edades salieron a la calle para compartir su alegr\u00eda con el resto de la sociedad del Campo de Gibraltar<\/strong> que, pese al resultado, <strong>acogi\u00f3 y respet\u00f3 la alegr\u00eda de\u00a0 la afici\u00f3n de los \u2018Leones del Atlas\u2019.\u00a0<\/strong><\/span><strong>\u00a0<\/strong><\/p>\n<p><span data-contrast=\"none\">Este partido ha puesto en evidencia que el f\u00fatbol ha servido para darnos dos lecciones una, de cumplir con su labor de <strong>entretenimiento<\/strong>, y la otra, de <strong>comportamiento y convivencia<\/strong>.\u00a0<\/span><span data-ccp-props=\"{&quot;134233117&quot;:false,&quot;134233118&quot;:false,&quot;201341983&quot;:0,&quot;335551550&quot;:6,&quot;335551620&quot;:6,&quot;335559685&quot;:0,&quot;335559731&quot;:0,&quot;335559737&quot;:0,&quot;335559738&quot;:0,&quot;335559740&quot;:240,&quot;469777462&quot;:[720,1440,2160,2880,3600,4320,5040,5760,6480,7200,7920,8640,9360],&quot;469777927&quot;:[0,0,0,0,0,0,0,0,0,0,0,0,0],&quot;469777928&quot;:[1,1,1,1,1,1,1,1,1,1,1,1,1]}\">\u00a0<\/span><\/p>\n","protected":false},"excerpt":{"rendered":"<p>El civismo y la convivencia son probablemente los sustantivos que describir\u00edan el ambiente efervescente de alegr\u00eda que se respiraba en las calles de Algeciras tras la victoria de Marruecos sobre Espa\u00f1a.\u00a0\u00a0 Nadie esperaba que este suceso se transcurriese en un aut\u00e9ntico ambiente de civismo. Los medios de comunicaci\u00f3n y las redes sociales auguraban otra cosa: [&hellip;]<\/p>\n","protected":false},"author":1,"featured_media":5820,"comment_status":"open","ping_status":"closed","sticky":false,"template":"","format":"standard","meta":{"_et_pb_use_builder":"","_et_pb_old_content":"","_et_gb_content_width":"","_jetpack_newsletter_access":"","_jetpack_dont_email_post_to_subs":false,"_jetpack_newsletter_tier_id":0,"_jetpack_memberships_contains_paywalled_content":false,"_jetpack_feature_clip_id":0,"_jetpack_memberships_contains_paid_content":false,"footnotes":"","jetpack_post_was_ever_published":false},"categories":[104],"tags":[49,51,47,38,37,226,227,48,228],"class_list":["post-5816","post","type-post","status-publish","format-standard","has-post-thumbnail","hentry","category-mundo-global","tag-algeciras","tag-ciudadanos-extranjeros","tag-comunidad","tag-convivencia","tag-empatia","tag-futbol","tag-marruecos-espana","tag-pueblo","tag-qatar2022"],"jetpack_sharing_enabled":true,"jetpack_featured_media_url":"https:\/\/i0.wp.com\/migrantesenigualdad.es\/wp-content\/uploads\/2022\/12\/marruecos-espana-mundial-2022_d0ehoapv4fpx1gw7hmu0hujao.jpg?fit=1920%2C1080&ssl=1","post_mailing_queue_ids":[],"_links":{"self":[{"href":"https:\/\/migrantesenigualdad.es\/index.php\/wp-json\/wp\/v2\/posts\/5816","targetHints":{"allow":["GET"]}}],"collection":[{"href":"https:\/\/migrantesenigualdad.es\/index.php\/wp-json\/wp\/v2\/posts"}],"about":[{"href":"https:\/\/migrantesenigualdad.es\/index.php\/wp-json\/wp\/v2\/types\/post"}],"author":[{"embeddable":true,"href":"https:\/\/migrantesenigualdad.es\/index.php\/wp-json\/wp\/v2\/users\/1"}],"replies":[{"embeddable":true,"href":"https:\/\/migrantesenigualdad.es\/index.php\/wp-json\/wp\/v2\/comments?post=5816"}],"version-history":[{"count":0,"href":"https:\/\/migrantesenigualdad.es\/index.php\/wp-json\/wp\/v2\/posts\/5816\/revisions"}],"wp:featuredmedia":[{"embeddable":true,"href":"https:\/\/migrantesenigualdad.es\/index.php\/wp-json\/wp\/v2\/media\/5820"}],"wp:attachment":[{"href":"https:\/\/migrantesenigualdad.es\/index.php\/wp-json\/wp\/v2\/media?parent=5816"}],"wp:term":[{"taxonomy":"category","embeddable":true,"href":"https:\/\/migrantesenigualdad.es\/index.php\/wp-json\/wp\/v2\/categories?post=5816"},{"taxonomy":"post_tag","embeddable":true,"href":"https:\/\/migrantesenigualdad.es\/index.php\/wp-json\/wp\/v2\/tags?post=5816"}],"curies":[{"name":"wp","href":"https:\/\/api.w.org\/{rel}","templated":true}]}}