{"id":5808,"date":"2022-11-17T12:33:47","date_gmt":"2022-11-17T12:33:47","guid":{"rendered":"https:\/\/migrantesenigualdad.es\/?p=5808"},"modified":"2022-11-17T12:33:47","modified_gmt":"2022-11-17T12:33:47","slug":"el-mar-que-traga-personas","status":"publish","type":"post","link":"https:\/\/migrantesenigualdad.es\/index.php\/2022\/11\/17\/el-mar-que-traga-personas\/","title":{"rendered":"El mar que traga personas"},"content":{"rendered":"<p>La cineata espa\u00f1ola Paula Palacios ha dirigido <span style=\"color: #ff9900;\"><strong><em>Cartas mojadas<\/em><\/strong><\/span>, un documental sobre la <strong>tragedia migratoria en el Mediterr\u00e1neo<\/strong>. La cuenta una voz que emana desde el fondo de las aguas y los testimonios de las\/os migrantes que huyen de la <strong>dolorosa realidad<\/strong> de sus pa\u00edses y buscan <strong><span style=\"color: #ff9900;\">su sue\u00f1o europeo<\/span><\/strong>. Sucede en un mar que, cada d\u00eda, <span style=\"color: #ff9900;\"><strong>traga personas<\/strong> <\/span>que intentan cruzarlo y las cubre con un manto de olvido e indiferencia.<\/p>\n<p>Basada en una investigaci\u00f3n y documentaci\u00f3n previa de<strong> cinco a\u00f1os<\/strong>, la pel\u00edcula se centra en una operaci\u00f3n del barco humanitario <strong><em>Open Arms<\/em><\/strong> que pretende salvar la vida de 550 migrantes que est\u00e1n a punto de naufragar. La directora no se limita solo a documentar el suceso, sino que busca su origen, las circunstancias previas que han vivido los personas protagonistas: las <strong>torturas<\/strong> y <strong>violaciones<\/strong> que han sufrido en<strong> Libia<\/strong> antes de embarcar.<\/p>\n<p>El documental, que dura 81 minutos, recuerda tambi\u00e9n a las miles de <strong>personas an\u00f3nimas<\/strong> cuyas vidas e historias personales hemos perdido para siempre porque han muerto en el intento de cruzar el Mediterr\u00e1neo para llegar a Europa. <strong><em>Cartas mojadas<\/em><\/strong>, que ha sido nominada en nueve candidaturas de los premios Goya de 2023, incluye una critica a la pasividad de los gobiernos, estados y organismos internacionales ante esta tragedia.<\/p>\n<p>Paula Palacios ha realizado varios documentales sobre la migraci\u00f3n. Su labor la llev\u00f3 a embarcarse en <strong>buques de salvamiento mar\u00edtimo<\/strong> y a contactar con guardacostas para plasmar las circunstancias que viven las personas que zarpan de la orilla sur mediterr\u00e1nea antes y durante su viaje. Intenta hacernos llegar las razones y los porqu\u00e9s de estas personas. La <strong>Asociaci\u00f3n Internacional de Documentales<\/strong>, con sede en Los <strong>\u00c1ngeles<\/strong>, y <strong>Netflix<\/strong> han elegido a Palacios como <span style=\"color: #ff9900;\"><strong>cineasta emergente global<\/strong><\/span>.<\/p>\n","protected":false},"excerpt":{"rendered":"<p>La cineata espa\u00f1ola Paula Palacios ha dirigido Cartas mojadas, un documental sobre la tragedia migratoria en el Mediterr\u00e1neo. La cuenta una voz que emana desde el fondo de las aguas y los testimonios de las\/os migrantes que huyen de la dolorosa realidad de sus pa\u00edses y buscan su sue\u00f1o europeo. Sucede en un mar que, [&hellip;]<\/p>\n","protected":false},"author":1,"featured_media":5809,"comment_status":"open","ping_status":"closed","sticky":false,"template":"","format":"standard","meta":{"_et_pb_use_builder":"","_et_pb_old_content":"","_et_gb_content_width":"","_jetpack_newsletter_access":"","_jetpack_dont_email_post_to_subs":false,"_jetpack_newsletter_tier_id":0,"_jetpack_memberships_contains_paywalled_content":false,"_jetpack_feature_clip_id":0,"_jetpack_memberships_contains_paid_content":false,"footnotes":"","jetpack_post_was_ever_published":false},"categories":[104],"tags":[221,223,224,225,222],"class_list":["post-5808","post","type-post","status-publish","format-standard","has-post-thumbnail","hentry","category-mundo-global","tag-cartas-mojadas","tag-cine-demigracion","tag-migrantes-enigualdad","tag-open-arms","tag-paula-palacios"],"jetpack_sharing_enabled":true,"jetpack_featured_media_url":"https:\/\/i0.wp.com\/migrantesenigualdad.es\/wp-content\/uploads\/2022\/11\/cartas-.jpeg?fit=1200%2C675&ssl=1","post_mailing_queue_ids":[],"_links":{"self":[{"href":"https:\/\/migrantesenigualdad.es\/index.php\/wp-json\/wp\/v2\/posts\/5808","targetHints":{"allow":["GET"]}}],"collection":[{"href":"https:\/\/migrantesenigualdad.es\/index.php\/wp-json\/wp\/v2\/posts"}],"about":[{"href":"https:\/\/migrantesenigualdad.es\/index.php\/wp-json\/wp\/v2\/types\/post"}],"author":[{"embeddable":true,"href":"https:\/\/migrantesenigualdad.es\/index.php\/wp-json\/wp\/v2\/users\/1"}],"replies":[{"embeddable":true,"href":"https:\/\/migrantesenigualdad.es\/index.php\/wp-json\/wp\/v2\/comments?post=5808"}],"version-history":[{"count":0,"href":"https:\/\/migrantesenigualdad.es\/index.php\/wp-json\/wp\/v2\/posts\/5808\/revisions"}],"wp:featuredmedia":[{"embeddable":true,"href":"https:\/\/migrantesenigualdad.es\/index.php\/wp-json\/wp\/v2\/media\/5809"}],"wp:attachment":[{"href":"https:\/\/migrantesenigualdad.es\/index.php\/wp-json\/wp\/v2\/media?parent=5808"}],"wp:term":[{"taxonomy":"category","embeddable":true,"href":"https:\/\/migrantesenigualdad.es\/index.php\/wp-json\/wp\/v2\/categories?post=5808"},{"taxonomy":"post_tag","embeddable":true,"href":"https:\/\/migrantesenigualdad.es\/index.php\/wp-json\/wp\/v2\/tags?post=5808"}],"curies":[{"name":"wp","href":"https:\/\/api.w.org\/{rel}","templated":true}]}}