{"id":5803,"date":"2022-11-17T08:07:02","date_gmt":"2022-11-17T08:07:02","guid":{"rendered":"https:\/\/migrantesenigualdad.es\/?p=5803"},"modified":"2022-11-17T08:07:02","modified_gmt":"2022-11-17T08:07:02","slug":"ghita-thata-cada-migrante-tiene-un-motivo-o-un-objetivo-para-migrar-no-por-gusto","status":"publish","type":"post","link":"https:\/\/migrantesenigualdad.es\/index.php\/2022\/11\/17\/ghita-thata-cada-migrante-tiene-un-motivo-o-un-objetivo-para-migrar-no-por-gusto\/","title":{"rendered":"Ghita Thata \u201cCada migrante tiene un motivo o un objetivo para migrar, no por gusto\u201d"},"content":{"rendered":"<p>Ghita, natural de Larache, emigr\u00f3 de su pueblo hace m\u00e1s de 15 a\u00f1os buscando una oportunidad que le ofreciera mejorar su situaci\u00f3n, con una oferta de empleo se lanz\u00f3 a la aventura migrante aterrizando en la provincia de C\u00e1diz donde sigue residiendo desde entonces.<\/p>\n<p>Para ella una de las preguntas m\u00e1s dif\u00edciles de contestar es: \u00bfPor qu\u00e9 vino a Espa\u00f1a?. <strong><em>\u201cYo me vine a Espa\u00f1a para mejorar la situaci\u00f3n de mis hijas y darles la oportunidad de estudiar y tambi\u00e9n para huir del maltrato de mi marido\u201d.<\/em><\/strong><\/p>\n<p>En Marruecos no le faltaba el trabajo, el dominio de hablar varios idiomas; ingl\u00e9s, franc\u00e9s y alem\u00e1n le abri\u00f3 varias puertas en el mercado laboral. <strong><em>\u201cEn mi pa\u00eds yo no era una mujer de cultura marroqu\u00ed o \u00e1rabe cien por cien, yo llevaba vestidos, pantal\u00f3n, pelo suelto, trabajadora<\/em>.\u201d<\/strong> Compaginaba su trabajo con el voluntariado social que hacia en una asociaci\u00f3n de mujeres.<\/p>\n<p>Debido a una mala situaci\u00f3n de pareja perdi\u00f3 todo lo que hab\u00eda construido, perdi\u00f3 su trabajo y no ten\u00eda como abastecerse. En ese t\u00fanel sin salida Ghita vi\u00f3 la oportunidad de migrar a Espa\u00f1a, lleg\u00f3 sola, dejando atr\u00e1s a sus cuatro hijos, a su familia, su hogar y sus amigos. A los cuatro a\u00f1os de residencia trabaj\u00f3 y logr\u00f3 reagrupar a sus dos hijas, quienes hoy en d\u00eda tienen un buen trabajo y una vida satisfactor\u00eda, de lo que Ghita se siente muy orgullosa.<\/p>\n<p>A pesar de la mala racha que la hizo migrar de su pa\u00eds para buscar una vida mejor, no puede dejar de a\u00f1orar, su pueblo, sus costumbre, su religi\u00f3n, sus comidas y toda su cultura. En Algeciras se siente arropada por sus amigos, que los considera como su familia. Desde que lleg\u00f3 se ha implicado en la ciudad siendo voluntaria de proyectos sociales fomentando la convivencia e integraci\u00f3n de la poblaci\u00f3n migrante.<\/p>\n<p>Al estar tan en contacto con la gente de a pi\u00e9 le preguntamos a Ghita si ha sufrido alguna vez racismo, y nos cuenta como ella ni siquiera entend\u00eda la palabra racismo, que no le daba importancia, no entendia el rechazo, lo justificaba como si se tratar\u00e1 de un mal entendido, pero despu\u00e9s de investigar, de tratar de buscar una l\u00f3gica y hablar con personas mayores lleg\u00f3 a la conclusi\u00f3n que el rechazo ven\u00eda de d\u00e9cadas atr\u00e1s donde hab\u00eda ideas preconcebidas sobre los marroqui\u00e9s debido a la Guerra Civil <strong><em>\u201cYo tengo que cambiar esas ideas y ganarme su cari\u00f1o\u201d<\/em><\/strong><\/p>\n<p>Ghita es una persona comprometida socialmente,\u00a0 debido a su trayectoria en la vida asociativa de la comarca, es conocedora de la realidad de las personas que habitan los barrios desfavorecidos y si ella pudiera cambiar algo lo tiene claro; <strong><em>\u00a0\u201cDe Algeciras cambiar\u00eda a la gente que manda, los intercambiar\u00eda por unos instantes por la gente pobre o de las barriadas desfavorecidas, para que vieran como se pueden vivir\u201d. <\/em><\/strong>Actualmente es la mediadora intercultural de Un barrio de tod@s, cada d\u00eda se implica en la lucha por la mejora de la situaci\u00f3n de la comunidad, participando y creando actividades que fomentan la integraci\u00f3n, el entendimiento y la convivencia vecinal. <strong><em>\u201cLa convivencia se consigue cuando sientes que est\u00e1s en tu ciudad\u201d.<\/em><\/strong><\/p>\n","protected":false},"excerpt":{"rendered":"<p>Ghita, natural de Larache, emigr\u00f3 de su pueblo hace m\u00e1s de 15 a\u00f1os buscando una oportunidad que le ofreciera mejorar su situaci\u00f3n, con una oferta de empleo se lanz\u00f3 a la aventura migrante aterrizando en la provincia de C\u00e1diz donde sigue residiendo desde entonces. Para ella una de las preguntas m\u00e1s dif\u00edciles de contestar es: [&hellip;]<\/p>\n","protected":false},"author":1,"featured_media":5804,"comment_status":"open","ping_status":"closed","sticky":false,"template":"","format":"standard","meta":{"_et_pb_use_builder":"","_et_pb_old_content":"","_et_gb_content_width":"","_jetpack_newsletter_access":"","_jetpack_dont_email_post_to_subs":false,"_jetpack_newsletter_tier_id":0,"_jetpack_memberships_contains_paywalled_content":false,"_jetpack_feature_clip_id":0,"_jetpack_memberships_contains_paid_content":false,"footnotes":"","jetpack_post_was_ever_published":false},"categories":[189],"tags":[218,163,63,217,216,72],"class_list":["post-5803","post","type-post","status-publish","format-standard","has-post-thumbnail","hentry","category-historias-de-vida","tag-anecdotas","tag-cultura","tag-historias-de-vida","tag-idioma","tag-rumania","tag-tesorillo"],"jetpack_sharing_enabled":true,"jetpack_featured_media_url":"https:\/\/i0.wp.com\/migrantesenigualdad.es\/wp-content\/uploads\/2022\/11\/Ghita.jpg?fit=720%2C538&ssl=1","post_mailing_queue_ids":[],"_links":{"self":[{"href":"https:\/\/migrantesenigualdad.es\/index.php\/wp-json\/wp\/v2\/posts\/5803","targetHints":{"allow":["GET"]}}],"collection":[{"href":"https:\/\/migrantesenigualdad.es\/index.php\/wp-json\/wp\/v2\/posts"}],"about":[{"href":"https:\/\/migrantesenigualdad.es\/index.php\/wp-json\/wp\/v2\/types\/post"}],"author":[{"embeddable":true,"href":"https:\/\/migrantesenigualdad.es\/index.php\/wp-json\/wp\/v2\/users\/1"}],"replies":[{"embeddable":true,"href":"https:\/\/migrantesenigualdad.es\/index.php\/wp-json\/wp\/v2\/comments?post=5803"}],"version-history":[{"count":0,"href":"https:\/\/migrantesenigualdad.es\/index.php\/wp-json\/wp\/v2\/posts\/5803\/revisions"}],"wp:featuredmedia":[{"embeddable":true,"href":"https:\/\/migrantesenigualdad.es\/index.php\/wp-json\/wp\/v2\/media\/5804"}],"wp:attachment":[{"href":"https:\/\/migrantesenigualdad.es\/index.php\/wp-json\/wp\/v2\/media?parent=5803"}],"wp:term":[{"taxonomy":"category","embeddable":true,"href":"https:\/\/migrantesenigualdad.es\/index.php\/wp-json\/wp\/v2\/categories?post=5803"},{"taxonomy":"post_tag","embeddable":true,"href":"https:\/\/migrantesenigualdad.es\/index.php\/wp-json\/wp\/v2\/tags?post=5803"}],"curies":[{"name":"wp","href":"https:\/\/api.w.org\/{rel}","templated":true}]}}