{"id":5791,"date":"2022-11-15T16:43:36","date_gmt":"2022-11-15T16:43:36","guid":{"rendered":"https:\/\/migrantesenigualdad.es\/?p=5791"},"modified":"2024-05-15T06:27:09","modified_gmt":"2024-05-15T06:27:09","slug":"informe-juventud","status":"publish","type":"post","link":"https:\/\/migrantesenigualdad.es\/index.php\/2022\/11\/15\/informe-juventud\/","title":{"rendered":"J\u00f3venes y racismo. Estudio sobre percepciones y actitudes racistas y xen\u00f3fobas entre la poblaci\u00f3n joven de Espa\u00f1a."},"content":{"rendered":"<p style=\"text-align: justify;\">El equipo Andaira de Madrid ha elaborado un informe sobre las posturas de la gente joven ante la discriminaci\u00f3n, el racismo y la xenofobia. Este informe, parte de los datos sobre la evoluci\u00f3n de los delitos de odio en Espa\u00f1a en 2021, que recoge el preocupante aumento de los mismos respecto a 2019, especialmente los referentes delitos de car\u00e1cter xen\u00f3fobo y racista, que suponen un <strong>35,4%<\/strong> del total.<\/p>\n<p style=\"text-align: justify;\">En Espa\u00f1a las migraciones han sido uno de los fen\u00f3menos sociales m\u00e1s importantes que se han desarrollado en los \u00faltimos a\u00f1os. El n\u00famero de personas procedentes de otros pa\u00edses creci\u00f3 considerablemente. Actualmente, en el a\u00f1o 2022 esta cifra es de<strong> 5.417.883 personas migrantes<\/strong> seg\u00fan el INE. Por ello, se considera de vital importancia analizar las percepciones que la poblaci\u00f3n aut\u00f3ctona (joven especialmente) tiene acerca de las personas que migran hasta nuestro pa\u00eds.<\/p>\n<p style=\"text-align: justify;\">El informe trabaja alrededor de 3 objetivos principalmente:<\/p>\n<ul style=\"text-align: justify;\">\n<li><strong>Conocer el grado de discriminaci\u00f3n que sufre y ejerce la poblaci\u00f3n joven<\/strong> por razones de origen, etnia, cultura y\/o religi\u00f3n, as\u00ed como el grado en que se percibe que dicha discriminaci\u00f3n opera en nuestra sociedad, atendiendo a la existencia de estereotipos, aptitudes racistas o xen\u00f3fobas y experiencias de coexistencia y convivencia.<\/li>\n<li><strong>Conocer otros tipos de discriminaciones<\/strong> que puedan estar operando hacia y desde la juventud en toda su complejidad desde una mirada interseccional.<\/li>\n<li><strong>Identificar y caracterizar<\/strong> la relevancia e influencia de los valores comunes entre la juventud, as\u00ed como la percepci\u00f3n de si misma como grupo social.<\/li>\n<\/ul>\n<p style=\"text-align: justify;\">Sin duda una de las conclusiones clave que podemos sacar de este informe, es que los comportamientos racistas que m\u00e1s se dan, son aquellos que m\u00e1s pasan desapercibidos. Por ejemplo:<\/p>\n<ul style=\"text-align: justify;\">\n<li><strong>Dar de lado o ignorar a alguien en el lugar de trabajo o estudio.<\/strong><\/li>\n<li><strong>Actitudes de desconfianza como cruzar de acera o cambiarse de sitio en el transporte p\u00fablico.<\/strong><\/li>\n<\/ul>\n<p style=\"text-align: justify;\">En cuanto a estos comportamientos, podemos observar algunas diferencias entre la poblaci\u00f3n joven. Encontramos que aquellos<strong> no universitarios realizan este tipo de conductas el doble en porcentaje que los que son universitarios.\u00a0<\/strong><\/p>\n<p style=\"text-align: justify;\">Adem\u00e1s, encontramos que en la <strong>franja de 20 a 24 a\u00f1os<\/strong> es en la que m\u00e1s se llevan a cabo este tipo de comportamientos. Podemos observar tambi\u00e9n en cuanto a ideolog\u00eda pol\u00edtica, que las personas que m\u00e1s actitudes racistas presentan seg\u00fan este informe, son aquellas m\u00e1s afines a una ideolog\u00eda de derechas o extrema derecha.<\/p>\n<p style=\"text-align: justify;\">En cuanto a los elementos m\u00e1s influyentes en la difusi\u00f3n de discursos racistas en Espa\u00f1a , llama la atenci\u00f3n que en todos los grupos poblacionales, separados por sexo, edad, ideolog\u00eda o nivel de estudios, la variable que m\u00e1s influye es <strong>la imagen que en algunos medios de comunicaci\u00f3n se proyecta de la poblaci\u00f3n migrante.<\/strong><\/p>\n<p style=\"text-align: justify;\"><a href=\"https:\/\/migrantesenigualdad.es\/wp-content\/uploads\/2022\/11\/Informe-Juventud-y-Racismo-2022.pdf\">Informe sobre Juventud y Racismo 2022<\/a><\/p>\n","protected":false},"excerpt":{"rendered":"<p>El equipo Andaira de Madrid ha elaborado un informe sobre las posturas de la gente joven ante la discriminaci\u00f3n, el racismo y la xenofobia. Este informe, parte de los datos sobre la evoluci\u00f3n de los delitos de odio en Espa\u00f1a en 2021, que recoge el preocupante aumento de los mismos respecto a 2019, especialmente los [&hellip;]<\/p>\n","protected":false},"author":1,"featured_media":5799,"comment_status":"open","ping_status":"closed","sticky":false,"template":"","format":"standard","meta":{"_et_pb_use_builder":"","_et_pb_old_content":"","_et_gb_content_width":"","_jetpack_newsletter_access":"","_jetpack_dont_email_post_to_subs":false,"_jetpack_newsletter_tier_id":0,"_jetpack_memberships_contains_paywalled_content":false,"_jetpack_feature_clip_id":0,"_jetpack_memberships_contains_paid_content":false,"footnotes":"","jetpack_post_was_ever_published":false},"categories":[173],"tags":[177,220,219,12,202],"class_list":["post-5791","post","type-post","status-publish","format-standard","has-post-thumbnail","hentry","category-informes","tag-delitos-de-odio","tag-jovenes","tag-percepcion","tag-racismo","tag-xenofobia"],"jetpack_sharing_enabled":true,"jetpack_featured_media_url":"https:\/\/i0.wp.com\/migrantesenigualdad.es\/wp-content\/uploads\/2022\/11\/Percepcion-jovenes.png?fit=585%2C572&ssl=1","post_mailing_queue_ids":[],"_links":{"self":[{"href":"https:\/\/migrantesenigualdad.es\/index.php\/wp-json\/wp\/v2\/posts\/5791","targetHints":{"allow":["GET"]}}],"collection":[{"href":"https:\/\/migrantesenigualdad.es\/index.php\/wp-json\/wp\/v2\/posts"}],"about":[{"href":"https:\/\/migrantesenigualdad.es\/index.php\/wp-json\/wp\/v2\/types\/post"}],"author":[{"embeddable":true,"href":"https:\/\/migrantesenigualdad.es\/index.php\/wp-json\/wp\/v2\/users\/1"}],"replies":[{"embeddable":true,"href":"https:\/\/migrantesenigualdad.es\/index.php\/wp-json\/wp\/v2\/comments?post=5791"}],"version-history":[{"count":1,"href":"https:\/\/migrantesenigualdad.es\/index.php\/wp-json\/wp\/v2\/posts\/5791\/revisions"}],"predecessor-version":[{"id":6702,"href":"https:\/\/migrantesenigualdad.es\/index.php\/wp-json\/wp\/v2\/posts\/5791\/revisions\/6702"}],"wp:featuredmedia":[{"embeddable":true,"href":"https:\/\/migrantesenigualdad.es\/index.php\/wp-json\/wp\/v2\/media\/5799"}],"wp:attachment":[{"href":"https:\/\/migrantesenigualdad.es\/index.php\/wp-json\/wp\/v2\/media?parent=5791"}],"wp:term":[{"taxonomy":"category","embeddable":true,"href":"https:\/\/migrantesenigualdad.es\/index.php\/wp-json\/wp\/v2\/categories?post=5791"},{"taxonomy":"post_tag","embeddable":true,"href":"https:\/\/migrantesenigualdad.es\/index.php\/wp-json\/wp\/v2\/tags?post=5791"}],"curies":[{"name":"wp","href":"https:\/\/api.w.org\/{rel}","templated":true}]}}