{"id":5787,"date":"2022-11-15T10:10:57","date_gmt":"2022-11-15T10:10:57","guid":{"rendered":"https:\/\/migrantesenigualdad.es\/?p=5787"},"modified":"2022-11-15T10:25:25","modified_gmt":"2022-11-15T10:25:25","slug":"nuestras-vecinas-de-tesorillo","status":"publish","type":"post","link":"https:\/\/migrantesenigualdad.es\/index.php\/2022\/11\/15\/nuestras-vecinas-de-tesorillo\/","title":{"rendered":"????????? ?? ????: ???????? ??????? ?? ??? ????\u00ed? ??? ?????????"},"content":{"rendered":"<p>Hace poco, conocimos a nuestras vecinas rumanas que llegaron hace m\u00e1s de 15 a\u00f1os a San Mart\u00edn del Tesorillo. Ellas son Irina, Iulia, Daniela, Simona, Bordi y Aurora. Pudimos compartir con ellas un muy buen rato en una tarde, en la que nos pudieron contar algunas de sus <em>Historias de vida.<\/em><\/p>\n<p>Con ellas, pudimos conocer las enormes dificultades a las que se enfrentan las personas migrantes cuando vienen a nuestro pa\u00eds y m\u00e1s si como es su caso, eres mujer migrante. Nos contaron que sufrieron en sus carnes la discriminaci\u00f3n al venir a Espa\u00f1a, pues en muchos casos al no tener la residencia legal, otras personas aprovechaban para que trabajaran en condiciones nada deseables y por un sueldo bastante escaso. Sin embargo, tambi\u00e9n nos reconocen que al llegar aqu\u00ed han encontrado otras personas que les han ayudado y les han hecho su estancia mucho m\u00e1s agradable y f\u00e1cil. Bordi nos contaba que ella no distingue entre pa\u00edses de procedencia de las personas, sino que \u201chay gente buena y gente mala\u201d.<\/p>\n<p>Sus comienzos en Tesorillo no fueron f\u00e1ciles. Irina nos cont\u00f3 que comenz\u00f3 trabajando en la recogida de fruta y lo poco que ganaba ten\u00eda que dividirlo entre mandarlo a su pa\u00eds a sus hijas que all\u00ed hab\u00eda dejado y sobrevivir ella misma. Su intenci\u00f3n era conseguir traer a sus hijas para que no vivieran lo mismo que ella en su pueblo de Ruman\u00eda. Por otro lado, Simona nos cuenta que tuvo que vender todos los animales que ten\u00eda en su pa\u00eds para venir a Espa\u00f1a. Cuando lleg\u00f3 aqu\u00ed tuvo muy dif\u00edcil poder trabajar y como muchas otras personas migrantes, lo hizo en la recogida de la naranja. Actualmente, junto con su marido, tiene su propia empresa de mantenimiento y jardiner\u00eda, por lo que se ha convertido en toda una emprendedora.<\/p>\n<p>Cuando les preguntamos c\u00f3mo ha sido su experiencia con las personas espa\u00f1olas, Irina nos cont\u00f3 una an\u00e9cdota muy curiosa sobre c\u00f3mo sus hijas aprendieron espa\u00f1ol gracias a una vecina. \u201cSiempre escuchas comentarios en el colegio, racismo siempre hay, pero a m\u00ed me da lo mismo porque somos todos iguales y tenemos los mismos derechos. En general, me han tratado bien a m\u00ed y a mis hijas\u201d. Bordi nos dice que muchas veces entre los propios rumanos que hay en el pueblo, son los que se \u201ccomen entre ellos\u201d, pero que deber\u00edan apoyarse y ayudarse, ya que vienen con las mismas dificultades y problemas. Sin embargo, destacaba bastante que en el hospital y en la sanidad espa\u00f1ola le han tratado como en ning\u00fan sitio. Est\u00e1 inmensamente agradecida a nuestros\/as sanitarios\/as.<\/p>\n<p>\u201cCreo que es muy importante el c\u00f3mo te cr\u00edan en tu familia\u201d nos cuenta Bordi. Para ella, la forma en que de transmiten valores tus padres o tu familia, es esencial para que seas de una manera o de otra, y no tanto del pa\u00eds en el que hayas nacido.<\/p>\n<p>Daniela nos cont\u00f3 que una vez sus ni\u00f1os vinieron del colegio diciendo que les hab\u00edan dicho que se fueran a su pa\u00eds porque ven\u00edan a quitarles el trabajo. Al fin y al cabo, los ni\u00f1os repiten comentarios que escuchan por parte de sus familias y este caso que nos cuenta Daniela es un claro ejemplo de ello. A pesar de esto, todas nos dijeron que hab\u00edan sido bien tratadas en Espa\u00f1a.<\/p>\n<p>Hablamos de las diferencias culturales entre Ruman\u00eda y Espa\u00f1a y Iulia nos dice que la zona de la que se viene influye mucho a nivel de mentalidad. Ella y su madre Aurora, provienen de una zona rural de Ruman\u00eda y nos dice que all\u00ed se tiene una cultura diferente a la de aqu\u00ed y en cierto modo m\u00e1s conservadora.<\/p>\n<p>Nos llam\u00f3 la atenci\u00f3n que all\u00ed el garbanzo a penas se utiliza en la comida, pero que por el resto de cosas nos contaba Aurora, es igual que aqu\u00ed. \u201cEl marisco all\u00ed tampoco lo solemos consumir al vivir en una zona rural, pero carne tienes toda la que quieras\u201d concretaba Iulia.<\/p>\n<p>Una de las an\u00e9cdotas m\u00e1s graciosas de la tarde fue cuando hablamos del tema del idioma. Daniela nos dijo que Irina hablaba mitad espa\u00f1ol y mitad rumano cuando hablaba con ellas. Hac\u00eda una especie de mezcla del idioma. Todas rieron. Otro hecho muy curioso fue cuando Iulia nos dijo que contaba en rumano, pero pensaba en espa\u00f1ol, a pesar de haber llegado aqu\u00ed con 14 a\u00f1os.<\/p>\n<p>Por \u00faltimo, hablamos de los estereotipos. Iulia nos dice que hace unos a\u00f1os cuando ve\u00edan una persona que estaba en la calle sin hacer nada y bebiendo alcohol ya pensaban que era rumano, sin saber. Eso ahora ha cambiado y la gente del pueblo, tras haber conocido a muchas personas de Ruman\u00eda como ellas ha cambiado su parecer. Ahora las juzgan por lo que son, personas trabajadoras y no por lo que creen que son en base a prejuicios y estereotipos sobre su pa\u00eds de procedencia.<\/p>\n<p>Pasamos una tarde muy amena y entretenida con nuestras vecinas de Tesorillo y nos encant\u00f3 escuchar sus vivencias y sus puntos de vista.<\/p>\n<p>\u00a1Muchas gracias por compartir vuestro preciado tiempo con nosotros\/as!<\/p>\n","protected":false},"excerpt":{"rendered":"<p>Hace poco, conocimos a nuestras vecinas rumanas que llegaron hace m\u00e1s de 15 a\u00f1os a San Mart\u00edn del Tesorillo. Ellas son Irina, Iulia, Daniela, Simona, Bordi y Aurora. Pudimos compartir con ellas un muy buen rato en una tarde, en la que nos pudieron contar algunas de sus Historias de vida. Con ellas, pudimos conocer [&hellip;]<\/p>\n","protected":false},"author":1,"featured_media":5784,"comment_status":"open","ping_status":"closed","sticky":false,"template":"","format":"standard","meta":{"_et_pb_use_builder":"","_et_pb_old_content":"","_et_gb_content_width":"","_jetpack_newsletter_access":"","_jetpack_dont_email_post_to_subs":false,"_jetpack_newsletter_tier_id":0,"_jetpack_memberships_contains_paywalled_content":false,"_jetpack_feature_clip_id":0,"_jetpack_memberships_contains_paid_content":false,"footnotes":"","jetpack_post_was_ever_published":false},"categories":[189],"tags":[218,163,63,217,216,72],"class_list":["post-5787","post","type-post","status-publish","format-standard","has-post-thumbnail","hentry","category-historias-de-vida","tag-anecdotas","tag-cultura","tag-historias-de-vida","tag-idioma","tag-rumania","tag-tesorillo"],"jetpack_sharing_enabled":true,"jetpack_featured_media_url":"https:\/\/i0.wp.com\/migrantesenigualdad.es\/wp-content\/uploads\/2022\/11\/Foto-Transcripcion-Tesorillo-1.jpeg?fit=1991%2C1105&ssl=1","post_mailing_queue_ids":[],"_links":{"self":[{"href":"https:\/\/migrantesenigualdad.es\/index.php\/wp-json\/wp\/v2\/posts\/5787","targetHints":{"allow":["GET"]}}],"collection":[{"href":"https:\/\/migrantesenigualdad.es\/index.php\/wp-json\/wp\/v2\/posts"}],"about":[{"href":"https:\/\/migrantesenigualdad.es\/index.php\/wp-json\/wp\/v2\/types\/post"}],"author":[{"embeddable":true,"href":"https:\/\/migrantesenigualdad.es\/index.php\/wp-json\/wp\/v2\/users\/1"}],"replies":[{"embeddable":true,"href":"https:\/\/migrantesenigualdad.es\/index.php\/wp-json\/wp\/v2\/comments?post=5787"}],"version-history":[{"count":0,"href":"https:\/\/migrantesenigualdad.es\/index.php\/wp-json\/wp\/v2\/posts\/5787\/revisions"}],"wp:featuredmedia":[{"embeddable":true,"href":"https:\/\/migrantesenigualdad.es\/index.php\/wp-json\/wp\/v2\/media\/5784"}],"wp:attachment":[{"href":"https:\/\/migrantesenigualdad.es\/index.php\/wp-json\/wp\/v2\/media?parent=5787"}],"wp:term":[{"taxonomy":"category","embeddable":true,"href":"https:\/\/migrantesenigualdad.es\/index.php\/wp-json\/wp\/v2\/categories?post=5787"},{"taxonomy":"post_tag","embeddable":true,"href":"https:\/\/migrantesenigualdad.es\/index.php\/wp-json\/wp\/v2\/tags?post=5787"}],"curies":[{"name":"wp","href":"https:\/\/api.w.org\/{rel}","templated":true}]}}