{"id":5780,"date":"2022-11-11T10:56:12","date_gmt":"2022-11-11T10:56:12","guid":{"rendered":"https:\/\/migrantesenigualdad.es\/?p=5780"},"modified":"2022-11-11T10:56:12","modified_gmt":"2022-11-11T10:56:12","slug":"swing-of-change","status":"publish","type":"post","link":"https:\/\/migrantesenigualdad.es\/index.php\/2022\/11\/11\/swing-of-change\/","title":{"rendered":"????? ?? ??????. Un cortometraje contra el racismo."},"content":{"rendered":"<p>????? ?? ?????? es un cortometraje que no s\u00f3lo destaca por su calidad de animaci\u00f3n, sino tambi\u00e9n por la historia tan pulida y conmovedora que se desarrolla en el Nueva York de los a\u00f1os 30. Cuesta creer que sea un cortometraje elaborado por estudiantes, por toda la calidad que atesora. Puede competir sin duda con cualquiera a nivel profesional.<\/p>\n<p>Harry es un barbero al que por cuestiones del destino llega a sus manos una trompeta m\u00e1gica que cambia por completo su vida y su forma de ver el mundo. Sin duda, el racismo es la respuesta del hombre ante lo desconocido, aquello a lo que tiene miedo o envidia. Esta ficci\u00f3n tan solo es una muestra m\u00e1s de la existencia del racismo en muchas facetas de la sociedad. Puede ser tu peluquero, el cartero o el camarero que te atiende en el bar de siempre. Todos y todas tenemos actitudes racistas, pero est\u00e1 en nuestra mano coger esa trompeta m\u00e1gica como la de Harry y cambiar nuestras mentes. Al fin y al cabo , se trata de que pongamos de nuestra parte para deconstruirnos e ir desprendi\u00e9ndonos de los prejuicios.<\/p>\n<p>Pod\u00e9is ver este cortometraje en el siguiente enlace:<\/p>\n<p><a href=\"https:\/\/www.youtube.com\/watch?v=QJO77sMfp34\">https:\/\/www.youtube.com\/watch?v=QJO77sMfp34<\/a><\/p>\n","protected":false},"excerpt":{"rendered":"<p>????? ?? ?????? es un cortometraje que no s\u00f3lo destaca por su calidad de animaci\u00f3n, sino tambi\u00e9n por la historia tan pulida y conmovedora que se desarrolla en el Nueva York de los a\u00f1os 30. Cuesta creer que sea un cortometraje elaborado por estudiantes, por toda la calidad que atesora. Puede competir sin duda con [&hellip;]<\/p>\n","protected":false},"author":1,"featured_media":5752,"comment_status":"open","ping_status":"closed","sticky":false,"template":"","format":"standard","meta":{"_et_pb_use_builder":"","_et_pb_old_content":"","_et_gb_content_width":"","_jetpack_newsletter_access":"","_jetpack_dont_email_post_to_subs":false,"_jetpack_newsletter_tier_id":0,"_jetpack_memberships_contains_paywalled_content":false,"_jetpack_feature_clip_id":0,"_jetpack_memberships_contains_paid_content":false,"footnotes":"","jetpack_post_was_ever_published":false},"categories":[109],"tags":[213,212,215,12,214],"class_list":["post-5780","post","type-post","status-publish","format-standard","has-post-thumbnail","hentry","category-cine","tag-change","tag-en-clave-de-cine","tag-mentalidad","tag-racismo","tag-tolerancia"],"jetpack_sharing_enabled":true,"jetpack_featured_media_url":"https:\/\/i0.wp.com\/migrantesenigualdad.es\/wp-content\/uploads\/2022\/11\/Swing_of_change-CSF-01.jpg?fit=1280%2C720&ssl=1","post_mailing_queue_ids":[],"_links":{"self":[{"href":"https:\/\/migrantesenigualdad.es\/index.php\/wp-json\/wp\/v2\/posts\/5780","targetHints":{"allow":["GET"]}}],"collection":[{"href":"https:\/\/migrantesenigualdad.es\/index.php\/wp-json\/wp\/v2\/posts"}],"about":[{"href":"https:\/\/migrantesenigualdad.es\/index.php\/wp-json\/wp\/v2\/types\/post"}],"author":[{"embeddable":true,"href":"https:\/\/migrantesenigualdad.es\/index.php\/wp-json\/wp\/v2\/users\/1"}],"replies":[{"embeddable":true,"href":"https:\/\/migrantesenigualdad.es\/index.php\/wp-json\/wp\/v2\/comments?post=5780"}],"version-history":[{"count":0,"href":"https:\/\/migrantesenigualdad.es\/index.php\/wp-json\/wp\/v2\/posts\/5780\/revisions"}],"wp:featuredmedia":[{"embeddable":true,"href":"https:\/\/migrantesenigualdad.es\/index.php\/wp-json\/wp\/v2\/media\/5752"}],"wp:attachment":[{"href":"https:\/\/migrantesenigualdad.es\/index.php\/wp-json\/wp\/v2\/media?parent=5780"}],"wp:term":[{"taxonomy":"category","embeddable":true,"href":"https:\/\/migrantesenigualdad.es\/index.php\/wp-json\/wp\/v2\/categories?post=5780"},{"taxonomy":"post_tag","embeddable":true,"href":"https:\/\/migrantesenigualdad.es\/index.php\/wp-json\/wp\/v2\/tags?post=5780"}],"curies":[{"name":"wp","href":"https:\/\/api.w.org\/{rel}","templated":true}]}}