{"id":5745,"date":"2022-11-04T09:02:00","date_gmt":"2022-11-04T09:02:00","guid":{"rendered":"https:\/\/migrantesenigualdad.es\/?p=5745"},"modified":"2022-11-04T09:02:00","modified_gmt":"2022-11-04T09:02:00","slug":"houssam-puedo-convivir-tanto-con-la-tipica-familia-andaluza-como-con-la-tipica-familia-moruna","status":"publish","type":"post","link":"https:\/\/migrantesenigualdad.es\/index.php\/2022\/11\/04\/houssam-puedo-convivir-tanto-con-la-tipica-familia-andaluza-como-con-la-tipica-familia-moruna\/","title":{"rendered":"Houssam: \u201cPuedo convivir tanto con la t\u00edpica familia andaluza como con la t\u00edpica familia moruna\u201d"},"content":{"rendered":"<p><strong>Hola Houssan, h\u00e1blanos un poco de ti y de tu familia, \u00bfde d\u00f3nde ven\u00eds y d\u00f3nde viv\u00eds?<\/strong><\/p>\n<p>Bueno, yo vengo de una familia donde soy el peque\u00f1o de siete hermanos, mi madre es espa\u00f1ola y mi padre es marroqu\u00ed. Soy mestizo, b\u00e1sicamente.<\/p>\n<p>Mis padres han vivido casi siempre en Marruecos. Yo nac\u00ed all\u00ed y me crie en Barcelona. Al principio solo \u00edbamos a pasar una semana por cuestiones m\u00e9dicas de mi padre, pero terminamos viviendo all\u00ed. Al principio nos fuimos mi madre, mi padre y yo. Posteriormente vinieron mis hermanos conforme fueron pasando los a\u00f1os. Sin embargo, nunca hemos llegado a vivir todos juntos.<\/p>\n<p>En Barcelona viv\u00ed desde los dos hasta los siete a\u00f1os, a los que me vine a Ceuta. Nos \u00edbamos a ir a Marruecos, pero al haber un problema con el colegio, acab\u00e9 en Ceuta, ya que me quedaba cerca de Marruecos. Y as\u00ed llevo desde entonces, en 2009, hasta ahora.<\/p>\n<p><strong>Cu\u00e9ntanos un poco m\u00e1s de ti. Al haber vivido pr\u00e1cticamente siempre en Espa\u00f1a, pero con mucha influencia de Marruecos, \u00bfc\u00f3mo lo sientes?<\/strong><\/p>\n<p>Pues realmente es una pregunta muy dif\u00edcil de responder para m\u00ed. No me gusta decir que soy de ning\u00fan sitio concreto, ni tampoco sabr\u00eda decirte de qu\u00e9 sitio soy yo. Yo digo que soy del mundo y ya est\u00e1, porque he nacido en Marruecos, pero me he criado en Espa\u00f1a. Por ejemplo, al principio en Barcelona solo hablaba espa\u00f1olo, ni sab\u00eda \u00e1rabe. Luego ya en Ceuta fue cuando se produjo un cambio brutal.<\/p>\n<p><strong>\u00bfPor qu\u00e9 fue tan brusco para ti el cambio en Ceuta?<\/strong><\/p>\n<p>Barcelona era una ciudad grande, en la que no te encontrabas a la misma gente cada d\u00eda. All\u00ed pas\u00e9 una bonita infancia. Sin embargo, en Ceuta veo otras formas de pensar, de comportarse, etc. Aqu\u00ed not\u00e9 que se re\u00edan de m\u00ed por el acento, cosa que en Barcelona no me ocurr\u00eda.<\/p>\n<p><strong>\u00bfHab\u00e9is sufrido en alg\u00fan momento discriminaci\u00f3n?<\/strong><\/p>\n<p>La verdad es que mi madre s\u00ed. Al ser espa\u00f1ola en Marruecos, not\u00f3 discriminaci\u00f3n. Al vivir en un lugar entre dos culturas, en mi caso tambi\u00e9n he notado una doble discriminaci\u00f3n. Por un lado, los \u201cmoros\u201d, llam\u00e9mosles as\u00ed (siendo yo \u201cmoro\u201d) te tienen tirria por vivir en Espa\u00f1a, te tratan como si fueras espa\u00f1ol, vaya. Por otro lado, los espa\u00f1oles te tratan como un \u201cmoro\u201d, o sea, que no hay un punto medio. La discriminaci\u00f3n para m\u00ed no va de razas ni de etnias, sino de la inteligencia y la capacidad de convivir los unos con los otros.<\/p>\n<p>Luego, si hablamos de discriminaci\u00f3n o racismo en Ceuta, creo que abunda. En la pen\u00ednsula si t\u00fa eres \u201cmoro\u201d no te averg\u00fcenzas de tus ra\u00edces, pero me he dado cuenta de que aqu\u00ed mucha gente se averg\u00fcenza de sus ra\u00edces. Al menos esa es mi percepci\u00f3n. Ellos se sienten espa\u00f1oles, pero luego para los espa\u00f1oles son \u201cmoros\u201d. Para m\u00ed esto es una tonter\u00eda, pero la gente siempre intenta categorizar, separar o etiquetar. Sin embargo, yo por ejemplo por mis ra\u00edces estoy en dos grupos a la vez. No me gusta que me etiqueten o me encasillen.<\/p>\n<p><strong>Me imagino que esto tiene que ver con que hayas vivido entre dos culturas.<\/strong><\/p>\n<p>S\u00ed, esto me ha nutrido y me ha abierto la mente. Es como cuando dicen que al cambiar de idioma cambia la personalidad. Yo cuando hablo \u00e1rabe tengo una personalidad o me comporto de forma distinta que cuando hablo espa\u00f1ol. Digamos que me voy adaptando a la cultura con la que me estoy relacionando. Puedo convivir perfectamente con la t\u00edpica familia andaluza y con la t\u00edpica familia moruna. Esto es lo bueno de haber vivido en diferentes sitios con culturas muy diferentes.<\/p>\n<p><strong>\u00bfD\u00f3nde te ves en un futuro?<\/strong><\/p>\n<p>La verdad es que no me gusta mucho pensar en el futuro. La verdad que mi idea es irme de Ceuta, pero tampoco quiero ir a Marruecos. A m\u00ed Marruecos me encanta, pero no vivir\u00eda de manera estable all\u00ed. No es por nada en especial, pero me siento m\u00e1s c\u00f3modo y representado aqu\u00ed en Espa\u00f1a. La verdad que M\u00e1laga es una ciudad que me encanta y en la que me gustar\u00eda vivir en un futuro.<\/p>\n","protected":false},"excerpt":{"rendered":"<p>Hola Houssan, h\u00e1blanos un poco de ti y de tu familia, \u00bfde d\u00f3nde ven\u00eds y d\u00f3nde viv\u00eds? Bueno, yo vengo de una familia donde soy el peque\u00f1o de siete hermanos, mi madre es espa\u00f1ola y mi padre es marroqu\u00ed. Soy mestizo, b\u00e1sicamente. Mis padres han vivido casi siempre en Marruecos. Yo nac\u00ed all\u00ed y me [&hellip;]<\/p>\n","protected":false},"author":1,"featured_media":5746,"comment_status":"open","ping_status":"closed","sticky":false,"template":"","format":"standard","meta":{"_et_pb_use_builder":"","_et_pb_old_content":"","_et_gb_content_width":"","_jetpack_newsletter_access":"","_jetpack_dont_email_post_to_subs":false,"_jetpack_newsletter_tier_id":0,"_jetpack_memberships_contains_paywalled_content":false,"_jetpack_feature_clip_id":0,"_jetpack_memberships_contains_paid_content":false,"footnotes":"","jetpack_post_was_ever_published":false},"categories":[189],"tags":[210,42,38,20,59],"class_list":["post-5745","post","type-post","status-publish","format-standard","has-post-thumbnail","hentry","category-historias-de-vida","tag-barcelona","tag-ceuta","tag-convivencia","tag-discriminacion","tag-interculturalidad"],"jetpack_sharing_enabled":true,"jetpack_featured_media_url":"https:\/\/i0.wp.com\/migrantesenigualdad.es\/wp-content\/uploads\/2022\/11\/WhatsApp-Image-2022-11-04-at-09.49.56.jpeg?fit=1080%2C1303&ssl=1","post_mailing_queue_ids":[],"_links":{"self":[{"href":"https:\/\/migrantesenigualdad.es\/index.php\/wp-json\/wp\/v2\/posts\/5745","targetHints":{"allow":["GET"]}}],"collection":[{"href":"https:\/\/migrantesenigualdad.es\/index.php\/wp-json\/wp\/v2\/posts"}],"about":[{"href":"https:\/\/migrantesenigualdad.es\/index.php\/wp-json\/wp\/v2\/types\/post"}],"author":[{"embeddable":true,"href":"https:\/\/migrantesenigualdad.es\/index.php\/wp-json\/wp\/v2\/users\/1"}],"replies":[{"embeddable":true,"href":"https:\/\/migrantesenigualdad.es\/index.php\/wp-json\/wp\/v2\/comments?post=5745"}],"version-history":[{"count":0,"href":"https:\/\/migrantesenigualdad.es\/index.php\/wp-json\/wp\/v2\/posts\/5745\/revisions"}],"wp:featuredmedia":[{"embeddable":true,"href":"https:\/\/migrantesenigualdad.es\/index.php\/wp-json\/wp\/v2\/media\/5746"}],"wp:attachment":[{"href":"https:\/\/migrantesenigualdad.es\/index.php\/wp-json\/wp\/v2\/media?parent=5745"}],"wp:term":[{"taxonomy":"category","embeddable":true,"href":"https:\/\/migrantesenigualdad.es\/index.php\/wp-json\/wp\/v2\/categories?post=5745"},{"taxonomy":"post_tag","embeddable":true,"href":"https:\/\/migrantesenigualdad.es\/index.php\/wp-json\/wp\/v2\/tags?post=5745"}],"curies":[{"name":"wp","href":"https:\/\/api.w.org\/{rel}","templated":true}]}}