{"id":5740,"date":"2022-11-03T11:16:39","date_gmt":"2022-11-03T11:16:39","guid":{"rendered":"https:\/\/migrantesenigualdad.es\/?p=5740"},"modified":"2022-11-03T12:42:17","modified_gmt":"2022-11-03T12:42:17","slug":"ii-edicion-no-vengo-a-hablar-de-racismo-joel-garrido-venezuela","status":"publish","type":"post","link":"https:\/\/migrantesenigualdad.es\/index.php\/2022\/11\/03\/ii-edicion-no-vengo-a-hablar-de-racismo-joel-garrido-venezuela\/","title":{"rendered":"II Edici\u00f3n -No Vengo a Hablar de Racismo &#8211; Joel Gordillo (Venezuela)"},"content":{"rendered":"<p>Joel Gordillo lleg\u00f3 desde Venezuela con unas circunstancias muy especiales. Cargado solo de \u00abla esperanza\u00bb y en plena pandemia, Joel acompa\u00f1ado de su familia, no se derrumb\u00f3, decidi\u00f3 \u00abdrenar energ\u00edas\u00bb y alimentarse de toda la positividad suficiente para salir adelante. Te invitamos a ver su v\u00eddeo. \u00a1 Te va a contagiar su positividad!<\/p>\n<p>&nbsp;<\/p>\n<p><iframe loading=\"lazy\" title=\"II Edici\u00f3n- No Vengo a Hablar de Racismo - Joel Gordillo\" width=\"1080\" height=\"608\" src=\"https:\/\/www.youtube.com\/embed\/iNwpecMQl5w?feature=oembed\"  allow=\"accelerometer; autoplay; clipboard-write; encrypted-media; gyroscope; picture-in-picture\" allowfullscreen><\/iframe><\/p>\n","protected":false},"excerpt":{"rendered":"<p>Joel Gordillo lleg\u00f3 desde Venezuela con unas circunstancias muy especiales. Cargado solo de \u00abla esperanza\u00bb y en plena pandemia, Joel acompa\u00f1ado de su familia, no se derrumb\u00f3, decidi\u00f3 \u00abdrenar energ\u00edas\u00bb y alimentarse de toda la positividad suficiente para salir adelante. Te invitamos a ver su v\u00eddeo. \u00a1 Te va a contagiar su positividad! &nbsp;<\/p>\n","protected":false},"author":1,"featured_media":5742,"comment_status":"open","ping_status":"closed","sticky":false,"template":"","format":"standard","meta":{"_et_pb_use_builder":"","_et_pb_old_content":"","_et_gb_content_width":"","_jetpack_newsletter_access":"","_jetpack_dont_email_post_to_subs":false,"_jetpack_newsletter_tier_id":0,"_jetpack_memberships_contains_paywalled_content":false,"_jetpack_feature_clip_id":0,"_jetpack_memberships_contains_paid_content":false,"footnotes":"","jetpack_post_was_ever_published":false},"categories":[39],"tags":[14,209,208],"class_list":["post-5740","post","type-post","status-publish","format-standard","has-post-thumbnail","hentry","category-no-vengo-a-hablar-de-racismo","tag-migrantes","tag-novengoahablarderacismo","tag-venezuela"],"jetpack_sharing_enabled":true,"jetpack_featured_media_url":"https:\/\/i0.wp.com\/migrantesenigualdad.es\/wp-content\/uploads\/2022\/11\/joel-.png?fit=1203%2C903&ssl=1","post_mailing_queue_ids":[],"_links":{"self":[{"href":"https:\/\/migrantesenigualdad.es\/index.php\/wp-json\/wp\/v2\/posts\/5740","targetHints":{"allow":["GET"]}}],"collection":[{"href":"https:\/\/migrantesenigualdad.es\/index.php\/wp-json\/wp\/v2\/posts"}],"about":[{"href":"https:\/\/migrantesenigualdad.es\/index.php\/wp-json\/wp\/v2\/types\/post"}],"author":[{"embeddable":true,"href":"https:\/\/migrantesenigualdad.es\/index.php\/wp-json\/wp\/v2\/users\/1"}],"replies":[{"embeddable":true,"href":"https:\/\/migrantesenigualdad.es\/index.php\/wp-json\/wp\/v2\/comments?post=5740"}],"version-history":[{"count":0,"href":"https:\/\/migrantesenigualdad.es\/index.php\/wp-json\/wp\/v2\/posts\/5740\/revisions"}],"wp:featuredmedia":[{"embeddable":true,"href":"https:\/\/migrantesenigualdad.es\/index.php\/wp-json\/wp\/v2\/media\/5742"}],"wp:attachment":[{"href":"https:\/\/migrantesenigualdad.es\/index.php\/wp-json\/wp\/v2\/media?parent=5740"}],"wp:term":[{"taxonomy":"category","embeddable":true,"href":"https:\/\/migrantesenigualdad.es\/index.php\/wp-json\/wp\/v2\/categories?post=5740"},{"taxonomy":"post_tag","embeddable":true,"href":"https:\/\/migrantesenigualdad.es\/index.php\/wp-json\/wp\/v2\/tags?post=5740"}],"curies":[{"name":"wp","href":"https:\/\/api.w.org\/{rel}","templated":true}]}}