{"id":5732,"date":"2022-11-02T12:34:24","date_gmt":"2022-11-02T12:34:24","guid":{"rendered":"https:\/\/migrantesenigualdad.es\/?p=5732"},"modified":"2022-11-02T12:34:24","modified_gmt":"2022-11-02T12:34:24","slug":"elodioseaprende","status":"publish","type":"post","link":"https:\/\/migrantesenigualdad.es\/index.php\/2022\/11\/02\/elodioseaprende\/","title":{"rendered":"El odio se aprende"},"content":{"rendered":"<p>Dos ciudades en una. Ciudad Ju\u00e1rez, en M\u00e9jico, y El Paso, \u00a0en Tejas (Estados Unidos). Por razones obvias, este lugar es de tr\u00e1nsito y posee una gran fluidez cultural y ling\u00fc\u00edstica. Es una zona de intercambio. Las fronteras no existen, o en caso de existir, pasan desapercibidas. Si lo ves desde el avi\u00f3n, es una misma ciudad.<\/p>\n<p>&nbsp;<\/p>\n<p>Cruzar de Ciudad Ju\u00e1rez a El Paso es algo cotidiano para las personas en este lugar. Cualquier negocio en Ju\u00e1rez acepta d\u00f3lares, por ejemplo. O cualquier negocio en El Paso acepta pesos. Esto habla muy bien de la riqueza cultural que hay en este lugar. Los habitantes de Ju\u00e1rez no sienten que est\u00e9n haciendo un viaje internacional cada vez que visitan El Paso. Es lo m\u00e1s cotidiano del mundo ir a comer a un restaurante a la otra ciudad.<\/p>\n<p>&nbsp;<\/p>\n<p>\u00bfPor qu\u00e9 contamos esta historia? Porque el 3 de agosto de 2019 un supremacista blanco viaj\u00f3 en coche m\u00e1s de 10 horas para ir a una tienda en El Paso y asesinar a 23 personas de nacionalidad mejicana. Esto fue premeditado, pues esa tienda era muy frecuentada por personas del estado latinoamericano. Testigos de la tragedia afirmaron que el autor de los hechos llevaba una pegatina con la cara de Donald Trump en su camioneta, en la cual llevaba a la vista las armas con las que cometi\u00f3 la masacre.<\/p>\n<p>&nbsp;<\/p>\n<p>\u00bfQu\u00e9 nos indica esto? Que el discurso de odio del entonces presidente de los Estados Unidos contra los mejicanos ha calado tanto que una persona hab\u00eda sido capaz de recorrer en su coche m\u00e1s de 10 horas para asesinar a otras a sangre fr\u00eda por el hecho de ser mejicanas. El odio irracional a otras personas hab\u00eda propiciado esta desgracia. Es por ello que no podemos trivializar cuando una persona se erige en portavoz o l\u00edder verborreico para sembrar la mala hierba del odio. Lo hacen algunos dirigentes pol\u00edticos, pero tambi\u00e9n el vecino en una reuni\u00f3n social, o el conocido en la barra del bar cuando cuenta un chiste racista o que ridiculiza a ciertas minor\u00edas. Algunos dirigentes aprovechan maliciosamente el marco constitucional y las libertades para difundir sus mensajes de odio y atacar, precisamente, las libertades y destruir la democracia. Y lo peligroso es que ese mensaje va calando en las mentalidades y tiene consecuencias, a veces mortales. La libertad de expresi\u00f3n no se puede usar contra los derechos humanos. \u00c9se es un l\u00edmite infranqueable.<\/p>\n<p>El odio es aprendido. Ningunos de nosotros\/as nacemos odiando. Cuando vemos jugar a ni\u00f1os y ni\u00f1as en preescolar lo hacen sin hacer distinciones, sin tener en cuenta el color de piel de las\/os dem\u00e1s compa\u00f1eras\/os de juego. Hasta cierta edad, no tienen comportamientos racistas ni xen\u00f3fobos. Es cuando van creciendo, cuando van entendiendo el lenguaje y cuando van escuchando en casa ciertos comentarios, cuando manifiestan conductas racistas y se refieren a los otros ni\u00f1os como \u201cel negro\u201d, \u201cel moro\u201d o \u201cel chino\u201d.<\/p>\n<p>&nbsp;<\/p>\n<p>El contexto es clave en estas situaciones. Si modificamos el contexto, podremos modificar este tipo de conductas. Para ello, es necesaria la educaci\u00f3n. Ya sea en la casa, en la escuela o en el grupo de iguales. Es primordial que todos los agentes implicados en el desarrollo cognitivo de los m\u00e1s peque\u00f1os sean part\u00edcipes para evitar que los mensajes de odio sean asimilados o interiorizados por las ni\u00f1as y ni\u00f1os. Y en caso de que sea as\u00ed, crear nuevas narrativas para ellas\/os que sean capaces de cambiar su forma de pensar y expresarse.<\/p>\n<p>&nbsp;<\/p>\n<p>Para evitar los pensamientos y las acciones negativas de nuestros peque\u00f1os es primordial que se sientan seguros. Es decir, que les creemos oportunidades para que est\u00e9n c\u00f3modos consigo mismas\/os, respeten y conozcan a las\/os dem\u00e1s, sepan expresar c\u00f3mo se sienten y puedan desarrollar acciones positivas. Es importante hablar de las emociones que surgen con el odio, c\u00f3mo se genera y qu\u00e9 consecuencias tiene. Es importante para que sepan reconocerlas, actuar sobre las mismas y prevenir que el odio haga presa en ellas\/os. En definitiva, si cambiamos el contexto que rodea a los ni\u00f1os y ni\u00f1as, cambiaremos su forma de pensar y evitaremos que desarrollen conductas prejuiciosas hacia otros ni\u00f1os y ni\u00f1as.<\/p>\n","protected":false},"excerpt":{"rendered":"<p>Dos ciudades en una. Ciudad Ju\u00e1rez, en M\u00e9jico, y El Paso, \u00a0en Tejas (Estados Unidos). Por razones obvias, este lugar es de tr\u00e1nsito y posee una gran fluidez cultural y ling\u00fc\u00edstica. Es una zona de intercambio. Las fronteras no existen, o en caso de existir, pasan desapercibidas. Si lo ves desde el avi\u00f3n, es una [&hellip;]<\/p>\n","protected":false},"author":1,"featured_media":5728,"comment_status":"open","ping_status":"closed","sticky":false,"template":"","format":"standard","meta":{"_et_pb_use_builder":"","_et_pb_old_content":"","_et_gb_content_width":"","_jetpack_newsletter_access":"","_jetpack_dont_email_post_to_subs":false,"_jetpack_newsletter_tier_id":0,"_jetpack_memberships_contains_paywalled_content":false,"_jetpack_feature_clip_id":0,"_jetpack_memberships_contains_paid_content":false,"footnotes":"","jetpack_post_was_ever_published":false},"categories":[107],"tags":[16,205,207,206],"class_list":["post-5732","post","type-post","status-publish","format-standard","has-post-thumbnail","hentry","category-tienes-un-minuto","tag-delito-de-odio","tag-discurso-del-odio","tag-mensajes-politicos","tag-supremacismo"],"jetpack_sharing_enabled":true,"jetpack_featured_media_url":"https:\/\/i0.wp.com\/migrantesenigualdad.es\/wp-content\/uploads\/2022\/11\/odio_1.png?fit=800%2C402&ssl=1","post_mailing_queue_ids":[],"_links":{"self":[{"href":"https:\/\/migrantesenigualdad.es\/index.php\/wp-json\/wp\/v2\/posts\/5732","targetHints":{"allow":["GET"]}}],"collection":[{"href":"https:\/\/migrantesenigualdad.es\/index.php\/wp-json\/wp\/v2\/posts"}],"about":[{"href":"https:\/\/migrantesenigualdad.es\/index.php\/wp-json\/wp\/v2\/types\/post"}],"author":[{"embeddable":true,"href":"https:\/\/migrantesenigualdad.es\/index.php\/wp-json\/wp\/v2\/users\/1"}],"replies":[{"embeddable":true,"href":"https:\/\/migrantesenigualdad.es\/index.php\/wp-json\/wp\/v2\/comments?post=5732"}],"version-history":[{"count":0,"href":"https:\/\/migrantesenigualdad.es\/index.php\/wp-json\/wp\/v2\/posts\/5732\/revisions"}],"wp:featuredmedia":[{"embeddable":true,"href":"https:\/\/migrantesenigualdad.es\/index.php\/wp-json\/wp\/v2\/media\/5728"}],"wp:attachment":[{"href":"https:\/\/migrantesenigualdad.es\/index.php\/wp-json\/wp\/v2\/media?parent=5732"}],"wp:term":[{"taxonomy":"category","embeddable":true,"href":"https:\/\/migrantesenigualdad.es\/index.php\/wp-json\/wp\/v2\/categories?post=5732"},{"taxonomy":"post_tag","embeddable":true,"href":"https:\/\/migrantesenigualdad.es\/index.php\/wp-json\/wp\/v2\/tags?post=5732"}],"curies":[{"name":"wp","href":"https:\/\/api.w.org\/{rel}","templated":true}]}}