{"id":5708,"date":"2022-10-24T13:47:19","date_gmt":"2022-10-24T13:47:19","guid":{"rendered":"https:\/\/migrantesenigualdad.es\/?p=5708"},"modified":"2022-10-24T13:51:43","modified_gmt":"2022-10-24T13:51:43","slug":"ii-edicion-no-vengo-a-hablar-de-racismo-mouhssin-marzougi-mou","status":"publish","type":"post","link":"https:\/\/migrantesenigualdad.es\/index.php\/2022\/10\/24\/ii-edicion-no-vengo-a-hablar-de-racismo-mouhssin-marzougi-mou\/","title":{"rendered":"II Edici\u00f3n &#8211; No Vengo a Hablar de Racismo- Mouhssin Marzougi \u201cMou\u201d"},"content":{"rendered":"<p>No vengo a Hablar de Racismo,<\/p>\n<p>Mouhssin Marzougi <strong>\u201cMou\u201d<\/strong> lleg\u00f3 desde Marruecos y de forma inesperada comenz\u00f3 su afici\u00f3n sobre ruedas, se ha convertido en una gran<em> roller<\/em> patrocinado por empresas del patinaje. Ha convertido el deporte no solo en un estilo de vida, sino en arte visual.<\/p>\n<p><iframe loading=\"lazy\" title=\"MOUHSSINE ROLLER\" width=\"1080\" height=\"608\" src=\"https:\/\/www.youtube.com\/embed\/aLyH3Ivx354?feature=oembed\"  allow=\"accelerometer; autoplay; clipboard-write; encrypted-media; gyroscope; picture-in-picture\" allowfullscreen><\/iframe><\/p>\n","protected":false},"excerpt":{"rendered":"<p>No vengo a Hablar de Racismo, Mouhssin Marzougi \u201cMou\u201d lleg\u00f3 desde Marruecos y de forma inesperada comenz\u00f3 su afici\u00f3n sobre ruedas, se ha convertido en una gran roller patrocinado por empresas del patinaje. Ha convertido el deporte no solo en un estilo de vida, sino en arte visual.<\/p>\n","protected":false},"author":1,"featured_media":5709,"comment_status":"open","ping_status":"closed","sticky":false,"template":"","format":"standard","meta":{"_et_pb_use_builder":"off","_et_pb_old_content":"","_et_gb_content_width":"","_jetpack_newsletter_access":"","_jetpack_dont_email_post_to_subs":false,"_jetpack_newsletter_tier_id":0,"_jetpack_memberships_contains_paywalled_content":false,"_jetpack_feature_clip_id":0,"_jetpack_memberships_contains_paid_content":false,"footnotes":"","jetpack_post_was_ever_published":false},"categories":[39],"tags":[38,59,14],"class_list":["post-5708","post","type-post","status-publish","format-standard","has-post-thumbnail","hentry","category-no-vengo-a-hablar-de-racismo","tag-convivencia","tag-interculturalidad","tag-migrantes"],"jetpack_sharing_enabled":true,"jetpack_featured_media_url":"https:\/\/i0.wp.com\/migrantesenigualdad.es\/wp-content\/uploads\/2022\/10\/mou.png?fit=1640%2C924&ssl=1","post_mailing_queue_ids":[],"_links":{"self":[{"href":"https:\/\/migrantesenigualdad.es\/index.php\/wp-json\/wp\/v2\/posts\/5708","targetHints":{"allow":["GET"]}}],"collection":[{"href":"https:\/\/migrantesenigualdad.es\/index.php\/wp-json\/wp\/v2\/posts"}],"about":[{"href":"https:\/\/migrantesenigualdad.es\/index.php\/wp-json\/wp\/v2\/types\/post"}],"author":[{"embeddable":true,"href":"https:\/\/migrantesenigualdad.es\/index.php\/wp-json\/wp\/v2\/users\/1"}],"replies":[{"embeddable":true,"href":"https:\/\/migrantesenigualdad.es\/index.php\/wp-json\/wp\/v2\/comments?post=5708"}],"version-history":[{"count":0,"href":"https:\/\/migrantesenigualdad.es\/index.php\/wp-json\/wp\/v2\/posts\/5708\/revisions"}],"wp:featuredmedia":[{"embeddable":true,"href":"https:\/\/migrantesenigualdad.es\/index.php\/wp-json\/wp\/v2\/media\/5709"}],"wp:attachment":[{"href":"https:\/\/migrantesenigualdad.es\/index.php\/wp-json\/wp\/v2\/media?parent=5708"}],"wp:term":[{"taxonomy":"category","embeddable":true,"href":"https:\/\/migrantesenigualdad.es\/index.php\/wp-json\/wp\/v2\/categories?post=5708"},{"taxonomy":"post_tag","embeddable":true,"href":"https:\/\/migrantesenigualdad.es\/index.php\/wp-json\/wp\/v2\/tags?post=5708"}],"curies":[{"name":"wp","href":"https:\/\/api.w.org\/{rel}","templated":true}]}}