{"id":5638,"date":"2022-10-18T09:46:08","date_gmt":"2022-10-18T09:46:08","guid":{"rendered":"https:\/\/migrantesenigualdad.es\/?p=5638"},"modified":"2022-10-18T11:34:36","modified_gmt":"2022-10-18T11:34:36","slug":"asma-bahloul-la-verdad-que-me-siento-muy-orgullosa-de-la-gente-que-me-ha-ayudado-a-dibujar-mi-camino","status":"publish","type":"post","link":"https:\/\/migrantesenigualdad.es\/index.php\/2022\/10\/18\/asma-bahloul-la-verdad-que-me-siento-muy-orgullosa-de-la-gente-que-me-ha-ayudado-a-dibujar-mi-camino\/","title":{"rendered":"Asma Bahloul: \u201cLa verdad que me siento muy orgullosa de la gente que me ha ayudado a dibujar mi camino\u201d"},"content":{"rendered":"<p style=\"text-align: left;\">Asma tuvo que migrar de Marruecos a Espa\u00f1a junto a sus hijos y su marido debido a algunos problemas personales, siendo Algeciras la primera ciudad a la que llegaron en b\u00fasqueda de asilo. M\u00e1s tarde decidieron ir a Madrid donde estuvieron viviendo durante un tiempo, tras el cual se trasladaron de nuevo a Algeciras, ya que se sent\u00edan muy c\u00f3modos en dicha ciudad, <strong>\u201c<em>me gusta mucho Algeciras:<\/em> <em>es una ciudad peque\u00f1a, donde hay mar, y donde tenemos oportunidades de trabajo\u201d<\/em><\/strong>.<\/p>\n<p style=\"text-align: left;\"><strong><em>\u201cFue muy duro tomar la primera decisi\u00f3n de abandonar mi pa\u00eds\u201d.<\/em><\/strong> Asma y su familia tuvieron que dejar atr\u00e1s sus trabajos, sus amigos y su familia para buscar un nuevo futuro y empezar de cero otra vez. No pod\u00edan dejar de estar aterrados ante lo desconocido, ante el futuro que les esperar\u00eda con dos hijos en un nuevo pa\u00eds, teniendo que construir sus vidas desde la base, buscando trabajo, aprendiendo el idioma, pero estos aspectos no detuvieron a Asma y su familia, ya que sacaron la fuerza para luchar por un futuro mejor para sus hijos. Un tiempo m\u00e1s tarde, estando ya ubicados en la ciudad, naci\u00f3 el tercero de sus hijos. Lo que mas extra\u00f1a es el calor y el apoyo familiar, ya que le es complicado compaginar el trabajo con los ni\u00f1os.<\/p>\n<p style=\"text-align: left;\"><strong><em>\u201cLa verdad que me siento muy orgullosa de la gente que me ha ayudado a dibujar mi camino\u201d.<\/em><\/strong> Gracias a personas que se han cruzado en su camino Asma y su familia se han sentido muy apoyadas y acompa\u00f1adas en su proceso migratorio. Aunque en Algeciras se siente muy c\u00f3moda le gustar\u00eda fomentar m\u00e1s la diversidad cultural de la ciudad, haciendo m\u00e1s actividades de intercambio culturales y musicales, ya que le encanta participar en la vida social de su entorno.<\/p>\n<p style=\"text-align: left;\">Asma trabaja como Dj, siendo la mayor parte de su trabajo en bodas \u00e1rabes, espa\u00f1olas, cumplea\u00f1os y comuniones. Parte de su implicaci\u00f3n en la vida asociativa de Algecira es precisamente la participaci\u00f3n en eventos sociales, cabalgatas y festejos donde ameniza con su m\u00fasica. <strong>\u201c<em>El mundo del Dj es predominantemente masculino, pero poco a poco estoy encontrando mi sitio\u201d. <\/em><\/strong><\/p>\n<p style=\"text-align: left;\">Asma trabaja duro, creando mezclas y amenizando todo tipo de eventos, d\u00e1ndose a conocer a traves de las Redes Sociales y con el boca a boca que la van recomendando. Su sue\u00f1o es llegar a ser una figura de la animaci\u00f3n musical. <strong><em>\u201cMi gran sue\u00f1o es ser una Dj internacional\u201d.<\/em><\/strong><\/p>\n<p><img data-recalc-dims=\"1\" loading=\"lazy\" decoding=\"async\" class=\"alignnone size-large wp-image-5639\" src=\"https:\/\/i0.wp.com\/migrantesenigualdad.es\/wp-content\/uploads\/2022\/10\/6.png?resize=1024%2C577&#038;ssl=1\" alt=\"\" width=\"1024\" height=\"577\" srcset=\"https:\/\/migrantesenigualdad.es\/wp-content\/uploads\/2022\/10\/6-980x552.png 980w, https:\/\/migrantesenigualdad.es\/wp-content\/uploads\/2022\/10\/6-480x270.png 480w\" sizes=\"(min-width: 0px) and (max-width: 480px) 480px, (min-width: 481px) and (max-width: 980px) 980px, (min-width: 981px) 1024px, 100vw\" \/><\/p>\n","protected":false},"excerpt":{"rendered":"<p>Asma tuvo que migrar de Marruecos a Espa\u00f1a junto a sus hijos y su marido debido a algunos problemas personales, siendo Algeciras la primera ciudad a la que llegaron en b\u00fasqueda de asilo. M\u00e1s tarde decidieron ir a Madrid donde estuvieron viviendo durante un tiempo, tras el cual se trasladaron de nuevo a Algeciras, ya [&hellip;]<\/p>\n","protected":false},"author":1,"featured_media":5640,"comment_status":"open","ping_status":"closed","sticky":false,"template":"","format":"standard","meta":{"_et_pb_use_builder":"","_et_pb_old_content":"","_et_gb_content_width":"","_jetpack_newsletter_access":"","_jetpack_dont_email_post_to_subs":false,"_jetpack_newsletter_tier_id":0,"_jetpack_memberships_contains_paywalled_content":false,"_jetpack_feature_clip_id":0,"_jetpack_memberships_contains_paid_content":false,"footnotes":"","jetpack_post_was_ever_published":false},"categories":[189],"tags":[195,119,185],"class_list":["post-5638","post","type-post","status-publish","format-standard","has-post-thumbnail","hentry","category-historias-de-vida","tag-flamenco","tag-migracion","tag-superacion"],"jetpack_sharing_enabled":true,"jetpack_featured_media_url":"https:\/\/i0.wp.com\/migrantesenigualdad.es\/wp-content\/uploads\/2022\/10\/3.png?fit=1640%2C924&ssl=1","post_mailing_queue_ids":[],"_links":{"self":[{"href":"https:\/\/migrantesenigualdad.es\/index.php\/wp-json\/wp\/v2\/posts\/5638","targetHints":{"allow":["GET"]}}],"collection":[{"href":"https:\/\/migrantesenigualdad.es\/index.php\/wp-json\/wp\/v2\/posts"}],"about":[{"href":"https:\/\/migrantesenigualdad.es\/index.php\/wp-json\/wp\/v2\/types\/post"}],"author":[{"embeddable":true,"href":"https:\/\/migrantesenigualdad.es\/index.php\/wp-json\/wp\/v2\/users\/1"}],"replies":[{"embeddable":true,"href":"https:\/\/migrantesenigualdad.es\/index.php\/wp-json\/wp\/v2\/comments?post=5638"}],"version-history":[{"count":0,"href":"https:\/\/migrantesenigualdad.es\/index.php\/wp-json\/wp\/v2\/posts\/5638\/revisions"}],"wp:featuredmedia":[{"embeddable":true,"href":"https:\/\/migrantesenigualdad.es\/index.php\/wp-json\/wp\/v2\/media\/5640"}],"wp:attachment":[{"href":"https:\/\/migrantesenigualdad.es\/index.php\/wp-json\/wp\/v2\/media?parent=5638"}],"wp:term":[{"taxonomy":"category","embeddable":true,"href":"https:\/\/migrantesenigualdad.es\/index.php\/wp-json\/wp\/v2\/categories?post=5638"},{"taxonomy":"post_tag","embeddable":true,"href":"https:\/\/migrantesenigualdad.es\/index.php\/wp-json\/wp\/v2\/tags?post=5638"}],"curies":[{"name":"wp","href":"https:\/\/api.w.org\/{rel}","templated":true}]}}