{"id":5630,"date":"2022-10-10T11:37:46","date_gmt":"2022-10-10T11:37:46","guid":{"rendered":"https:\/\/migrantesenigualdad.es\/?p=5630"},"modified":"2022-10-13T12:11:15","modified_gmt":"2022-10-13T12:11:15","slug":"rudy-la-diversidad-cultural-es-algo-normal-en-mi-vida-cotidiana","status":"publish","type":"post","link":"https:\/\/migrantesenigualdad.es\/index.php\/2022\/10\/10\/rudy-la-diversidad-cultural-es-algo-normal-en-mi-vida-cotidiana\/","title":{"rendered":"Rudy: \u201cLa diversidad cultural es algo normal en mi vida cotidiana\u201d"},"content":{"rendered":"<p class=\"p1\">Hoy, en <span style=\"color: #ff9900;\"><strong><i>Historias de vida<\/i><\/strong><\/span> hablamos con <strong><span style=\"color: #ff9900;\">Rudy<\/span><\/strong>, un hombre de Bolivia, que lleva viviendo en Espa\u00f1a ni m\u00e1s ni menos que 16 a\u00f1os. Decidi\u00f3 venir a Espa\u00f1a<strong> por su hija<\/strong>, pues cuando naci\u00f3 comprob\u00f3 de primera mano que la situaci\u00f3n en su pa\u00eds era muy complicada para mantener a su esposa y a su hija, ya que ganaba muy poco dinero. \u201cNo me alcanzaba\u201d.<span class=\"Apple-converted-space\">\u00a0<\/span><\/p>\n<p class=\"p1\">La hermana de Rudy y unos t\u00edos de ambos ya viv\u00edan en <strong><span style=\"color: #ff9900;\">Algeciras,<\/span><\/strong> y trabajaban en el sector de la construcci\u00f3n, as\u00ed que, tras esperar a disponer de un pr\u00e9stamo, cogi\u00f3 un avi\u00f3n a <strong>Madrid<\/strong> y un bus hasta <strong>Algeciras,<\/strong> teniendo que dejar al resto de su familia en Bolivia, especialmente a su hija, quien a\u00fan vive all\u00ed. <strong>A ella le gustar\u00eda venir a Espa\u00f1a<\/strong>, pero le da pena dejar a su madre all\u00ed as\u00ed que por ahora no se ha decidido. Rudy la comprende, aunque \u00e9l siempre le dice que aqu\u00ed en Espa\u00f1a tendr\u00e1 m\u00e1s oportunidades.<\/p>\n<p class=\"p1\">Desde que lleg\u00f3, gracias a su t\u00edo pudo empezar a trabajar. Sin embargo, durante sus primeros a\u00f1os su situaci\u00f3n fue irregular, pues tuvo un problema con la administraci\u00f3n que perdi\u00f3 su documentaci\u00f3n. Es por ello que tuvo que acudir a la v\u00eda judicial para poder demostrar los a\u00f1os que llevaba en Espa\u00f1a a fin de que le concedieran la residencia por arraigo social. Tras varios juicios, finalmente le dieron la raz\u00f3n y despu\u00e9s de ocho a\u00f1os desde su llegada le fue concedido su permiso de residencia.<\/p>\n<p class=\"p1\">Rudy nos cuenta que lo que m\u00e1s echa de menos de su pa\u00eds es a su familia, especialmente a<strong> su hija,<\/strong> a quien ha ido a verla en varias ocasiones. Desgraciadamente, ha perdido a sus padres durante su estancia en Espa\u00f1a, y vivirlo en la distancia ha sido <strong>un gran sufrimiento.<\/strong> Al menos siempre ha contado con su hermana que est\u00e1 aqu\u00ed y ambos se han apoyado mucho.<\/p>\n<p class=\"p1\">Le preguntamos si echa de menos<strong> la comida t\u00edpica de Bolivia<\/strong> y nos dice que realmente no, porque aqu\u00ed encuentran todos los ingredientes que suelen necesitar para cocinar recetas de su pa\u00eds.<\/p>\n<p class=\"p1\">En cuanto a su <strong><span style=\"color: #ff9900;\">integraci\u00f3n<\/span><\/strong> en la vida de Algeciras, nos cuenta que tiene muchos amigos de Espa\u00f1a, de Bolivia y de muchas otras nacionalidades, as\u00ed que la diversidad cultural es algo normal en su vida cotidiana.<\/p>\n<p class=\"p1\">A preguntas de si ha sufrido incidentes de discriminaci\u00f3n nos dice: \u201c<strong>nunca me ha pasado nada ni he visto nada en personas de mi alrededor<\/strong>\u201d. De hecho cuenta que le gusta mucho su vida aqu\u00ed.<\/p>\n<p class=\"p1\">Le preguntamos qu\u00e9 es lo que m\u00e1s le gusta de aqu\u00ed y nos dice muy r\u00e1pido y casi sin pensarlo: \u201c<strong>Lo que m\u00e1s me gusta de aqu\u00ed es el ma<\/strong>r\u201d.<\/p>\n<p class=\"p1\">Aqu\u00ed en Espa\u00f1a ha aprendido mucho. Nos cuenta que cuando vino a Espa\u00f1a hace 16 a\u00f1os no sab\u00eda nada de la construcci\u00f3n, de hecho es que ni le gustaba el sector. Sin embargo en todo estos a\u00f1os ha aprendido tanto que se lo ha montado por su cuenta, en la actualidad trabaja como aut\u00f3nomo, tiene su furgoneta y cuenta con su propia cuadrilla de trabajadores. Laboralmente se siente muy realizado cont\u00e1ndonos que \u201ctengo mucho trabajo, gracias a Dios no paro\u201d.<span class=\"Apple-converted-space\">\u00a0<\/span><\/p>\n","protected":false},"excerpt":{"rendered":"<p>Hoy, en Historias de vida hablamos con Rudy, un hombre de Bolivia, que lleva viviendo en Espa\u00f1a ni m\u00e1s ni menos que 16 a\u00f1os. Decidi\u00f3 venir a Espa\u00f1a por su hija, pues cuando naci\u00f3 comprob\u00f3 de primera mano que la situaci\u00f3n en su pa\u00eds era muy complicada para mantener a su esposa y a su [&hellip;]<\/p>\n","protected":false},"author":1,"featured_media":5636,"comment_status":"open","ping_status":"closed","sticky":false,"template":"","format":"standard","meta":{"_et_pb_use_builder":"","_et_pb_old_content":"","_et_gb_content_width":"","_jetpack_newsletter_access":"","_jetpack_dont_email_post_to_subs":false,"_jetpack_newsletter_tier_id":0,"_jetpack_memberships_contains_paywalled_content":false,"_jetpack_feature_clip_id":0,"_jetpack_memberships_contains_paid_content":false,"footnotes":"","jetpack_post_was_ever_published":false},"categories":[189],"tags":[],"class_list":["post-5630","post","type-post","status-publish","format-standard","has-post-thumbnail","hentry","category-historias-de-vida"],"jetpack_sharing_enabled":true,"jetpack_featured_media_url":"https:\/\/i0.wp.com\/migrantesenigualdad.es\/wp-content\/uploads\/2022\/10\/Diseno-sin-titulo-1.png?fit=1640%2C924&ssl=1","post_mailing_queue_ids":[],"_links":{"self":[{"href":"https:\/\/migrantesenigualdad.es\/index.php\/wp-json\/wp\/v2\/posts\/5630","targetHints":{"allow":["GET"]}}],"collection":[{"href":"https:\/\/migrantesenigualdad.es\/index.php\/wp-json\/wp\/v2\/posts"}],"about":[{"href":"https:\/\/migrantesenigualdad.es\/index.php\/wp-json\/wp\/v2\/types\/post"}],"author":[{"embeddable":true,"href":"https:\/\/migrantesenigualdad.es\/index.php\/wp-json\/wp\/v2\/users\/1"}],"replies":[{"embeddable":true,"href":"https:\/\/migrantesenigualdad.es\/index.php\/wp-json\/wp\/v2\/comments?post=5630"}],"version-history":[{"count":0,"href":"https:\/\/migrantesenigualdad.es\/index.php\/wp-json\/wp\/v2\/posts\/5630\/revisions"}],"wp:featuredmedia":[{"embeddable":true,"href":"https:\/\/migrantesenigualdad.es\/index.php\/wp-json\/wp\/v2\/media\/5636"}],"wp:attachment":[{"href":"https:\/\/migrantesenigualdad.es\/index.php\/wp-json\/wp\/v2\/media?parent=5630"}],"wp:term":[{"taxonomy":"category","embeddable":true,"href":"https:\/\/migrantesenigualdad.es\/index.php\/wp-json\/wp\/v2\/categories?post=5630"},{"taxonomy":"post_tag","embeddable":true,"href":"https:\/\/migrantesenigualdad.es\/index.php\/wp-json\/wp\/v2\/tags?post=5630"}],"curies":[{"name":"wp","href":"https:\/\/api.w.org\/{rel}","templated":true}]}}