{"id":5622,"date":"2022-10-04T15:11:02","date_gmt":"2022-10-04T15:11:02","guid":{"rendered":"https:\/\/migrantesenigualdad.es\/?p=5622"},"modified":"2024-05-15T06:28:41","modified_gmt":"2024-05-15T06:28:41","slug":"informe-sobre-evolucion-de-los-delitos-de-odio-2021-en-espana","status":"publish","type":"post","link":"https:\/\/migrantesenigualdad.es\/index.php\/2022\/10\/04\/informe-sobre-evolucion-de-los-delitos-de-odio-2021-en-espana\/","title":{"rendered":"Informe sobre evoluci\u00f3n de los delitos de odio en Espa\u00f1a 2021"},"content":{"rendered":"<p style=\"text-align: justify;\">El Ministerio del Interior ha publicado recientemente el\u00a0<em>Informe sobre evoluci\u00f3n de los delitos de odio en Espa\u00f1a 2021. <\/em>Este informe ha sido elaborado por la Oficina Nacional de Lucha contra los Delitos de Odio y nos permite sacar algunas conclusiones actualizadas.<\/p>\n<p style=\"text-align: justify;\">Del total de incidentes de odio, las Fuerzas y Cuerpos de Seguridad del Estado consiguieron esclarecer 1.133 de ellos. El a\u00f1o 2021 registra el r\u00e9cord hasta el momento de este tipo de hechos delictivos en la historia y la tasa de esclarecimiento policial subi\u00f3 al 62,9%.<\/p>\n<p style=\"text-align: justify;\">A la cabeza de estos delitos de odio conocidos, est\u00e1n los motivados por racismo y xenofobia, puesto que de los 1.724 delitos de odio conocidos en 2021, 639 de ellos fueron por racismo o xenofobia, que crece un 24% respecto a los datos del a\u00f1o 2019.<\/p>\n<p style=\"text-align: justify;\">Los siguientes ser\u00edan los relacionados con la orientaci\u00f3n sexual o identidad de g\u00e9nero de la v\u00edctima, 466 casos (ascenso del 67,63%) y en tercer lugar los relacionados con la ideolog\u00eda de la v\u00edctima con un total de 326 casos (lo que supone una disminuci\u00f3n del 45,3%).<\/p>\n<p style=\"text-align: justify;\">En cuanto a la tipolog\u00eda delictiva de estos hechos de odio, destacan en primer lugar las lesiones (382) y las amenazas (381), seguidas de da\u00f1os (124) y las injurias (117). La mayor\u00eda de estos hechos fueron cometidos en la v\u00eda p\u00fablica principalmente, pero como segundo \u00e1mbito m\u00e1s destacado se encuentra la vivienda.<\/p>\n<p style=\"text-align: justify;\">El informe cifra en 1.874 victimizaciones registradas en el a\u00f1o 2021 por delitos e incidentes de odio. Los principales afectados por este tipo de hechos han sido personas del sexo masculino (63,82%) mientras que el grupo de edad m\u00e1s destacado ha sido entre los 26 y los 40 a\u00f1os. Las personas de nacionalidad extranjera fueron v\u00edctimas en el 34,47% de los casos, destacando las de nacionalidad marroqu\u00ed entre las dem\u00e1s por su elevado porcentaje (9,66%).<\/p>\n<p style=\"text-align: justify;\">En palabras del ministro Grande-Marlaska: \u00abla serie hist\u00f3rica nos muestra que cada vez son m\u00e1s los hechos de odio resueltos por las Fuerzas de Seguridad, cada vez son menos los delitos que quedan impunes, la eficacia policial aumenta por encima del crecimiento de este tipo de incidentes\u00bb.<\/p>\n<p style=\"text-align: justify;\">Lo cierto, es que seg\u00fan algunos estudios sit\u00faan la infradenuncia de este tipo de delitos en un 80%, por lo que conseguir que las autoridades policiales esclarezcan los casos que se vayan conociendo, puede ser una buena herramienta para combatir esta escasa denuncia existente en este tipo de delitos.<\/p>\n<p style=\"text-align: justify;\">Os dejamos el acceso al informe aqu\u00ed abajo:<\/p>\n<p style=\"text-align: justify;\"><a href=\"https:\/\/migrantesenigualdad.es\/wp-content\/uploads\/2022\/10\/Informe-de-evolucion-de-los-delitos-de-odio-2021.pdf\">Informe de evoluci\u00f3n de los delitos de odio en Espa\u00f1a 2021<\/a><\/p>\n","protected":false},"excerpt":{"rendered":"<p>El Ministerio del Interior ha publicado recientemente el\u00a0Informe sobre evoluci\u00f3n de los delitos de odio en Espa\u00f1a 2021. Este informe ha sido elaborado por la Oficina Nacional de Lucha contra los Delitos de Odio y nos permite sacar algunas conclusiones actualizadas. Del total de incidentes de odio, las Fuerzas y Cuerpos de Seguridad del Estado [&hellip;]<\/p>\n","protected":false},"author":1,"featured_media":5627,"comment_status":"open","ping_status":"closed","sticky":false,"template":"","format":"standard","meta":{"_et_pb_use_builder":"","_et_pb_old_content":"","_et_gb_content_width":"","_jetpack_newsletter_access":"","_jetpack_dont_email_post_to_subs":false,"_jetpack_newsletter_tier_id":0,"_jetpack_memberships_contains_paywalled_content":false,"_jetpack_feature_clip_id":0,"_jetpack_memberships_contains_paid_content":false,"footnotes":"","jetpack_post_was_ever_published":false},"categories":[173],"tags":[177,12,202],"class_list":["post-5622","post","type-post","status-publish","format-standard","has-post-thumbnail","hentry","category-informes","tag-delitos-de-odio","tag-racismo","tag-xenofobia"],"jetpack_sharing_enabled":true,"jetpack_featured_media_url":"https:\/\/i0.wp.com\/migrantesenigualdad.es\/wp-content\/uploads\/2022\/10\/1664879373_noticia-web.png?fit=378%2C268&ssl=1","post_mailing_queue_ids":[],"_links":{"self":[{"href":"https:\/\/migrantesenigualdad.es\/index.php\/wp-json\/wp\/v2\/posts\/5622","targetHints":{"allow":["GET"]}}],"collection":[{"href":"https:\/\/migrantesenigualdad.es\/index.php\/wp-json\/wp\/v2\/posts"}],"about":[{"href":"https:\/\/migrantesenigualdad.es\/index.php\/wp-json\/wp\/v2\/types\/post"}],"author":[{"embeddable":true,"href":"https:\/\/migrantesenigualdad.es\/index.php\/wp-json\/wp\/v2\/users\/1"}],"replies":[{"embeddable":true,"href":"https:\/\/migrantesenigualdad.es\/index.php\/wp-json\/wp\/v2\/comments?post=5622"}],"version-history":[{"count":1,"href":"https:\/\/migrantesenigualdad.es\/index.php\/wp-json\/wp\/v2\/posts\/5622\/revisions"}],"predecessor-version":[{"id":6703,"href":"https:\/\/migrantesenigualdad.es\/index.php\/wp-json\/wp\/v2\/posts\/5622\/revisions\/6703"}],"wp:featuredmedia":[{"embeddable":true,"href":"https:\/\/migrantesenigualdad.es\/index.php\/wp-json\/wp\/v2\/media\/5627"}],"wp:attachment":[{"href":"https:\/\/migrantesenigualdad.es\/index.php\/wp-json\/wp\/v2\/media?parent=5622"}],"wp:term":[{"taxonomy":"category","embeddable":true,"href":"https:\/\/migrantesenigualdad.es\/index.php\/wp-json\/wp\/v2\/categories?post=5622"},{"taxonomy":"post_tag","embeddable":true,"href":"https:\/\/migrantesenigualdad.es\/index.php\/wp-json\/wp\/v2\/tags?post=5622"}],"curies":[{"name":"wp","href":"https:\/\/api.w.org\/{rel}","templated":true}]}}