{"id":5615,"date":"2022-09-30T06:00:12","date_gmt":"2022-09-30T06:00:12","guid":{"rendered":"https:\/\/migrantesenigualdad.es\/?p=5615"},"modified":"2022-10-04T12:05:49","modified_gmt":"2022-10-04T12:05:49","slug":"libres-e-iguales","status":"publish","type":"post","link":"https:\/\/migrantesenigualdad.es\/index.php\/2022\/09\/30\/libres-e-iguales\/","title":{"rendered":"Libres e iguales"},"content":{"rendered":"<p><strong>Juan Miguel Le\u00f3n Moriche<\/strong><\/p>\n<p>Todos los hombres y las mujeres nacen libres e iguales. Es la versi\u00f3n breve. El enunciado exacto del art\u00edculo primero de la Declaraci\u00f3n Universal de los Derechos Humanos dice: \u201cTodos los seres humanos nacen libres e iguales en dignidad y derechos y, dotados como est\u00e1n de raz\u00f3n y conciencia, deben comportarse fraternalmente los unos con los otros\u201d.<\/p>\n<p>La declaraci\u00f3n, ratificada en 1948 por la asamblea general de la Organizaci\u00f3n de las Naciones Unidas (ONU), era la base sobre la que los estados miembros quer\u00edan reedificar el mundo tras la devastadora guerra de 1939-1945. M\u00e1s de 50 millones de personas muertas, 25 de ellas habitantes de la Uni\u00f3n Sovi\u00e9tica, hab\u00eda sido el resultado de la Segunda Guerra Mundial. Los fascismos alem\u00e1n, italiano y japon\u00e9s, derrotados en ella, fueron los causantes e impulsores de la mayor tragedia vivida jam\u00e1s por la humanidad. Las democracias vencedoras en 1945 lograron el consenso mundial para intentar garantizar la paz entre los pueblos y el progreso de los individuos y la humanidad. Esos son el origen y el objetivo de la declaraci\u00f3n.<\/p>\n<p>Libertad e igualdad. Son derechos humanos b\u00e1sicos, que no se deber\u00edan discutir. Quienes hoy los discuten, quienes los ponen en duda, los relativizan o se los niegan a otras personas cogen una pendiente que, en periodos anteriores de la historia, ha llevado a sus semejantes en opini\u00f3n a negar otro derecho a\u00fan m\u00e1s b\u00e1sico, el primero y primordial de toda persona: el derecho a la vida. El desprecio por la vida y por los seres humanos es consustancial a la ideolog\u00eda de quienes provocaron aquella guerra mundial y la jalearon ante sus pueblos. La exaltaci\u00f3n de la muerte y la justificaci\u00f3n de los cr\u00edmenes m\u00e1s horrendos e inimaginables contra quienes eran considerados seres inferiores o distintos no s\u00f3lo era parte del pensamiento de Hitler, tambi\u00e9n llegaron a cre\u00e9rselo centenares de miles o millones de personas que trabajaron en la maquinaria del estado alem\u00e1n o que celebraron sus primeros \u00e9xitos militares.<\/p>\n<p>Este desprecio por el ser inferior o diferente, por el que no es como nosotros, lo compart\u00edan Hitler, Mussolini y Franco y sus seguidores. Las cifras pueden ser muy distintas: 50 millones en la Segunda Guerra Mundial, m\u00e1s de un mill\u00f3n de muertos en la guerra de Espa\u00f1a. \u00a0Pero el desprecio es el mismo. La vida del jud\u00edo que entraba en una c\u00e1mara de gas o la del jornalero andaluz que era fusilado en las tapias de un cementerio no ten\u00edan ning\u00fan valor paras quienes planificaron y ordenaron las ejecuciones en masa. Como cucarachas las ve\u00edan, como a cucarachas las trataban.<\/p>\n<p>Los asesinos, los planificadores de los asesinatos de masas y quienes los alabaron o justificaron despreciaban al jud\u00edo, al jornalero, al gitano o al negro. Y antes de matarlos los hab\u00edan despreciado. El desprecio por otras personas se aprende. Es fruto de la educaci\u00f3n malintencionada o del adoctrinamiento perverso. A sentirse superiores a los dem\u00e1s se aprende en la familia, en la escuela, o en la radio por la que vocifera un se\u00f1or bajito que manda sobre toda Alemania, u otro con bigote y traje militar que amenaza con fusilar a los rojos maricones de M\u00e1laga y violar a las mujeres de comunistas y anarquistas.<\/p>\n<p>El que tanto desprecia que llega a matar, antes ha sido ense\u00f1ado a despreciar. A no respetar ni a valorar a los dem\u00e1s, sean diferentes o no.\u00a0 Pero ese desprecio, en lo m\u00e1s \u00edntimo de las personas, es producto del miedo, o de la coraza, del antifaz usado para ocultar las propias debilidades. Miedo a quien no conoce o comprende, miedo a quien se ve como enemigo, o coraza para aparentar la fortaleza que no se tiene.<\/p>\n<p><em>Novecento<\/em> es una pel\u00edcula del italiano Bernardo Bertolucci. Filmada en la patria del fascismo contempor\u00e1neo, esta pel\u00edcula hace una disecci\u00f3n brillante del origen social y psicol\u00f3gico de las clases sociales y los tipos de personas que engendraron y propagaron las primeras semillas del fascismo, en su nueva versi\u00f3n, por Europa. Hay una secuencia muy elocuente sobre esto: En la iglesia del pueblo se han reunido los terratenientes. Est\u00e1n asustados porque antes, lo hemos visto en la pel\u00edcula, los campesinos les han arrancado mediante la huelga algunas reivindicaciones para mejorar su vida y est\u00e1n forjando la unidad con los trabajadores de la ciudad que han llevado a sus hijos en tren a la capital en una jornada festiva. El miedo les impulsa a todos a poner dinero en la bolsa que va pasando el administrador de la finca de uno de ellos entre los bancos del templo que ocupan los dem\u00e1s se\u00f1oritos. Ese administrador ser\u00e1 poco tiempo despu\u00e9s la cabeza m\u00e1s visible del partido fascista en el pueblo y el m\u00e1s cruel de los que llevan a \u00faltimo extremo sus amenazas.<\/p>\n<p>\u00c1tila, que as\u00ed se llama el personaje, desprecia a los jornaleros, a los trabajadores pobres a los que azuza y, llegado el momento, asesinar\u00e1. Se siente superior a ellos, pero no se da cuenta de qu\u00e9 \u00e9l tambi\u00e9n es despreciado por sus amos, que se sienten superiores a los campesinos y tambi\u00e9n al administrador, aunque lo necesiten y lo utilicen para que mantenga el orden, haga a la gente trabajar y garantice sus cosechas y beneficios.<\/p>\n<p>\u00c1tila desprecia a sus inferiores, pero la admiraci\u00f3n que siente por sus superiores se volver\u00e1 resentimiento cuando vea claro que nunca va a poder vivir como ellos ni tener sus privilegios. Y no dudar\u00e1 en matar a uno de los de la clase superior venido a menos, a un propietario agr\u00edcola arruinado, que, adem\u00e1s, se resisti\u00f3 a meter dinero en la bolsa negra que <em>\u00c1tila<\/em> fue pasando en la iglesia para sacar de d\u00f3nde financiar al partido fascista.<\/p>\n<p>El miedo de los terratenientes a perder sus privilegios da armas y poder a \u00c1tila, que se siente ya muy por encima de los dem\u00e1s y parece vencer su miedo a ser pobre y a perder la protecci\u00f3n del patr\u00f3n. Ya no ve l\u00edmites en el ejercicio de su poder. El fin justifica los medios y si hay que matar se mata y si hay que asesinar se asesina. Sean los jornaleros del cortijo que se atreven a desobedecerle o burlarse de \u00e9l, sean los viejitos comunistas que jugaban a las cartas, sea un gato que andaba por el bar, o un ni\u00f1o que es utilizado y asesinado para satisfacer los deseos sexuales perversos de su matrimonio, aburrido y acomplejado, con la hija menos agraciada del patr\u00f3n.<\/p>\n<p>Quien desprecia e inmerecidamente tiene poder, en el fondo se desprecia a s\u00ed mismo y nunca est\u00e1 seguro de que los dem\u00e1s van a obedecer sus \u00f3rdenes. Por eso recurre a la violencia y a la fuerza sin l\u00edmites. Un maltratador que pega a su mujer e incluso llega a asesinarla justificar\u00e1 siempre sus acciones: es que me era infiel, es que no me hac\u00eda la cena, o es que no lava bien mi ropa. El verdugo culpa a la v\u00edctima y se presenta a s\u00ed misma como v\u00edctima.<\/p>\n<p>Lo mismo hacen los fascismos. La culpa nunca es del l\u00edder ni de la naci\u00f3n ni de las personas que han tenido siempre la autoridad. Todo est\u00e1 mal en el mundo y siempre hay alguien que poner en la diana a quien culpar y eliminar: jud\u00edos, masones, comunistas o inmigrantes. Todo l\u00edder fascista ha tenido su chivo expiatorio, su corte de aduladores que lo ha presentado a la sociedad como el dirigente carism\u00e1tico salvador de la patria y su pueblo admirador que ve en \u00e9l al padre, al pap\u00e1 que responde a mis preguntas, me da seguridad, me ordena y me evita la molesta tarea de pensar, elegir y decidir por m\u00ed mismo. Lo explica con mucha claridad Eric Fromm en su obra maestra <em>El miedo a la libertad<\/em>.<\/p>\n<p>Elia Kaz\u00e1n se lo hace decir a Marlo Brando en <em>Que viva Zapata<\/em>, un cl\u00e1sico del cine: Un pueblo fuerte no necesita l\u00edderes, un pueblo d\u00e9bil que quiere parecer fuerte, s\u00ed. \u00c9se es el poder de seducci\u00f3n de los Hitler y Mussolini. Sus seguidores ni piensan ni razonan ni argumentan. Oyen s\u00f3lo lo que quieren o\u00edr y obedecen al que les libra de la funesta man\u00eda de pensar. Todos los fascismos tienen su est\u00e9tica de estandartes, uniformes y masas en formaci\u00f3n. Todos usan la est\u00e9tica para sacar lo m\u00e1s sucio de la condici\u00f3n humana y ensalzarlo. Sin su puesta en escena no es nada.<\/p>\n<p>Y todos los l\u00edderes empezaron antes sus guerras en el campo ideol\u00f3gico. Aprovechando las crisis econ\u00f3micas y sociales que viv\u00edan sus pa\u00edses propagaron sus mensajes de odio contra los chivos expiatorios, su desprecio por la libertad, el di\u00e1logo y la democracia y su admiraci\u00f3n por un pasado tan idealizado como falso. No hay m\u00e1s. Miedo, fuerza, mentira, desprecio y muerte. Eso s\u00ed, sin tocar el orden establecido ni los privilegios de los poderosos. No hay m\u00e1s, los fascismos no necesitan hacer programas electorales ni promesas materiales concretas. Mantener el miedo de las gentes y excitar su ira contra los chivos expiatorios es su \u00fanico recurso ideol\u00f3gico. Tan pobre como efectivo, porque cuando pasa de las palabras a los hechos y saca las tropas a las calles y empieza a detener a los supuestos enemigos, la gente ya est\u00e1 convencida de que es necesario.<\/p>\n<p>Repetimos: antes de matar a los jud\u00edos se pasaron a\u00f1os acus\u00e1ndolos y denigr\u00e1ndolos. El discurso irracional y fan\u00e1tico que siembra miedo y se\u00f1ala a un culpable siempre precede a los cr\u00edmenes. Es lo necesario para tener a los pueblos sometidos y convencidos antes de actuar.<\/p>\n<p>La ultraderecha italiana obtuvo el 26 por ciento de los votos en las elecciones del domingo pasado, lo que le permitir\u00e1 formar con el resto de fuerzas de la derecha que, sumadas tienen 230 diputados en una c\u00e1mara en que la izquierda s\u00f3lo suma 80. La ultraderecha hoy no est\u00e1 en disposici\u00f3n de ejercer el poder a la manera fascista cl\u00e1sica. No va a empezar ya a prohibir partidos, encarcelar gente, fusilar adversarios pol\u00edticos, exterminar a jud\u00edos e inmigrantes, meter a mujeres en las cocinas o a ponerlas a parir hijos para el r\u00e9gimen. De momento. Pero lleva a\u00f1os generando odio contra los extranjeros, abominando de la unidad europea y creando el caldo de cultivo para empezar a hacerle la vida m\u00e1s dif\u00edcil y dolorosa a quienes ya ha se\u00f1alado como chivos expiatorios.<\/p>\n<p>Algunos intelectuales y analistas nos dicen que los partidos de ultraderecha no pueden llegar hoy a lo que llegaron sus antecedentes hist\u00f3ricos, es decir, Hitler, Mussolini o las dictaduras latinoamericanas de los a\u00f1os 70. Recuerdan que Polonia y Hungr\u00eda tienen desde hace a\u00f1os partidos ultraderechistas en el poder. Como mucho, dicen, a lo m\u00e1ximo que llegar\u00e1n es a prohibir los matrimonios homosexuales y el aborto y a expulsar inmigrantes. La Uni\u00f3n Europea tiene instituciones democr\u00e1ticas que servir\u00e1n de freno y la unidad europea sabr\u00e1 sortear estos desaf\u00edos, dicen. \u00bfQu\u00e9 pensar\u00edamos si a un hijo o a una hija le reventaran la cabeza porque iba por la calle abrazada\/o a una persona de su mismo sexo, o si a nuestro vecino Edgar lo expulsan del trabajo y lo mandan para su pa\u00eds por el simple hecho de ser extranjero y su mujer e hijos se quedan solos y en la pobreza? \u00c9se es el presente ya en algunos de esos pa\u00edses.<\/p>\n<p>Conviene recordar que los dirigentes de esos pa\u00edses, como Meloni, han conseguido el poder recurriendo al discurso del miedo y del odio al inmigrante. Y que, en sus sociedades, hoy d\u00eda, ya es imposible una convivencia sana e intercultural de toda la sociedad. Y seguramente ma\u00f1ana ser\u00e1 as\u00ed en Italia. El fascismo utiliza la democracia para socavarla y, cuando pueda, destruirla para implantar la dictadura.<\/p>\n<p>Con el discurso del miedo y el odio empezaron los nazis a legislar contra los jud\u00edos, a romper los cristales de sus comercios luego y a asesinarlos por masas en las c\u00e1maras de gas al final. El discurso del miedo y del odio al diferente siempre est\u00e1 ah\u00ed. Todos los seres humanos est\u00e1n preparados para tener miedo y odiar si no se les educa para el ejercicio de la raz\u00f3n, la convivencia y la paz. Y si las sociedades no se organizan para que las condiciones materiales sean las justas y necesarias para todos. Para eliminar el caldo de cultivo del miedo y el odio. Se sabe c\u00f3mo empiezan los discursos del odio, pero no c\u00f3mo acaban. Pero seamos optimistas. Es posible enderezar los rumbos. Muy frecuente era en ciudades como Algeciras, en los a\u00f1os 80 del siglo pasado, escuchar el siguiente comentario: \u201cEste pueblo est\u00e1 lleno de drogadictos. Y el gobierno se lo gasta todo en ayudar a los gitanos y a los drogadictos. Vaya mierda. As\u00ed no s\u00e9 d\u00f3nde vamos a llegar. Yo s\u00e9 muy bien qu\u00e9 har\u00eda con esa gente\u2026\u201d<\/p>\n<p>Quien en los a\u00f1os 80 ve\u00eda todo el problema de la sociedad en los incipientes programas de ayuda a gitanos o toxic\u00f3manos es el mismo que hoy ve que todo el problema de la sociedad son los moros, los maricones, las feministas y los hombres que defienden la pluralidad y la democracia. El discurso es el mismo, lo \u00fanico que cambia es el chivo expiatorio. Hoy son los inmigrantes y los homosexuales. El trabajo de las organizaciones sociales de entonces para hacer ver a la gente que los toxic\u00f3manos eran enfermos y no delincuentes, su valiente ataque a las redes del narcotr\u00e1fico y la actuaci\u00f3n de las administraciones p\u00fablicas con inversiones en programas de rehabilitaci\u00f3n e integraci\u00f3n social acabaron por arrinconar aquel discurso protofascista. El discurso racional e integrador acab\u00f3 entonces imponi\u00e9ndose no s\u00f3lo en los medios de comunicaci\u00f3n sino tambi\u00e9n en las conversaciones cotidianas en el vecindario, o en el bar.<\/p>\n<p>Razones para no perder la esperanza hay, pero la triste realidad es que buena parte de los medios de comunicaci\u00f3n, los antiguos y los actuales, han servido siempre al poder y a los poderosos. Y una parte de ellos ha abierto ya los brazos al fascismo. Los peri\u00f3dicos o televisiones son parte esencial de la creaci\u00f3n de consensos para que el poder, sea democr\u00e1tico o sea autoritario, act\u00fae sin estorbos. Hay due\u00f1os de peri\u00f3dicos, grupos de wasap o redes sociales que son abiertamente fascistas y ultraderechistas e inundan cada d\u00eda las redes con cientos de bulos, manipulaciones y distorsiones para generar esa angustia, esa ansiedad y ese miedo que en el futuro justificar\u00e1 que Trump irrumpa con sus seguidores en el Congreso, que Pinochet bombardee el palacio de Gobierno o, qui\u00e9n sabe, Meloni empiece a expulsar a inmigrantes de Italia primero, clausure partidos y cierre el Parlamento, despu\u00e9s.<\/p>\n<p>Hay otros medios de comunicaci\u00f3n que mantienen el tipo de la democracia y la pluralidad, pero s\u00f3lo hasta que llega el momento de la crisis definitiva, el golpe de estado o la toma del poder por la ultraderecha. Entonces, todos colaboran con el dictador. Los peri\u00f3dicos en Espa\u00f1a contribuyeron en 1936 al auge y victoria del fascismo y las televisiones y medios de hoy son parte responsable que haya 52 diputados ultraderechistas en el Congreso de los Diputados. Muchos, por hacer propaganda gratuita al discurso de quienes eran irrelevantes en la representaci\u00f3n parlamentaria entonces, pero dec\u00edan barbaridades muy morbosas que venden peri\u00f3dicos o captan la atenci\u00f3n de los televidentes consumidores de publicidad.<\/p>\n<p>Los abiertamente ultraderechistas siguen manipulando a diario las informaciones e inundando las conversaciones de wasap con videos manipulados que no persiguen informar, sino excitar los miedos o el odio a sus enemigos pol\u00edticos. Lo \u00faltimo ha sido la manipulaci\u00f3n de una rueda de prensa de la ministra de Igualdad en la que defendi\u00f3 la educaci\u00f3n sexual como forma de prevenir y evitar que las ni\u00f1as y ni\u00f1os sufran abusos sexuales. Los fabricantes diarios de bulos convirtieron eso en un video en el que acusaban a la ministra de fomentar la pederastia.<\/p>\n<p>Parece hoy evidente la ventaja que la ultraderecha lleva en la utilizaci\u00f3n de las nuevas tecnolog\u00edas para amplificar sus discursos mentirosos y manipulados e igualmente sencillos de inocular y asimilar. Frenar y derrotar al fascismo cl\u00e1sico y a su nueva versi\u00f3n, armada de nuevas y poderosas herramientas de difusi\u00f3n, va a ser una tarea muy ardua. Pero no nos queda otra que emprenderla sin descanso y tomar parte. Lo exigen no s\u00f3lo la conciencia moral de toda persona civilizada, tambi\u00e9n la necesidad de defender los derechos humanos b\u00e1sicos de todas y todos: la vida, la libertad y la igualdad. Hag\u00e1moslo unidas\/os y sin miedo. Grecia ha sabido recientemente frenar el ascenso de las organizaciones filo nazis. Aprendamos, nuevamente, de los griegos.<\/p>\n","protected":false},"excerpt":{"rendered":"<p>Juan Miguel Le\u00f3n Moriche Todos los hombres y las mujeres nacen libres e iguales. Es la versi\u00f3n breve. El enunciado exacto del art\u00edculo primero de la Declaraci\u00f3n Universal de los Derechos Humanos dice: \u201cTodos los seres humanos nacen libres e iguales en dignidad y derechos y, dotados como est\u00e1n de raz\u00f3n y conciencia, deben comportarse [&hellip;]<\/p>\n","protected":false},"author":1,"featured_media":5616,"comment_status":"open","ping_status":"closed","sticky":false,"template":"","format":"standard","meta":{"_et_pb_use_builder":"","_et_pb_old_content":"","_et_gb_content_width":"","_jetpack_newsletter_access":"","_jetpack_dont_email_post_to_subs":false,"_jetpack_newsletter_tier_id":0,"_jetpack_memberships_contains_paywalled_content":false,"_jetpack_feature_clip_id":0,"_jetpack_memberships_contains_paid_content":false,"footnotes":"","jetpack_post_was_ever_published":false},"categories":[107],"tags":[200,196,199,198,201,197],"class_list":["post-5615","post","type-post","status-publish","format-standard","has-post-thumbnail","hentry","category-tienes-un-minuto","tag-derechos-humanos","tag-fascismo","tag-iguales","tag-libres","tag-miedo","tag-odio"],"jetpack_sharing_enabled":true,"jetpack_featured_media_url":"https:\/\/i0.wp.com\/migrantesenigualdad.es\/wp-content\/uploads\/2022\/09\/Novecento.jpg?fit=1706%2C960&ssl=1","post_mailing_queue_ids":[],"_links":{"self":[{"href":"https:\/\/migrantesenigualdad.es\/index.php\/wp-json\/wp\/v2\/posts\/5615","targetHints":{"allow":["GET"]}}],"collection":[{"href":"https:\/\/migrantesenigualdad.es\/index.php\/wp-json\/wp\/v2\/posts"}],"about":[{"href":"https:\/\/migrantesenigualdad.es\/index.php\/wp-json\/wp\/v2\/types\/post"}],"author":[{"embeddable":true,"href":"https:\/\/migrantesenigualdad.es\/index.php\/wp-json\/wp\/v2\/users\/1"}],"replies":[{"embeddable":true,"href":"https:\/\/migrantesenigualdad.es\/index.php\/wp-json\/wp\/v2\/comments?post=5615"}],"version-history":[{"count":0,"href":"https:\/\/migrantesenigualdad.es\/index.php\/wp-json\/wp\/v2\/posts\/5615\/revisions"}],"wp:featuredmedia":[{"embeddable":true,"href":"https:\/\/migrantesenigualdad.es\/index.php\/wp-json\/wp\/v2\/media\/5616"}],"wp:attachment":[{"href":"https:\/\/migrantesenigualdad.es\/index.php\/wp-json\/wp\/v2\/media?parent=5615"}],"wp:term":[{"taxonomy":"category","embeddable":true,"href":"https:\/\/migrantesenigualdad.es\/index.php\/wp-json\/wp\/v2\/categories?post=5615"},{"taxonomy":"post_tag","embeddable":true,"href":"https:\/\/migrantesenigualdad.es\/index.php\/wp-json\/wp\/v2\/tags?post=5615"}],"curies":[{"name":"wp","href":"https:\/\/api.w.org\/{rel}","templated":true}]}}