{"id":5609,"date":"2022-09-29T11:06:05","date_gmt":"2022-09-29T11:06:05","guid":{"rendered":"https:\/\/migrantesenigualdad.es\/?p=5609"},"modified":"2022-09-29T11:30:31","modified_gmt":"2022-09-29T11:30:31","slug":"sandra-de-espana-me-encantan-las-ferias-la-ensaladilla-rusa-y-el-rabo-de-toro","status":"publish","type":"post","link":"https:\/\/migrantesenigualdad.es\/index.php\/2022\/09\/29\/sandra-de-espana-me-encantan-las-ferias-la-ensaladilla-rusa-y-el-rabo-de-toro\/","title":{"rendered":"Sandra, \u201cDe Espa\u00f1a me encantan las ferias, la ensaladilla rusa y el rabo de toro\u201d"},"content":{"rendered":"<p><strong>\u201cDe Espa\u00f1a me encantan las ferias, la ensaladilla rusa y el rabo de toro\u201d<\/strong><\/p>\n<p>Sandra es una mujer colombiana de 43 a\u00f1os que decidi\u00f3 venir a Espa\u00f1a para mejorar su calidad de vida, a pesar de que en su pa\u00eds ten\u00eda un empleo en una cl\u00ednica. Sin embargo, la vida all\u00ed era muy costosa y las condiciones laborales no eran las mejores.<\/p>\n<p>Su primer destino no fue Algeciras, sino Madrid, donde estuvo un d\u00eda para posteriormente ir a Sevilla. A trav\u00e9s de una chica nicarag\u00fcense consigui\u00f3 trabajo en Alcal\u00e1 de los Gazules como interna en una casa, ya que no ten\u00eda otro lugar en el que quedarse. Cuando la mujer de la casa falleci\u00f3, Sandra fue a otra. Sin embargo, ah\u00ed no iba a estar mucho tiempo. La propia Sandra nos cuenta \u201cla se\u00f1ora de ah\u00ed era muy humillativa, era racista, me hizo llorar\u201d.<\/p>\n<p>Recuerda con tristeza una an\u00e9cdota de lo vivido all\u00ed. \u201cYo no suelo comer pan en la ma\u00f1ana. S\u00f3lo pan integral en ocasiones. Pues bien, la se\u00f1ora empez\u00f3 a hablar mal de m\u00ed en todas las tiendas a las que iba diciendo que yo no com\u00eda pan. Dec\u00eda que yo hab\u00eda venido a buscar marido y que por eso intentaba no comer pan, para no engordar\u201d. Tambi\u00e9n ten\u00eda comentarios despectivos hacia m\u00ed como \u201cyo por ti pago mucho\u201d o cuando ve\u00eda a alguien en televisi\u00f3n de piel negra dec\u00eda \u201cese negro asqueroso\u201d.\u00a0 A partir de ah\u00ed Sandra contest\u00f3 a todo y le dijo todo lo que sent\u00eda. Dej\u00f3 de trabajar all\u00ed.<\/p>\n<p>Nos comenta que es dif\u00edcil conocer gente aqu\u00ed en Algeciras cuando eres de fuera. Las personas de aqu\u00ed la tratan muy bien por lo general. S\u00f3lo refiere que una persona que trabajaba en migraciones del aeropuerto la trat\u00f3 bastante mal. Por otro lado, tambi\u00e9n tuvo un incidente con un hombre en un lugar que trabajaba, ya que esa persona intent\u00f3 aprovecharse de ella pidi\u00e9ndole fotos y similares. Esto es un claro ejemplo de las situaciones a las que se exponen muchas mujeres migrantes cuando empiezan a trabajar en nuestro pa\u00eds. Ellas se cruzan en su camino con gente que pretende sacar beneficio de la situaci\u00f3n de vulnerabilidad de otras personas.<\/p>\n<p>Uno de los aspectos culturales que m\u00e1s extra\u00f1a de su pa\u00eds es la comida y la m\u00fasica, ya que es muy diferente a la nuestra. Nos cuenta \u201call\u00e1 en Colombia la panader\u00eda, la verduler\u00eda, la fruter\u00eda, etc, est\u00e1n abiertas todo el d\u00eda y por tanto tienes comida fresca a cualquier hora pr\u00e1cticamente. De Espa\u00f1a por ejemplo me encanta la ensaladilla rusa. Se parece a la ensalada fr\u00eda de Colombia, que en lugar de at\u00fan lleva pollo mechado. Tambi\u00e9n me gusta mucho el rabo de toro, que est\u00e1 muy bueno.\u201d<\/p>\n<p>Respecto a la m\u00fasica, le gusta m\u00e1s la colombiana. \u201cEscucho la m\u00fasica de Colombia siempre, somos muy de folclore, de muchos tipos de m\u00fasica diferente, de mezclas. A penas escucho la radio de Espa\u00f1a.\u201d<\/p>\n<p>Sandra tambi\u00e9n nos cuenta que le gustan mucho las ferias, que s\u00f3lo las hab\u00eda visto en televisi\u00f3n y ahora que las ve en vivo le encantan.<\/p>\n<p>Actualmente, est\u00e1 costeando la universidad de su hija menor, de 22 a\u00f1os y que estudia derecho en Colombia. A pesar de todas las dificultades, Sandra ha conseguido sacar adelante a sus dos hijos y llevar una vida feliz en Espa\u00f1a.<\/p>\n","protected":false},"excerpt":{"rendered":"<p>\u201cDe Espa\u00f1a me encantan las ferias, la ensaladilla rusa y el rabo de toro\u201d Sandra es una mujer colombiana de 43 a\u00f1os que decidi\u00f3 venir a Espa\u00f1a para mejorar su calidad de vida, a pesar de que en su pa\u00eds ten\u00eda un empleo en una cl\u00ednica. Sin embargo, la vida all\u00ed era muy costosa y [&hellip;]<\/p>\n","protected":false},"author":1,"featured_media":5613,"comment_status":"open","ping_status":"closed","sticky":false,"template":"","format":"standard","meta":{"_et_pb_use_builder":"","_et_pb_old_content":"","_et_gb_content_width":"","_jetpack_newsletter_access":"","_jetpack_dont_email_post_to_subs":false,"_jetpack_newsletter_tier_id":0,"_jetpack_memberships_contains_paywalled_content":false,"_jetpack_feature_clip_id":0,"_jetpack_memberships_contains_paid_content":false,"footnotes":"","jetpack_post_was_ever_published":false},"categories":[189],"tags":[195,119,185],"class_list":["post-5609","post","type-post","status-publish","format-standard","has-post-thumbnail","hentry","category-historias-de-vida","tag-flamenco","tag-migracion","tag-superacion"],"jetpack_sharing_enabled":true,"jetpack_featured_media_url":"https:\/\/i0.wp.com\/migrantesenigualdad.es\/wp-content\/uploads\/2022\/09\/Foto-Sandra-1.jpg?fit=1640%2C924&ssl=1","post_mailing_queue_ids":[],"_links":{"self":[{"href":"https:\/\/migrantesenigualdad.es\/index.php\/wp-json\/wp\/v2\/posts\/5609","targetHints":{"allow":["GET"]}}],"collection":[{"href":"https:\/\/migrantesenigualdad.es\/index.php\/wp-json\/wp\/v2\/posts"}],"about":[{"href":"https:\/\/migrantesenigualdad.es\/index.php\/wp-json\/wp\/v2\/types\/post"}],"author":[{"embeddable":true,"href":"https:\/\/migrantesenigualdad.es\/index.php\/wp-json\/wp\/v2\/users\/1"}],"replies":[{"embeddable":true,"href":"https:\/\/migrantesenigualdad.es\/index.php\/wp-json\/wp\/v2\/comments?post=5609"}],"version-history":[{"count":0,"href":"https:\/\/migrantesenigualdad.es\/index.php\/wp-json\/wp\/v2\/posts\/5609\/revisions"}],"wp:featuredmedia":[{"embeddable":true,"href":"https:\/\/migrantesenigualdad.es\/index.php\/wp-json\/wp\/v2\/media\/5613"}],"wp:attachment":[{"href":"https:\/\/migrantesenigualdad.es\/index.php\/wp-json\/wp\/v2\/media?parent=5609"}],"wp:term":[{"taxonomy":"category","embeddable":true,"href":"https:\/\/migrantesenigualdad.es\/index.php\/wp-json\/wp\/v2\/categories?post=5609"},{"taxonomy":"post_tag","embeddable":true,"href":"https:\/\/migrantesenigualdad.es\/index.php\/wp-json\/wp\/v2\/tags?post=5609"}],"curies":[{"name":"wp","href":"https:\/\/api.w.org\/{rel}","templated":true}]}}