{"id":5602,"date":"2022-09-28T13:49:48","date_gmt":"2022-09-28T13:49:48","guid":{"rendered":"https:\/\/migrantesenigualdad.es\/?p=5602"},"modified":"2022-09-29T11:30:41","modified_gmt":"2022-09-29T11:30:41","slug":"taja-me-encanta-el-flamenco-y-paco-de-lucia","status":"publish","type":"post","link":"https:\/\/migrantesenigualdad.es\/index.php\/2022\/09\/28\/taja-me-encanta-el-flamenco-y-paco-de-lucia\/","title":{"rendered":"Taha, \u00abLo que m\u00e1s me gusta de la cultura andaluza es el flamenco y Paco de Luc\u00eda\u00bb"},"content":{"rendered":"<p><strong>\u201cLo que m\u00e1s me gusta de la cultura andaluza es el flamenco, especialmente Paco de Luc\u00eda\u201d<\/strong><strong>\u00a0<\/strong><\/p>\n<p>Taha es un chico marroqu\u00ed de 18 a\u00f1os que vino a Espa\u00f1a buscando un futuro mejor, m\u00e1s derechos y libertades que en su pa\u00eds. Taha, como mucha otra gente, lleg\u00f3 a Espa\u00f1a siendo menor de edad a bordo de una patera.<\/p>\n<p>Proviene de una familia de pescadores, pues viv\u00eda en una ciudad tradicionalmente de pesca, como es Larache (Marruecos). Por ello, nos dice que no le cost\u00f3 especialmente su traves\u00eda hasta Espa\u00f1a. \u201cYo ya estaba acostumbrado al mar\u201d. Considera que en nuestro pa\u00eds hay unas mejores condiciones que en su pa\u00eds y de las cosas que m\u00e1s valora de \u00e9l son los derechos como el acceso a los estudios o la sanidad p\u00fablica.<\/p>\n<p>Cuando le preguntamos por qu\u00e9 decidi\u00f3 venir aqu\u00ed, nos cuenta que se le han dado condiciones que en su pa\u00eds de origen no ten\u00eda, que quer\u00eda tener una mejor vida. \u201cMejor que en Marruecos seguro. Mi plan no era espec\u00edficamente venir a Algeciras, pero la vida me trajo aqu\u00ed. No quer\u00eda perder mis estudios y por eso decid\u00ed quedarme aqu\u00ed. Sin embargo, creo que no hay demasiado empleo y me veo en un futuro fuera de aqu\u00ed, en una ciudad m\u00e1s grande. Pero Algeciras es muy bonita, llevo aqu\u00ed 3 a\u00f1os.\u201d Taha vive actualmente con unos compa\u00f1eros en un piso compartido, y dice estar muy feliz en \u00e9l.<\/p>\n<p>Algo que echa de menos de su pa\u00eds es a su familia, su tierra, la comida y la m\u00fasica de all\u00ed. \u201cLa verdad es que echo mucho de menos eso\u201d. Al ser preguntado por su estancia en Espa\u00f1a, nos cuenta que la gente de aqu\u00ed le ha tratado en general muy bien: \u201cConsidero que siempre hay m\u00e1s gente buena que mala. Es cierto que hay de todo, pero en Espa\u00f1a he conocido m\u00e1s gente buena que mala.\u201d<\/p>\n<p>Algunas de las acciones que Taha lleva a cabo para integrarse en nuestra sociedad son participar en todas las actividades que le sean posibles, especialmente cuando tratan de m\u00fasica. Le encanta tocar el <em>Darbuka<\/em> y considera que la m\u00fasica puede ser punto de encuentro entre personas migrantes y la sociedad de acogida. \u201c La m\u00fasica es un medio por el cual las personas pueden conocerse, intercambiar aspectos culturales. Me encantar\u00eda que mezcl\u00e1ramos grupos espa\u00f1oles y grupos marroqu\u00edes, por ejemplo, ense\u00f1ando el uno al otro su m\u00fasica y a ver qu\u00e9 sale. De hecho, ya hay mucha mezcla entre flamenco y m\u00fasica marroqu\u00ed.\u201d<\/p>\n<p>Taha nos cuenta que uno de los aspectos que m\u00e1s le gustan de nuestra cultura andaluza es el flamenco y especialmente Paco de Luc\u00eda. \u201c\u00bfA qu\u00eden no le gusta Paco de Luc\u00eda? \ud83d\ude42 \u201d.<\/p>\n","protected":false},"excerpt":{"rendered":"<p>\u201cLo que m\u00e1s me gusta de la cultura andaluza es el flamenco, especialmente Paco de Luc\u00eda\u201d\u00a0 Taha es un chico marroqu\u00ed de 18 a\u00f1os que vino a Espa\u00f1a buscando un futuro mejor, m\u00e1s derechos y libertades que en su pa\u00eds. Taha, como mucha otra gente, lleg\u00f3 a Espa\u00f1a siendo menor de edad a bordo de [&hellip;]<\/p>\n","protected":false},"author":1,"featured_media":5604,"comment_status":"open","ping_status":"closed","sticky":false,"template":"","format":"standard","meta":{"_et_pb_use_builder":"","_et_pb_old_content":"","_et_gb_content_width":"","_jetpack_newsletter_access":"","_jetpack_dont_email_post_to_subs":false,"_jetpack_newsletter_tier_id":0,"_jetpack_memberships_contains_paywalled_content":false,"_jetpack_feature_clip_id":0,"_jetpack_memberships_contains_paid_content":false,"footnotes":"","jetpack_post_was_ever_published":false},"categories":[189],"tags":[195,119,185],"class_list":["post-5602","post","type-post","status-publish","format-standard","has-post-thumbnail","hentry","category-historias-de-vida","tag-flamenco","tag-migracion","tag-superacion"],"jetpack_sharing_enabled":true,"jetpack_featured_media_url":"https:\/\/i0.wp.com\/migrantesenigualdad.es\/wp-content\/uploads\/2022\/09\/Diseno-sin-titulo.jpg?fit=1640%2C924&ssl=1","post_mailing_queue_ids":[],"_links":{"self":[{"href":"https:\/\/migrantesenigualdad.es\/index.php\/wp-json\/wp\/v2\/posts\/5602","targetHints":{"allow":["GET"]}}],"collection":[{"href":"https:\/\/migrantesenigualdad.es\/index.php\/wp-json\/wp\/v2\/posts"}],"about":[{"href":"https:\/\/migrantesenigualdad.es\/index.php\/wp-json\/wp\/v2\/types\/post"}],"author":[{"embeddable":true,"href":"https:\/\/migrantesenigualdad.es\/index.php\/wp-json\/wp\/v2\/users\/1"}],"replies":[{"embeddable":true,"href":"https:\/\/migrantesenigualdad.es\/index.php\/wp-json\/wp\/v2\/comments?post=5602"}],"version-history":[{"count":0,"href":"https:\/\/migrantesenigualdad.es\/index.php\/wp-json\/wp\/v2\/posts\/5602\/revisions"}],"wp:featuredmedia":[{"embeddable":true,"href":"https:\/\/migrantesenigualdad.es\/index.php\/wp-json\/wp\/v2\/media\/5604"}],"wp:attachment":[{"href":"https:\/\/migrantesenigualdad.es\/index.php\/wp-json\/wp\/v2\/media?parent=5602"}],"wp:term":[{"taxonomy":"category","embeddable":true,"href":"https:\/\/migrantesenigualdad.es\/index.php\/wp-json\/wp\/v2\/categories?post=5602"},{"taxonomy":"post_tag","embeddable":true,"href":"https:\/\/migrantesenigualdad.es\/index.php\/wp-json\/wp\/v2\/tags?post=5602"}],"curies":[{"name":"wp","href":"https:\/\/api.w.org\/{rel}","templated":true}]}}