{"id":5594,"date":"2022-09-27T07:15:08","date_gmt":"2022-09-27T07:15:08","guid":{"rendered":"https:\/\/migrantesenigualdad.es\/?p=5594"},"modified":"2022-09-27T07:37:31","modified_gmt":"2022-09-27T07:37:31","slug":"los-albaniles-de-la-alhambra-salen-del-anonimato","status":"publish","type":"post","link":"https:\/\/migrantesenigualdad.es\/index.php\/2022\/09\/27\/los-albaniles-de-la-alhambra-salen-del-anonimato\/","title":{"rendered":"Los alba\u00f1iles de La Alhambra salen del anonimato"},"content":{"rendered":"<p><span style=\"color: #ff9900;\"><strong>La Alhambra<\/strong><\/span><strong> es uno de los monumentos que fascinan a todo turista que viene a Espa\u00f1a<\/strong>, a toda persona que, por mayor que sea, se anima <strong>a subir la cuesta del barrio de El Albaic\u00edn<\/strong> para disfrutar de la vista del monumento y sus alrededores desde <span style=\"color: #ff9900;\"><strong>el mirador de San Nicol\u00e1s<\/strong><\/span>. Contemplar la ciudad rojiza es recrearse en su <strong>belleza<\/strong> y una manera de <strong>enorgullecernos del legado dejado por nuestras\/os antepasadas\/os.\u00a0<\/strong><\/p>\n<div id=\"attachment_5595\" style=\"width: 533px\" class=\"wp-caption aligncenter\"><img data-recalc-dims=\"1\" loading=\"lazy\" decoding=\"async\" aria-describedby=\"caption-attachment-5595\" class=\"wp-image-5595 \" src=\"https:\/\/i0.wp.com\/migrantesenigualdad.es\/wp-content\/uploads\/2022\/09\/great-view-of-the-courtyard-of-the-lions.jpg?resize=523%2C348&#038;ssl=1\" alt=\"\" width=\"523\" height=\"348\" \/><p id=\"caption-attachment-5595\" class=\"wp-caption-text\">El Patio de los Leones.<\/p><\/div>\n<p><strong><span style=\"color: #ff9900;\">Isabel Fern\u00e1ndez<\/span><\/strong> es una directora de cine que estos d\u00edas est\u00e1 grabando un documental que se titular\u00e1<strong> &#8216;Los constructores de La Alhambra&#8217;<\/strong>. Ella quiere narrar la historia y el contexto pol\u00edtico y social <strong>previo a la construcci\u00f3n del hist\u00f3rico edificio<\/strong> que hoy es patrimonio de la humanidad. Y quiere que no sea un documental m\u00e1s. Pretende darle protagonismo a los alba\u00f1iles que la levantaron, y no <strong>atribuirle todo el m\u00e9rito a los sultanes<\/strong> o<strong> dirigentes<\/strong> que encargaron las obras. <span style=\"color: #ff9900;\"><strong>El suyo es un ejercicio de justicia<\/strong><\/span>, porque las trabajadoras y trabajadores de todas las \u00e9pocas son siempre los grandes ausentes de los relatos hist\u00f3ricos y oficiales.\u00a0 <img data-recalc-dims=\"1\" loading=\"lazy\" decoding=\"async\" class=\" wp-image-5596 alignleft\" src=\"https:\/\/i0.wp.com\/migrantesenigualdad.es\/wp-content\/uploads\/2022\/09\/constructores-de-la-Alhambra.jpg?resize=427%2C610&#038;ssl=1\" alt=\"\" width=\"427\" height=\"610\" \/><\/p>\n<p>Es f\u00e1cil ver, en este caso,<strong> el olvido<\/strong> que la historia contada comete con las personas que trabajaron y se esforzaron cada d\u00eda para <strong>levantar las paredes de las torres y murallas de La Roja<\/strong>, o para <strong>cargar con el peso de los leones de piedra<\/strong> que acabar\u00edan en el famoso patio. Si hacemos <strong>una peque\u00f1a b\u00fasqueda en Google <\/strong>usando la frase <strong>\u201cconstructores de la Alhambra\u201d<\/strong> obtendremos cerca de <strong>un mill\u00f3n y medio<\/strong> de resultados, pero casi todos con una lista de los<strong> sultanes de las dos monarqu\u00edas<\/strong> durante las cuales se construy\u00f3 el edificio: desde <strong>Muhammad I<\/strong> hasta <strong>Muhammad VII<\/strong>, que fue el \u00faltimo sult\u00e1n nazar\u00ed.<\/p>\n<p>El documental dirigido por Isabel Fern\u00e1ndez tiene como protagonista al famoso actor <strong>Amr Waked<\/strong>, que da vida al personaje del poeta de la corte <span style=\"color: #ff9900;\"><strong>Ibn-Al-Khatib<\/strong><\/span>. Waked es conocido para el p\u00fablico internacional y en Hollywood por su papel en la pel\u00edcula de <strong>2005 <em>Syriana<\/em><\/strong>. Los guionistas del documental se han basado en unas <span style=\"color: #ff9900;\"><strong>cr\u00f3nicas del siglo XIV<\/strong> <\/span>escritas por el<strong> poeta<\/strong> al que da vida Waked. La recreaci\u00f3n de la vida en La Alhambra protagonizada por un variado elenco de actores y actrices se combina con <strong>efectos digitales (3D)<\/strong> para recrear la <strong>Granada nazar\u00ed<\/strong> y la fortaleza m\u00e1s famosa del mundo.<\/p>\n<p>El estren\u00f3 de la pel\u00edcula ser\u00e1 en 25 de noviembre de 2022. Han participado en la producci\u00f3n del film la <strong>Universidad de Granada<\/strong>, <strong>la Escuela de Estudios \u00c1rabes del Centro Superior de Investigaciones Cient\u00edficas<\/strong> y varios medios de comunicaci\u00f3n de ambos lados del Estrecho.<\/p>\n","protected":false},"excerpt":{"rendered":"<p>La Alhambra es uno de los monumentos que fascinan a todo turista que viene a Espa\u00f1a, a toda persona que, por mayor que sea, se anima a subir la cuesta del barrio de El Albaic\u00edn para disfrutar de la vista del monumento y sus alrededores desde el mirador de San Nicol\u00e1s. Contemplar la ciudad rojiza [&hellip;]<\/p>\n","protected":false},"author":1,"featured_media":5595,"comment_status":"open","ping_status":"closed","sticky":false,"template":"","format":"standard","meta":{"_et_pb_use_builder":"","_et_pb_old_content":"","_et_gb_content_width":"","_jetpack_newsletter_access":"","_jetpack_dont_email_post_to_subs":false,"_jetpack_newsletter_tier_id":0,"_jetpack_memberships_contains_paywalled_content":false,"_jetpack_feature_clip_id":0,"_jetpack_memberships_contains_paid_content":false,"footnotes":"","jetpack_post_was_ever_published":false},"categories":[104],"tags":[],"class_list":["post-5594","post","type-post","status-publish","format-standard","has-post-thumbnail","hentry","category-mundo-global"],"jetpack_sharing_enabled":true,"jetpack_featured_media_url":"https:\/\/i0.wp.com\/migrantesenigualdad.es\/wp-content\/uploads\/2022\/09\/great-view-of-the-courtyard-of-the-lions-scaled.jpg?fit=2560%2C1707&ssl=1","post_mailing_queue_ids":[],"_links":{"self":[{"href":"https:\/\/migrantesenigualdad.es\/index.php\/wp-json\/wp\/v2\/posts\/5594","targetHints":{"allow":["GET"]}}],"collection":[{"href":"https:\/\/migrantesenigualdad.es\/index.php\/wp-json\/wp\/v2\/posts"}],"about":[{"href":"https:\/\/migrantesenigualdad.es\/index.php\/wp-json\/wp\/v2\/types\/post"}],"author":[{"embeddable":true,"href":"https:\/\/migrantesenigualdad.es\/index.php\/wp-json\/wp\/v2\/users\/1"}],"replies":[{"embeddable":true,"href":"https:\/\/migrantesenigualdad.es\/index.php\/wp-json\/wp\/v2\/comments?post=5594"}],"version-history":[{"count":0,"href":"https:\/\/migrantesenigualdad.es\/index.php\/wp-json\/wp\/v2\/posts\/5594\/revisions"}],"wp:featuredmedia":[{"embeddable":true,"href":"https:\/\/migrantesenigualdad.es\/index.php\/wp-json\/wp\/v2\/media\/5595"}],"wp:attachment":[{"href":"https:\/\/migrantesenigualdad.es\/index.php\/wp-json\/wp\/v2\/media?parent=5594"}],"wp:term":[{"taxonomy":"category","embeddable":true,"href":"https:\/\/migrantesenigualdad.es\/index.php\/wp-json\/wp\/v2\/categories?post=5594"},{"taxonomy":"post_tag","embeddable":true,"href":"https:\/\/migrantesenigualdad.es\/index.php\/wp-json\/wp\/v2\/tags?post=5594"}],"curies":[{"name":"wp","href":"https:\/\/api.w.org\/{rel}","templated":true}]}}