{"id":5584,"date":"2022-09-26T10:03:03","date_gmt":"2022-09-26T10:03:03","guid":{"rendered":"https:\/\/migrantesenigualdad.es\/?p=5584"},"modified":"2022-09-27T07:16:35","modified_gmt":"2022-09-27T07:16:35","slug":"encuentros-sin-fronteras","status":"publish","type":"post","link":"https:\/\/migrantesenigualdad.es\/index.php\/2022\/09\/26\/encuentros-sin-fronteras\/","title":{"rendered":"Encuentros sin fronteras"},"content":{"rendered":"<p>Despedimos el verano en Ceuta y, como cada a\u00f1o, la asociaci\u00f3n El\u00edn ha organizado los <strong>Encuentros sin fronteras<\/strong>, un espacio y unos d\u00edas en los que el intercambio y las relaciones en igualdad han unido a las\/os participantes. El\u00edn lleva 23 a\u00f1os en Ceuta defendiendo los derechos de las personas migrantes y refugiadas. Tambi\u00e9n, denunciando y sensibilizando a la poblaci\u00f3n, potenciando otra mirada sobre la migraci\u00f3n para hacer ver que la riqueza est\u00e1 en la diversidad.<\/p>\n<p>Integrantes de la asociaci\u00f3n El\u00edn y personas que vienen de diferentes puntos de la pen\u00ednsula han compartido alrededor de diez d\u00edas de intercambio y aprendizaje. La idea del encuentro ha sido la de mejorar los conocimientos de todas\/os sobre los derechos humanos y desarrollar un pensamiento m\u00e1s profundo sobre la realidad migratoria a trav\u00e9s de formaciones y diversas actividades.<\/p>\n<p>Las personas que vienen de la pen\u00ednsula han tenido la oportunidad de acercarse a la realidad migratoria de la frontera sur y colaborar con las clases de espa\u00f1ol y con las actividades que la asociaci\u00f3n realiza normalmente.<\/p>\n<p>El primer d\u00eda es siempre muy emocionante, es el momento de conocerse y darle una buena acogida a los invitados de la pen\u00ednsula. Como en anteriores ocasiones las\/os asistentes al encuentro cantaron la canci\u00f3n de bienvenida, que dice: \u00a1Qu\u00e9 suerte encontrarme contigo, hermano, hermana! \u00a0\u00a1Qu\u00e9 suerte encontrarme contigo, hermano, amigo!<\/p>\n<p>Otras muchas actividades han realizado los participantes en el encuentro durante los siguientes d\u00edas. La gente de fuera ha conocido la ciudad de la mano de la familia El\u00edn, ha compartido momentos en la playa, donde el deporte, los juegos y las risas abundaban. Han realizado comidas y meriendas y han aprendido a cocinar asida, un plato t\u00edpico de Sud\u00e1n, entre otras cosas.<\/p>\n<p>Tambi\u00e9n han ayudado a dar una nueva decoraci\u00f3n al lugar de encuentro de la asociaci\u00f3n El\u00edn: han plantado \u00e1rboles y plantas en el jard\u00edn y el ultimo d\u00eda elaboraron un gran mural en la fachada de la asociaci\u00f3n. Pintaron un mapamundi con las marcas de las manos de todas las personas que se juntaron en el Encuentro sin fronteras. \u201cBienvenido\/bienvenida\u201d es lo que se puede leer en diferentes idiomas junto al mapa. \u00c9sa es la esencia de El\u00edn.<\/p>\n<p><img data-recalc-dims=\"1\" loading=\"lazy\" decoding=\"async\" class=\"alignnone wp-image-5586\" src=\"https:\/\/i0.wp.com\/migrantesenigualdad.es\/wp-content\/uploads\/2022\/09\/ghtsdfewgrw.jpg?resize=327%2C245&#038;ssl=1\" alt=\"\" width=\"327\" height=\"245\" \/> <img data-recalc-dims=\"1\" loading=\"lazy\" decoding=\"async\" class=\"alignnone wp-image-5587\" src=\"https:\/\/i0.wp.com\/migrantesenigualdad.es\/wp-content\/uploads\/2022\/09\/luhjfghgf.jpg?resize=330%2C248&#038;ssl=1\" alt=\"\" width=\"330\" height=\"248\" \/> <img data-recalc-dims=\"1\" loading=\"lazy\" decoding=\"async\" class=\"alignnone wp-image-5588\" src=\"https:\/\/i0.wp.com\/migrantesenigualdad.es\/wp-content\/uploads\/2022\/09\/sdggdf.jpg?resize=396%2C223&#038;ssl=1\" alt=\"\" width=\"396\" height=\"223\" \/> <img data-recalc-dims=\"1\" loading=\"lazy\" decoding=\"async\" class=\"alignnone wp-image-5589\" src=\"https:\/\/i0.wp.com\/migrantesenigualdad.es\/wp-content\/uploads\/2022\/09\/xfsdfsd.jpg?resize=296%2C222&#038;ssl=1\" alt=\"\" width=\"296\" height=\"222\" \/><\/p>\n<p>&nbsp;<\/p>\n","protected":false},"excerpt":{"rendered":"<p>Despedimos el verano en Ceuta y, como cada a\u00f1o, la asociaci\u00f3n El\u00edn ha organizado los Encuentros sin fronteras, un espacio y unos d\u00edas en los que el intercambio y las relaciones en igualdad han unido a las\/os participantes. El\u00edn lleva 23 a\u00f1os en Ceuta defendiendo los derechos de las personas migrantes y refugiadas. Tambi\u00e9n, denunciando [&hellip;]<\/p>\n","protected":false},"author":1,"featured_media":5585,"comment_status":"open","ping_status":"closed","sticky":false,"template":"","format":"standard","meta":{"_et_pb_use_builder":"","_et_pb_old_content":"","_et_gb_content_width":"","_jetpack_newsletter_access":"","_jetpack_dont_email_post_to_subs":false,"_jetpack_newsletter_tier_id":0,"_jetpack_memberships_contains_paywalled_content":false,"_jetpack_feature_clip_id":0,"_jetpack_memberships_contains_paid_content":false,"footnotes":"","jetpack_post_was_ever_published":false},"categories":[104],"tags":[190,42,191,193,14,194,192],"class_list":["post-5584","post","type-post","status-publish","format-standard","has-post-thumbnail","hentry","category-mundo-global","tag-asociacion","tag-ceuta","tag-elin","tag-encuentros","tag-migrantes","tag-refugiados-as","tag-sin-fronteras"],"jetpack_sharing_enabled":true,"jetpack_featured_media_url":"https:\/\/i0.wp.com\/migrantesenigualdad.es\/wp-content\/uploads\/2022\/09\/elim.jpg?fit=926%2C521&ssl=1","post_mailing_queue_ids":[],"_links":{"self":[{"href":"https:\/\/migrantesenigualdad.es\/index.php\/wp-json\/wp\/v2\/posts\/5584","targetHints":{"allow":["GET"]}}],"collection":[{"href":"https:\/\/migrantesenigualdad.es\/index.php\/wp-json\/wp\/v2\/posts"}],"about":[{"href":"https:\/\/migrantesenigualdad.es\/index.php\/wp-json\/wp\/v2\/types\/post"}],"author":[{"embeddable":true,"href":"https:\/\/migrantesenigualdad.es\/index.php\/wp-json\/wp\/v2\/users\/1"}],"replies":[{"embeddable":true,"href":"https:\/\/migrantesenigualdad.es\/index.php\/wp-json\/wp\/v2\/comments?post=5584"}],"version-history":[{"count":0,"href":"https:\/\/migrantesenigualdad.es\/index.php\/wp-json\/wp\/v2\/posts\/5584\/revisions"}],"wp:featuredmedia":[{"embeddable":true,"href":"https:\/\/migrantesenigualdad.es\/index.php\/wp-json\/wp\/v2\/media\/5585"}],"wp:attachment":[{"href":"https:\/\/migrantesenigualdad.es\/index.php\/wp-json\/wp\/v2\/media?parent=5584"}],"wp:term":[{"taxonomy":"category","embeddable":true,"href":"https:\/\/migrantesenigualdad.es\/index.php\/wp-json\/wp\/v2\/categories?post=5584"},{"taxonomy":"post_tag","embeddable":true,"href":"https:\/\/migrantesenigualdad.es\/index.php\/wp-json\/wp\/v2\/tags?post=5584"}],"curies":[{"name":"wp","href":"https:\/\/api.w.org\/{rel}","templated":true}]}}