{"id":5561,"date":"2022-09-20T11:38:05","date_gmt":"2022-09-20T11:38:05","guid":{"rendered":"https:\/\/migrantesenigualdad.es\/?p=5561"},"modified":"2022-09-28T14:30:32","modified_gmt":"2022-09-28T14:30:32","slug":"haifa-una-persona-sin-miedo","status":"publish","type":"post","link":"https:\/\/migrantesenigualdad.es\/index.php\/2022\/09\/20\/haifa-una-persona-sin-miedo\/","title":{"rendered":"Haifa, una persona sin miedo"},"content":{"rendered":"<p>Haifa es una mujer joven llena de energ\u00eda, con ganas de vivir y lucir su feminidad. La llamaron Mohamed cuando naci\u00f3 en una ciudad de Marruecos que es considerada la m\u00e1s conservadora del pa\u00eds, pero Haifa, desde su m\u00e1s temprana edad, sab\u00eda que el nombre de Mohamed no era para ella. Que no la representaba. Lo \u00fanico que ten\u00eda claro es que era una ni\u00f1a, la ni\u00f1a de su madre.\u00a0Esa ni\u00f1a que vivi\u00f3 28 a\u00f1os enclaustrada y en el an\u00f3nimato sab\u00eda que solo 14 kil\u00f3metros la separaban del suelo donde su sue\u00f1o se har\u00eda realidad: Espa\u00f1a. Poco antes de la pandemia, decidi\u00f3 sacar a esa ni\u00f1a al mundo real y ponerle nombre, lejos de la preocupaci\u00f3n, el miedo, la sociedad y sobre todo, la ley. Haifa, con mucho humor, nos invita a rebobinar con ella la cinta de su vida.<\/p>\n<p><strong>Tienes un v\u00ednculo muy especial con tu madre y\u00a0 que vas m\u00e1s all\u00e1 del mundo material y\u00a0 palbable. \u00bfA qu\u00e9 te refieres con eso?\u00a0<\/strong><\/p>\n<p>Cuando mi madre estaba embarazada, los m\u00e9dicos le dijeron que iba a tener un parto dif\u00edcil y que el beb\u00e9 iba a nacer con una discapacidad, todos auguraban que el beb\u00e9 se iba a morir, pero mi madre insisti\u00f3 en seguir embarazada y traerme al mundo. Si no fuese por ella, no estar\u00eda en este mundo.<\/p>\n<p><strong>\u00bfCu\u00e1ndo decidiste emigrar a Espa\u00f1a definitivamente, te fue f\u00e1cil separarte de tu madre?<\/strong><\/p>\n<p>No. No ha sido nada f\u00e1cil para las dos. Para ella soy su amiga, su confidente y su ni\u00f1a favorita.<\/p>\n<p><strong>Dices que, a muy temprana edad, tu madre fue de las pocas personas\u00a0 conscientes de que eras una ni\u00f1a y no un ni\u00f1o. \u00bfNotabas cierta diferencia de trato y educaci\u00f3n entre t\u00fa y tus dem\u00e1s hermanos varones?<\/strong><\/p>\n<p>Mi madre siempre me trataba como una chica, como soy yo. No me dejaba salir a jugar en el barrio con otros chicos, me ense\u00f1aba a hacer las labores de casa\u2026 Todo lo que hace una mujer en mi sociedad.<\/p>\n<p><strong>\u00bf Y tu padre, tus hermanos varones?\u00a0<\/strong><\/p>\n<p>Eran muy protectores, pero, m\u00e1s bien dicho, controladores. Mi padre no me dejaba salir, pero s\u00ed dejaba a mis hermanos varones peque\u00f1os. Ah\u00ed en mi sociedad se considera que\u00a0 el hombre tiene que estar en la calle mientras que la mujer en la casa, o mejor dicho, en la cocina. Y es lo que hac\u00eda yo.<\/p>\n<p><strong>Cu\u00e9ntanos un poco c\u00f3mo supiste que eras una chica y que te atra\u00edan los hombres<\/strong><\/p>\n<p>Yo, desde mi m\u00e1s temprana edad, sol\u00eda so\u00f1ar mucho con encontrar mi pr\u00edncipe azul, con el que iba a tener muchos hijos y\u00a0formar una bonita familia. Simplemente, compart\u00eda los mismos sue\u00f1os que mis hermanas y primas.\u00a0 Siempre pensaba que lo que me ense\u00f1aba mi madre me iba a servir en el futuro, al igual que a mis hermanas.<\/p>\n<p><strong>\u00bfQu\u00e9 te ense\u00f1aba tu mam\u00e1?<\/strong><\/p>\n<p>Pues, a ser una cocinera, una buena ama de casa y una maruja \u00bfpor qu\u00e9 no? Ja,ja, ja\u2026 Pues en las fiestas del Eid ayudaba a mis hermanas a hacer el cordero, por las tardes a preparar la mesa del t\u00e9 para recibir a nuestras vecinas y amigas. En Ramad\u00e1n tambi\u00e9n preparaba la <em>Chebak\u00eda<\/em>, las <em>brewat<\/em>\u2026<\/p>\n<p><strong>\u00bfHas vivido alg\u00fan acoso?<\/strong><\/p>\n<p>En mi barrio nunca, porque\u00a0 en tu barrio siempre te respetan, pero en otros sitios, un poco s\u00ed. Por ejemplo, se met\u00edan conmigo por mi aspecto f\u00edsico, mi forma de vestir, etc.<\/p>\n<p><strong>\u00bfHas emigrado por tu identidad de g\u00e9nero?<\/strong><\/p>\n<p>Con el tiempo, empec\u00e9 a darme cuenta de que vivir en Marruecos no era el suelo en el que quer\u00eda edificar mi futuro como mujer, pero ten\u00eda muchas ganas de ser yo. Solo tuve una alternativa, Espa\u00f1a, debido b\u00e1sicamentre a la ubicaci\u00f3n geogr\u00e1fica. \u00a0Mi primer paso fue en el centro de estancia temporal de inmigrantes de Melilla y luego pude llega a \u00a0la pen\u00ednsula mediante asilo.<\/p>\n<p><strong>\u00bfAl tomar esa decisi\u00f3n y emprender esta aventura vital, te ha sido f\u00e1cil el recorrido?<\/strong><\/p>\n<p>No tanto. Al principio, la convivencia con otros migrantes no fue del todo lo que esperaba, pero tambi\u00e9n pienso que vienen de otros sitios donde una persona como yo no es aceptada y tampoco puede encajar.<\/p>\n<p><strong>\u00bfAnte esa incomodidad, has intentado explicar tu realidad y hacer llegar tus quejas a los responsables del centro en el que estabas?<\/strong><\/p>\n<p>S\u00ed, pero creo que contaba como \u201cun\u201d migrante m\u00e1s. Se me trataba acorde a mi g\u00e9nero en el DNI, simplemente era un Mohamed migrante. Yo quer\u00eda que se tomase en cuenta mi condici\u00f3n, que viesen que soy una mujer que ha luchado para serlo y gritarlo a los cuatro vientos. Quer\u00eda que me pusieran con migrantes mujeres, pero no ha podido ser&#8230;Incluso hubo momentos en los que me sent\u00eda muy deca\u00edda. Despu\u00e9s de ocho meses me vine a Algeciras.<\/p>\n<p><strong>\u00bfC\u00f3mo fueron tus inicios en Algeciras, y cu\u00e1l fue tu primera impresi\u00f3n al salir al mundo real?<\/strong><\/p>\n<p>Como cualquier mujer migrante echada <em>pa&#8217;lante<\/em> he pensado que primero deber\u00eda tener una estabilidad econ\u00f3mica con el fin de tener un espacio decente o un techo bajo el que dormir. Me puse a buscar trabajo, pero al mismo tiempo y consciente de mi situaci\u00f3n, decid\u00ed contactar con varias ONGs.<\/p>\n<p><strong>Han transcurrido tres a\u00f1os desde tu llegada a Algeciras. \u00bfQu\u00e9 crees que esta ciudad te ha aportado?\u00a0<\/strong><\/p>\n<p>En Algeciras, encontr\u00e9 el amor.\u00a0 Me he enamorado aqu\u00ed, curiosamente, de un compatriota m\u00edo.<\/p>\n<p><strong>Siendo mujer trans del colectivo y quiz\u00e1s una de las pioneras en decididir migrar para ser ella misma\u2026 \u00bfQu\u00e9 consejos le dar\u00edas a otras u otros que est\u00e1n ahora en una situaci\u00f3n similar que viviste t\u00fa?<\/strong><\/p>\n<p>Perseverancia, paciencia y que nunca pierdan la esperanza.<\/p>\n<p>&nbsp;<\/p>\n","protected":false},"excerpt":{"rendered":"<p>Haifa es una mujer joven llena de energ\u00eda, con ganas de vivir y lucir su feminidad. La llamaron Mohamed cuando naci\u00f3 en una ciudad de Marruecos que es considerada la m\u00e1s conservadora del pa\u00eds, pero Haifa, desde su m\u00e1s temprana edad, sab\u00eda que el nombre de Mohamed no era para ella. Que no la representaba. [&hellip;]<\/p>\n","protected":false},"author":1,"featured_media":5607,"comment_status":"open","ping_status":"closed","sticky":false,"template":"","format":"standard","meta":{"_et_pb_use_builder":"","_et_pb_old_content":"","_et_gb_content_width":"","_jetpack_newsletter_access":"","_jetpack_dont_email_post_to_subs":false,"_jetpack_newsletter_tier_id":0,"_jetpack_memberships_contains_paywalled_content":false,"_jetpack_feature_clip_id":0,"_jetpack_memberships_contains_paid_content":false,"footnotes":"","jetpack_post_was_ever_published":false},"categories":[189],"tags":[188,186,185,187],"class_list":["post-5561","post","type-post","status-publish","format-standard","has-post-thumbnail","hentry","category-historias-de-vida","tag-identidad-de-genero","tag-orgullo","tag-superacion","tag-trans"],"jetpack_sharing_enabled":true,"jetpack_featured_media_url":"https:\/\/i0.wp.com\/migrantesenigualdad.es\/wp-content\/uploads\/2022\/09\/Foto-Haifa.jpg?fit=1920%2C1080&ssl=1","post_mailing_queue_ids":[],"_links":{"self":[{"href":"https:\/\/migrantesenigualdad.es\/index.php\/wp-json\/wp\/v2\/posts\/5561","targetHints":{"allow":["GET"]}}],"collection":[{"href":"https:\/\/migrantesenigualdad.es\/index.php\/wp-json\/wp\/v2\/posts"}],"about":[{"href":"https:\/\/migrantesenigualdad.es\/index.php\/wp-json\/wp\/v2\/types\/post"}],"author":[{"embeddable":true,"href":"https:\/\/migrantesenigualdad.es\/index.php\/wp-json\/wp\/v2\/users\/1"}],"replies":[{"embeddable":true,"href":"https:\/\/migrantesenigualdad.es\/index.php\/wp-json\/wp\/v2\/comments?post=5561"}],"version-history":[{"count":0,"href":"https:\/\/migrantesenigualdad.es\/index.php\/wp-json\/wp\/v2\/posts\/5561\/revisions"}],"wp:featuredmedia":[{"embeddable":true,"href":"https:\/\/migrantesenigualdad.es\/index.php\/wp-json\/wp\/v2\/media\/5607"}],"wp:attachment":[{"href":"https:\/\/migrantesenigualdad.es\/index.php\/wp-json\/wp\/v2\/media?parent=5561"}],"wp:term":[{"taxonomy":"category","embeddable":true,"href":"https:\/\/migrantesenigualdad.es\/index.php\/wp-json\/wp\/v2\/categories?post=5561"},{"taxonomy":"post_tag","embeddable":true,"href":"https:\/\/migrantesenigualdad.es\/index.php\/wp-json\/wp\/v2\/tags?post=5561"}],"curies":[{"name":"wp","href":"https:\/\/api.w.org\/{rel}","templated":true}]}}