{"id":5557,"date":"2022-09-16T10:22:30","date_gmt":"2022-09-16T10:22:30","guid":{"rendered":"https:\/\/migrantesenigualdad.es\/?p=5557"},"modified":"2022-09-16T10:22:30","modified_gmt":"2022-09-16T10:22:30","slug":"fronteras-un-documental-sobre-inmigracion","status":"publish","type":"post","link":"https:\/\/migrantesenigualdad.es\/index.php\/2022\/09\/16\/fronteras-un-documental-sobre-inmigracion\/","title":{"rendered":"Fronteras. Un documental sobre inmigraci\u00f3n"},"content":{"rendered":"<p><strong>T\u00edtulo original: Fronteras. Un documental sobre inmigraci\u00f3n.<\/strong><\/p>\n<p><strong>A\u00f1o de producci\u00f3n: 2017<\/strong><\/p>\n<p><strong>Pa\u00eds: Espa\u00f1a<\/strong><\/p>\n<p><strong>Duraci\u00f3n: 17 minutos<\/strong><\/p>\n<p><strong>Direcci\u00f3n: Lara Tom\u00e1s y Jordi Estevan<\/strong><\/p>\n<p><strong>Colabora: Valencia Acoge<\/strong><\/p>\n<p>Mor, Maya, Bianca, El Wafi y Fernando son los protagonistas de este documental que cuenta sus vivencias y traves\u00edas para llegar hasta nuestro pa\u00eds. Es un cortometraje muy cercano y necesario que logra conectar con el espectador. Las personas cuyos relatos aborda hablan de qu\u00e9 es lo que les llev\u00f3 a tomar la decisi\u00f3n de migrar, de sus razones diferentes, de las situaciones por las que han pasado y pasan y de sus sue\u00f1os y sus logros.<\/p>\n<p>El Wafi perdi\u00f3 a su hermano y su primo en el duro trayecto migratorio; Mor viaj\u00f3 por varios pa\u00edses hasta recalar en Espa\u00f1a\u00a0 y algunos de ellos los atraves\u00f3 a pie; Bianca tuvo que abandonar Brasil para mejorar sus condiciones sanitarias \u00a0porque padece de diabetes; Maya no ve\u00eda ning\u00fan futuro en Argelia; y Fernando buscaba en Espa\u00f1a mejorar las condiciones econ\u00f3micas y sociales que sufr\u00eda en Argentina.<\/p>\n<p>Podemos ver c\u00f3mo Fernando quiere cambiar el mundo desde la pol\u00edtica local. C\u00f3mo Bianca sue\u00f1a con ser maquilladora de cine y televisi\u00f3n. C\u00f3mo Maya simplemente es feliz con estar unida a su familia. C\u00f3mo El Wafi, a pesar de las dificultades, ha salido adelante y es feliz con su pareja, a la que ama. C\u00f3mo Mor sue\u00f1a con hacer feliz a otras personas y con tener estabilidad.<\/p>\n<p>Todas estas personas, a pesar de las enormes barreras que han tenido que traspasar, son felices con lo que tienen en su vida en Espa\u00f1a. Y s\u00f3lo esperan poder contribuir a nuestra sociedad y seguir siendo felices en ella.<\/p>\n<p>Este cortometraje se hace muy ameno al espectador y consigue que sus protagonistas se muestren cercanos a las personas que lo ven. \u00a1O os recomendamos que lo veais y disfrut\u00e9is!<\/p>\n<p>Pod\u00e9is verlo aqu\u00ed abajo:<\/p>\n<p><iframe loading=\"lazy\" title=\"FRONTERAS - Un documental sobre inmigraci\u00f3n\" width=\"1080\" height=\"608\" src=\"https:\/\/www.youtube.com\/embed\/2qdv30Zw50s?feature=oembed\"  allow=\"accelerometer; autoplay; clipboard-write; encrypted-media; gyroscope; picture-in-picture\" allowfullscreen><\/iframe><\/p>\n","protected":false},"excerpt":{"rendered":"<p>T\u00edtulo original: Fronteras. Un documental sobre inmigraci\u00f3n. A\u00f1o de producci\u00f3n: 2017 Pa\u00eds: Espa\u00f1a Duraci\u00f3n: 17 minutos Direcci\u00f3n: Lara Tom\u00e1s y Jordi Estevan Colabora: Valencia Acoge Mor, Maya, Bianca, El Wafi y Fernando son los protagonistas de este documental que cuenta sus vivencias y traves\u00edas para llegar hasta nuestro pa\u00eds. Es un cortometraje muy cercano y [&hellip;]<\/p>\n","protected":false},"author":1,"featured_media":5558,"comment_status":"open","ping_status":"closed","sticky":false,"template":"","format":"standard","meta":{"_et_pb_use_builder":"","_et_pb_old_content":"","_et_gb_content_width":"","_jetpack_newsletter_access":"","_jetpack_dont_email_post_to_subs":false,"_jetpack_newsletter_tier_id":0,"_jetpack_memberships_contains_paywalled_content":false,"_jetpack_feature_clip_id":0,"_jetpack_memberships_contains_paid_content":false,"footnotes":"","jetpack_post_was_ever_published":false},"categories":[109],"tags":[],"class_list":["post-5557","post","type-post","status-publish","format-standard","has-post-thumbnail","hentry","category-cine"],"jetpack_sharing_enabled":true,"jetpack_featured_media_url":"https:\/\/i0.wp.com\/migrantesenigualdad.es\/wp-content\/uploads\/2022\/09\/Captura.jpg?fit=1345%2C650&ssl=1","post_mailing_queue_ids":[],"_links":{"self":[{"href":"https:\/\/migrantesenigualdad.es\/index.php\/wp-json\/wp\/v2\/posts\/5557","targetHints":{"allow":["GET"]}}],"collection":[{"href":"https:\/\/migrantesenigualdad.es\/index.php\/wp-json\/wp\/v2\/posts"}],"about":[{"href":"https:\/\/migrantesenigualdad.es\/index.php\/wp-json\/wp\/v2\/types\/post"}],"author":[{"embeddable":true,"href":"https:\/\/migrantesenigualdad.es\/index.php\/wp-json\/wp\/v2\/users\/1"}],"replies":[{"embeddable":true,"href":"https:\/\/migrantesenigualdad.es\/index.php\/wp-json\/wp\/v2\/comments?post=5557"}],"version-history":[{"count":0,"href":"https:\/\/migrantesenigualdad.es\/index.php\/wp-json\/wp\/v2\/posts\/5557\/revisions"}],"wp:featuredmedia":[{"embeddable":true,"href":"https:\/\/migrantesenigualdad.es\/index.php\/wp-json\/wp\/v2\/media\/5558"}],"wp:attachment":[{"href":"https:\/\/migrantesenigualdad.es\/index.php\/wp-json\/wp\/v2\/media?parent=5557"}],"wp:term":[{"taxonomy":"category","embeddable":true,"href":"https:\/\/migrantesenigualdad.es\/index.php\/wp-json\/wp\/v2\/categories?post=5557"},{"taxonomy":"post_tag","embeddable":true,"href":"https:\/\/migrantesenigualdad.es\/index.php\/wp-json\/wp\/v2\/tags?post=5557"}],"curies":[{"name":"wp","href":"https:\/\/api.w.org\/{rel}","templated":true}]}}