{"id":5541,"date":"2022-09-13T10:54:38","date_gmt":"2022-09-13T10:54:38","guid":{"rendered":"https:\/\/migrantesenigualdad.es\/?p=5541"},"modified":"2022-09-13T10:58:29","modified_gmt":"2022-09-13T10:58:29","slug":"el-gobierno-aprueba-una-reforma-del-reglamento-de-extranjeria","status":"publish","type":"post","link":"https:\/\/migrantesenigualdad.es\/index.php\/2022\/09\/13\/el-gobierno-aprueba-una-reforma-del-reglamento-de-extranjeria\/","title":{"rendered":"El Gobierno aprueba una Reforma del Reglamento de Extranjer\u00eda"},"content":{"rendered":"<p>Este nuevo Reglamento pretende facilitar la permanencia y el trabajo de los estudiantes extranjeros as\u00ed como actualizar las figuras de arraigo social y laboral, adem\u00e1s de la reagrupaci\u00f3n familiar.<\/p>\n<p>Por otro lado, crea una figura de arraigo para formaci\u00f3n para los extranjeros que hayan permanecido en Espa\u00f1a dos a\u00f1os en situaci\u00f3n irregular.<\/p>\n<p>Adem\u00e1s, impulsa la migraci\u00f3n regular facilitando la entrada de personas emprendedoras, favoreciendo la contrataci\u00f3n de personas de origen extranjero e introduce mejoras en la gesti\u00f3n administrativa mediante la creaci\u00f3n de una Unidad de Tramitaci\u00f3n de Expedientes de Extranjer\u00eda.<\/p>\n<p>Entr\u00f3 en vigor el pasado 16 de agosto. Puedes descargarlo aqu\u00ed abajo:<\/p>\n<p><a href=\"https:\/\/migrantesenigualdad.es\/wp-content\/uploads\/2022\/09\/BOE-A-2022-12504_-Nuevo-Reglamento-de-Extranjeria.pdf\">BOE-A-2022-12504_ Nuevo Reglamento de Extranjer\u00eda<\/a><\/p>\n<p><a href=\"https:\/\/migrantesenigualdad.es\/wp-content\/uploads\/2022\/09\/Nuevo-Reglamento-de-Extranjeria.pdf\">Nota de prensa nuevo Reglamento<\/a><\/p>\n","protected":false},"excerpt":{"rendered":"<p>Este nuevo Reglamento pretende facilitar la permanencia y el trabajo de los estudiantes extranjeros as\u00ed como actualizar las figuras de arraigo social y laboral, adem\u00e1s de la reagrupaci\u00f3n familiar. Por otro lado, crea una figura de arraigo para formaci\u00f3n para los extranjeros que hayan permanecido en Espa\u00f1a dos a\u00f1os en situaci\u00f3n irregular. Adem\u00e1s, impulsa la [&hellip;]<\/p>\n","protected":false},"author":1,"featured_media":5544,"comment_status":"open","ping_status":"closed","sticky":false,"template":"","format":"standard","meta":{"_et_pb_use_builder":"","_et_pb_old_content":"","_et_gb_content_width":"","_jetpack_newsletter_access":"","_jetpack_dont_email_post_to_subs":false,"_jetpack_newsletter_tier_id":0,"_jetpack_memberships_contains_paywalled_content":false,"_jetpack_feature_clip_id":0,"_jetpack_memberships_contains_paid_content":false,"footnotes":"","jetpack_post_was_ever_published":false},"categories":[173],"tags":[180,181,179,182],"class_list":["post-5541","post","type-post","status-publish","format-standard","has-post-thumbnail","hentry","category-informes","tag-extranjeria","tag-migracion-regular","tag-nuevo-reglamento","tag-reagrupacion"],"jetpack_sharing_enabled":true,"jetpack_featured_media_url":"https:\/\/i0.wp.com\/migrantesenigualdad.es\/wp-content\/uploads\/2022\/09\/estudiar-extranjero-ilustracion-concepto_114360-7493.jpg?fit=2000%2C2000&ssl=1","post_mailing_queue_ids":[],"_links":{"self":[{"href":"https:\/\/migrantesenigualdad.es\/index.php\/wp-json\/wp\/v2\/posts\/5541","targetHints":{"allow":["GET"]}}],"collection":[{"href":"https:\/\/migrantesenigualdad.es\/index.php\/wp-json\/wp\/v2\/posts"}],"about":[{"href":"https:\/\/migrantesenigualdad.es\/index.php\/wp-json\/wp\/v2\/types\/post"}],"author":[{"embeddable":true,"href":"https:\/\/migrantesenigualdad.es\/index.php\/wp-json\/wp\/v2\/users\/1"}],"replies":[{"embeddable":true,"href":"https:\/\/migrantesenigualdad.es\/index.php\/wp-json\/wp\/v2\/comments?post=5541"}],"version-history":[{"count":0,"href":"https:\/\/migrantesenigualdad.es\/index.php\/wp-json\/wp\/v2\/posts\/5541\/revisions"}],"wp:featuredmedia":[{"embeddable":true,"href":"https:\/\/migrantesenigualdad.es\/index.php\/wp-json\/wp\/v2\/media\/5544"}],"wp:attachment":[{"href":"https:\/\/migrantesenigualdad.es\/index.php\/wp-json\/wp\/v2\/media?parent=5541"}],"wp:term":[{"taxonomy":"category","embeddable":true,"href":"https:\/\/migrantesenigualdad.es\/index.php\/wp-json\/wp\/v2\/categories?post=5541"},{"taxonomy":"post_tag","embeddable":true,"href":"https:\/\/migrantesenigualdad.es\/index.php\/wp-json\/wp\/v2\/tags?post=5541"}],"curies":[{"name":"wp","href":"https:\/\/api.w.org\/{rel}","templated":true}]}}