{"id":5535,"date":"2022-09-13T08:34:03","date_gmt":"2022-09-13T08:34:03","guid":{"rendered":"https:\/\/migrantesenigualdad.es\/?p=5535"},"modified":"2022-09-13T08:34:03","modified_gmt":"2022-09-13T08:34:03","slug":"la-salud-de-las-os-ninas-os-saharauis-tambien-importa","status":"publish","type":"post","link":"https:\/\/migrantesenigualdad.es\/index.php\/2022\/09\/13\/la-salud-de-las-os-ninas-os-saharauis-tambien-importa\/","title":{"rendered":"La salud de las\/os ni\u00f1as\/os saharauis tambi\u00e9n importa"},"content":{"rendered":"<p>Termina otro verano de ilusi\u00f3n y nostalgia para el programa <strong>Vacaciones en paz<\/strong>, que organiza la asociaci\u00f3n comarcal Amigos del Pueblo Saharaui Solidaridad, y del que han podido disfrutar 32 ni\u00f1as y ni\u00f1as saharauis que han sido acogidas\/os por 28 familias del Campo de Gibraltar.<\/p>\n<p>El proyecto <strong>Migrantes en igualdad<\/strong>, de la Fundaci\u00f3n M\u00e1rgenes y V\u00ednculos, ha comprobado que estas ni\u00f1as y ni\u00f1os venidas\/os desde los campamentos de refugiados de la regi\u00f3n de Tinduf, en Argelia, han disfrutado mucho con las familias campogibraltare\u00f1as con las que han compartido hogares y actividades durante estas vacaciones pac\u00edficas y veraniegas. Prueba de ello son las fotograf\u00edas que nos ense\u00f1an y os mostramos.<\/p>\n<p><img data-recalc-dims=\"1\" loading=\"lazy\" decoding=\"async\" class=\"alignnone  wp-image-5537\" src=\"https:\/\/i0.wp.com\/migrantesenigualdad.es\/wp-content\/uploads\/2022\/09\/IMG-20220908-WA0003.jpg?resize=473%2C355&#038;ssl=1\" alt=\"\" width=\"473\" height=\"355\" \/><\/p>\n<p><img data-recalc-dims=\"1\" loading=\"lazy\" decoding=\"async\" class=\"alignnone size-large wp-image-5538\" src=\"https:\/\/i0.wp.com\/migrantesenigualdad.es\/wp-content\/uploads\/2022\/09\/IMG-20220908-WA0004.jpg?resize=768%2C1024&#038;ssl=1\" alt=\"\" width=\"768\" height=\"1024\" \/><\/p>\n<p>Esta iniciativa solidaria tiene tambi\u00e9n una vertiente relacionada con la salud de las\/os peque\u00f1as\/os. Todos los peri\u00f3dicos de la comarca publicaron hace unos d\u00edas la noticia de House\u00edn, un ni\u00f1o de cinco a\u00f1os con una profunda miop\u00eda de 23 dioptr\u00edas que le imped\u00eda ver. House\u00edn ha empezado a ver las formas con algo de nitidez, lo que ha supuesto todo un cambio en su vida, gracias a una \u00f3ptica de Algeciras, Optivisi\u00f3n, y a la colaboraci\u00f3n del servicio de oftalmolog\u00eda del hospital Punta Europa.<\/p>\n<p>Pero no ha sido solo House\u00edn. Solidaridad nos cuenta que este a\u00f1o han sido cuatro los ni\u00f1os y ni\u00f1as o adolescentes que han recibido atenci\u00f3n m\u00e9dica especializada para superar los problemas con que ven\u00edan. \u00c9ste es el caso de una ni\u00f1a que tras caerse en un brasero se quem\u00f3 una parte importante del cuerpo, por lo que se le ha aplicado un tratamiento desde el momento en que lleg\u00f3. Otra ni\u00f1a ven\u00eda con epilepsia y una discapacidad, por lo que ha permanecido ingresada en el hospital durante quince d\u00edas recibiendo toda la atenci\u00f3n necesaria.<\/p>\n<p>Responsables de Solidaridad nos comentan tambi\u00e9n el caso de un adolescente de 15 a\u00f1os que padece diabetes. El chico no ha podido venir en estas vacaciones, pero la asociaci\u00f3n ha conseguido, para \u00e9l y para m\u00e1s personas con la misma enfermedad, una nevera llena de insulina que ser\u00e1 enviada en los pr\u00f3ximos d\u00edas a los campamentos.<\/p>\n<p>La asociaci\u00f3n y las familias acogedoras saben de antemano, antes de que lleguen los integrantes de Vacaciones en paz, si las ni\u00f1as o ni\u00f1os que van a acoger tienen problemas m\u00e9dicos graves. As\u00ed preparan todo lo que van a necesitar con antelaci\u00f3n. Y, de vuelta a su lugar de origen, muchas\/os de ellas\/os llevan consigo medicamentos adaptados a sus necesidades.<\/p>\n<p><strong>Migrantes en igualdad<\/strong> anima a las personas de esta comarca a que prueben la experiencia de ser familia acogedora durante el verano. El pueblo saharaui lo necesita m\u00e1s que nunca y las familias que participan en este programa sienten que es una vivencia muy gratificante y emotiva que sin duda volver\u00edan a repetir. Otras personas pueden aportar su granito de arena participando en la recogida de alimentos que luego son enviados en la caravana al Sahara que Solidaridad organiza cada a\u00f1o.<\/p>\n<p>Millones de ni\u00f1as y ni\u00f1os en el mundo, especialmente las\/os que viven en zonas de conflictos armados, cat\u00e1strofes ambientales o crisis econ\u00f3micas, no tienen m\u00e9dico ni acceso a un centro de salud o un hospital. Alguien dir\u00e1 que las acciones de Amigos del Pueblo Saharaui del Campo de Gibraltar son una peque\u00f1a gota en el mar de las necesidades. Puede ser cierto, pero son acciones muy \u00fatiles y necesarias. Solo hay que preguntar a House\u00edn para comprobarlo. Y, adem\u00e1s, marcan un rumbo de humanidad y solidaridad que siempre debe presidir el trabajo de las organizaciones sociales y de todos los poderes p\u00fablicos.<\/p>\n<p><img data-recalc-dims=\"1\" loading=\"lazy\" decoding=\"async\" class=\"alignnone  wp-image-5539\" src=\"https:\/\/i0.wp.com\/migrantesenigualdad.es\/wp-content\/uploads\/2022\/09\/IMG-20220908-WA0005.jpg?resize=409%2C545&#038;ssl=1\" alt=\"\" width=\"409\" height=\"545\" \/><\/p>\n","protected":false},"excerpt":{"rendered":"<p>Termina otro verano de ilusi\u00f3n y nostalgia para el programa Vacaciones en paz, que organiza la asociaci\u00f3n comarcal Amigos del Pueblo Saharaui Solidaridad, y del que han podido disfrutar 32 ni\u00f1as y ni\u00f1as saharauis que han sido acogidas\/os por 28 familias del Campo de Gibraltar. El proyecto Migrantes en igualdad, de la Fundaci\u00f3n M\u00e1rgenes y [&hellip;]<\/p>\n","protected":false},"author":1,"featured_media":5536,"comment_status":"open","ping_status":"closed","sticky":false,"template":"","format":"standard","meta":{"_et_pb_use_builder":"","_et_pb_old_content":"","_et_gb_content_width":"","_jetpack_newsletter_access":"","_jetpack_dont_email_post_to_subs":false,"_jetpack_newsletter_tier_id":0,"_jetpack_memberships_contains_paywalled_content":false,"_jetpack_feature_clip_id":0,"_jetpack_memberships_contains_paid_content":false,"footnotes":"","jetpack_post_was_ever_published":false},"categories":[104],"tags":[],"class_list":["post-5535","post","type-post","status-publish","format-standard","has-post-thumbnail","hentry","category-mundo-global"],"jetpack_sharing_enabled":true,"jetpack_featured_media_url":"https:\/\/i0.wp.com\/migrantesenigualdad.es\/wp-content\/uploads\/2022\/09\/IMG-20220908-WA0002.jpg?fit=2048%2C923&ssl=1","post_mailing_queue_ids":[],"_links":{"self":[{"href":"https:\/\/migrantesenigualdad.es\/index.php\/wp-json\/wp\/v2\/posts\/5535","targetHints":{"allow":["GET"]}}],"collection":[{"href":"https:\/\/migrantesenigualdad.es\/index.php\/wp-json\/wp\/v2\/posts"}],"about":[{"href":"https:\/\/migrantesenigualdad.es\/index.php\/wp-json\/wp\/v2\/types\/post"}],"author":[{"embeddable":true,"href":"https:\/\/migrantesenigualdad.es\/index.php\/wp-json\/wp\/v2\/users\/1"}],"replies":[{"embeddable":true,"href":"https:\/\/migrantesenigualdad.es\/index.php\/wp-json\/wp\/v2\/comments?post=5535"}],"version-history":[{"count":0,"href":"https:\/\/migrantesenigualdad.es\/index.php\/wp-json\/wp\/v2\/posts\/5535\/revisions"}],"wp:featuredmedia":[{"embeddable":true,"href":"https:\/\/migrantesenigualdad.es\/index.php\/wp-json\/wp\/v2\/media\/5536"}],"wp:attachment":[{"href":"https:\/\/migrantesenigualdad.es\/index.php\/wp-json\/wp\/v2\/media?parent=5535"}],"wp:term":[{"taxonomy":"category","embeddable":true,"href":"https:\/\/migrantesenigualdad.es\/index.php\/wp-json\/wp\/v2\/categories?post=5535"},{"taxonomy":"post_tag","embeddable":true,"href":"https:\/\/migrantesenigualdad.es\/index.php\/wp-json\/wp\/v2\/tags?post=5535"}],"curies":[{"name":"wp","href":"https:\/\/api.w.org\/{rel}","templated":true}]}}