{"id":5531,"date":"2022-09-12T08:18:37","date_gmt":"2022-09-12T08:18:37","guid":{"rendered":"https:\/\/migrantesenigualdad.es\/?p=5531"},"modified":"2022-09-12T08:18:37","modified_gmt":"2022-09-12T08:18:37","slug":"informe-de-la-encuesta-sobre-delitos-de-odio","status":"publish","type":"post","link":"https:\/\/migrantesenigualdad.es\/index.php\/2022\/09\/12\/informe-de-la-encuesta-sobre-delitos-de-odio\/","title":{"rendered":"Informe de la encuesta sobre delitos de odio"},"content":{"rendered":"<p>El informe que os dejamos a continuaci\u00f3n es referido a la encuesta sobre delitos de odio y ha sido elaborado por la Oficina Nacional de Lucha contra los Delitos de Odio y editada por la Secretar\u00eda T\u00e9cnica del Ministerio del Interior.<\/p>\n<p>En \u00e9l se analizan variables muy interesantes sobre delitos de odio. Son ejemplos de ello los motivos de comisi\u00f3n del delito, las caracter\u00edsticas de la v\u00edctima, la percepci\u00f3n de la ciudadan\u00eda sobre los delitos de odio, cuerpo policial ante los que se presenta la denuncia, conocimiento de la ciudadan\u00eda sobre el C\u00f3digo Penal espa\u00f1ol, etc.<\/p>\n<p>Est\u00e1 actualizado a fecha de junio de 2021 puesto que es el m\u00e1s reciente.<\/p>\n<p>Puedes descargar el informe pinchando m\u00e1s abajo:<\/p>\n<p><a href=\"https:\/\/migrantesenigualdad.es\/wp-content\/uploads\/2022\/09\/Informe-de-la-encuesta-sobre-delitos-de-odio_2021.pdf\">Informe de la encuesta sobre delitos de odio_2021<\/a><\/p>\n","protected":false},"excerpt":{"rendered":"<p>El informe que os dejamos a continuaci\u00f3n es referido a la encuesta sobre delitos de odio y ha sido elaborado por la Oficina Nacional de Lucha contra los Delitos de Odio y editada por la Secretar\u00eda T\u00e9cnica del Ministerio del Interior. En \u00e9l se analizan variables muy interesantes sobre delitos de odio. Son ejemplos de [&hellip;]<\/p>\n","protected":false},"author":1,"featured_media":5533,"comment_status":"open","ping_status":"closed","sticky":false,"template":"","format":"standard","meta":{"_et_pb_use_builder":"","_et_pb_old_content":"","_et_gb_content_width":"","_jetpack_newsletter_access":"","_jetpack_dont_email_post_to_subs":false,"_jetpack_newsletter_tier_id":0,"_jetpack_memberships_contains_paywalled_content":false,"_jetpack_feature_clip_id":0,"_jetpack_memberships_contains_paid_content":false,"footnotes":"","jetpack_post_was_ever_published":false},"categories":[173],"tags":[],"class_list":["post-5531","post","type-post","status-publish","format-standard","has-post-thumbnail","hentry","category-informes"],"jetpack_sharing_enabled":true,"jetpack_featured_media_url":"https:\/\/i0.wp.com\/migrantesenigualdad.es\/wp-content\/uploads\/2022\/09\/Captura.png?fit=418%2C598&ssl=1","post_mailing_queue_ids":[],"_links":{"self":[{"href":"https:\/\/migrantesenigualdad.es\/index.php\/wp-json\/wp\/v2\/posts\/5531","targetHints":{"allow":["GET"]}}],"collection":[{"href":"https:\/\/migrantesenigualdad.es\/index.php\/wp-json\/wp\/v2\/posts"}],"about":[{"href":"https:\/\/migrantesenigualdad.es\/index.php\/wp-json\/wp\/v2\/types\/post"}],"author":[{"embeddable":true,"href":"https:\/\/migrantesenigualdad.es\/index.php\/wp-json\/wp\/v2\/users\/1"}],"replies":[{"embeddable":true,"href":"https:\/\/migrantesenigualdad.es\/index.php\/wp-json\/wp\/v2\/comments?post=5531"}],"version-history":[{"count":0,"href":"https:\/\/migrantesenigualdad.es\/index.php\/wp-json\/wp\/v2\/posts\/5531\/revisions"}],"wp:featuredmedia":[{"embeddable":true,"href":"https:\/\/migrantesenigualdad.es\/index.php\/wp-json\/wp\/v2\/media\/5533"}],"wp:attachment":[{"href":"https:\/\/migrantesenigualdad.es\/index.php\/wp-json\/wp\/v2\/media?parent=5531"}],"wp:term":[{"taxonomy":"category","embeddable":true,"href":"https:\/\/migrantesenigualdad.es\/index.php\/wp-json\/wp\/v2\/categories?post=5531"},{"taxonomy":"post_tag","embeddable":true,"href":"https:\/\/migrantesenigualdad.es\/index.php\/wp-json\/wp\/v2\/tags?post=5531"}],"curies":[{"name":"wp","href":"https:\/\/api.w.org\/{rel}","templated":true}]}}