{"id":5434,"date":"2022-09-06T09:26:58","date_gmt":"2022-09-06T09:26:58","guid":{"rendered":"https:\/\/migrantesenigualdad.es\/?p=5434"},"modified":"2022-09-12T07:51:10","modified_gmt":"2022-09-12T07:51:10","slug":"abrir-fronteras-por-angel-luis-jimenez","status":"publish","type":"post","link":"https:\/\/migrantesenigualdad.es\/index.php\/2022\/09\/06\/abrir-fronteras-por-angel-luis-jimenez\/","title":{"rendered":"Buenas pr\u00e1cticas en prensa 4. Abrir fronteras (24.08.22)"},"content":{"rendered":"<p>El observatorio de prensa y redes sociales de <strong>Migrantes en igualdad<\/strong> muestra hoy una noticia publicada en <em>Algecirasalminuto.com<\/em> siguiendo la <em>Gu\u00eda pr\u00e1ctica para los profesionales de los medios de comunicaci\u00f3n: tratamiento medi\u00e1tico de la inmigraci\u00f3n<\/em> publicada por el Observatorio Espa\u00f1ol del Racismo y la Xenofobia (OBERAXE) y las recomendaciones del Colegio Oficial de Periodistas de Andaluc\u00eda.<\/p>\n<p>Analizamos la noticia siguiendo las recomendaciones del colegio y la citada gu\u00eda. Se\u00f1alamos con cada color las frases del reportaje que coinciden con alguna de las recomendaciones que hace el coelgio y que exponemos coloreadas a continuaci\u00f3n:<\/p>\n<ul>\n<li>Evitar utilizar un lenguaje deshumanizador.<\/li>\n<li>Esforzarse en la precisi\u00f3n para evitar los prejuicios.<\/li>\n<li>Poner en contexto los movimientos migratorios<\/li>\n<li>Evitar describir a las personas migrantes con un mismo enfoque generalista.<\/li>\n<li>Potenciar las noticias positivas. Hablar de las vidas de las personas migrantes mostr\u00e1ndolos en contextos de inclusi\u00f3n.<\/li>\n<\/ul>\n<p>Espa\u00f1a y Europa precisan de mano de obra extranjera para poder sostener su Estado de bienestar y atraer talento con el que competir en una econom\u00eda global. La inmigraci\u00f3n es cada d\u00eda m\u00e1s necesaria, pero las fronteras siguen sin abrirse en una Europa envejecida.<\/p>\n<p>La pol\u00edtica econ\u00f3mica migratoria de Europa es como una de esas puertas oscilantes que daban entrada a una cantina en las pel\u00edculas del Oeste: nunca se sab\u00eda qui\u00e9n iba a aparecer por la puerta. As\u00ed estamos.<\/p>\n<p>Europa tiene una intenci\u00f3n com\u00fan, pero en la pr\u00e1ctica 27 pol\u00edticas nacionales distintas. Lo triste es que, quiz\u00e1, por primera vez en la historia de la humanidad, lo que opinen los economistas es irrelevante.<\/p>\n<p>Ahora incluso parece irrelevante hasta lo que opinen los pol\u00edticos. A Boris Johnson lo votaron los ingleses por su delirio de mejorar el pa\u00eds cerrando las puertas a la inmigraci\u00f3n. \u00a1Qu\u00e9 pobreza mental! Y en septiembre ser\u00e1 sustituido por ser el pol\u00edtico m\u00e1s impopular del Reino Unido.<\/p>\n<p>Resulta casi imposible encontrar un experto de primer nivel que, en una sociedad como la espa\u00f1ola con una tasa de fertilidad (n\u00famero de hijos por mujer) del 1,19 en 2020, no exclame: \u00ab\u00a1Necesitan ni\u00f1os!\u00bb. Espa\u00f1a, est\u00e1 claro, necesita la inmigraci\u00f3n.<\/p>\n<p>En Espa\u00f1a convivimos con siete millones de extranjeros (datos de la OCDE de 2020). El 15% de la poblaci\u00f3n. Y el 52% mujeres. Seg\u00fan el INE, en Espa\u00f1a viven 775.000 ciudadanos marroqu\u00edes. Son, junto con rumanos (658.000), brit\u00e1nicos (313.000) y colombianos (297.000) los extranjeros con m\u00e1s presencia en el pa\u00eds.<\/p>\n<p>El INE calcula que se necesitan entre siete y ocho millones de inmigrantes en tres d\u00e9cadas para mantener la prosperidad actual, soportar el sistema de pensiones y cubrir aquellos puestos que los nacionales no quieren ocupar. En 2050 la poblaci\u00f3n en edad de trabajar supondr\u00e1 el 50% de los habitantes frente al 65% actual.<\/p>\n<p>Emilio Ontiveros, de Analistas Financieros Internacionales (AFI), recientemente fallecido, dec\u00eda que \u00abaumentar la natalidad y atraer el talento joven deber\u00edan ser una prioridad estrat\u00e9gica espa\u00f1ola\u00bb. Ya sean j\u00f3venes de Am\u00e9rica Latina o \u00c1frica. Porque, sin ellos, la pir\u00e1mide de la poblaci\u00f3n espa\u00f1ola se desmoronar\u00e1.<\/p>\n<p>A los cinco a\u00f1os de la llegada de los inmigrantes a Espa\u00f1a -estima el catedr\u00e1tico de Econom\u00eda de la Universidad Pompeu Fabra (UPF), Jos\u00e9 Garc\u00eda Montalvo, bas\u00e1ndose en datos del FMI-, la riqueza aumenta un 1%, la productividad el 0,6% y el empleo de los nacionales no se ve en nada afectado.<\/p>\n<p>En Reino Unido siguen con aquella m\u00e1xima de \u00abNiebla en el canal: el continente est\u00e1 aislado\u00bb. Contin\u00faan ajenos y despreocupados, pero el analista de la consultora brit\u00e1nica Oxford Analytica, Giles Alston, calcula que \u00abel n\u00famero de trabajadores de origen comunitario en las n\u00f3minas de las empresas brit\u00e1nicas se redujo en unos 200.000 durante 2020\u00bb. Y suma: \u00abEl Gobierno ha proporcionado muchos visados a los camioneros extranjeros para que trabajen en el Reino Unido. Sin embargo, bastantes no estaban interesados en venir porque tem\u00edan ser expulsados nada m\u00e1s se normalizase la cadena de suministro. No se f\u00edan de las autoridades brit\u00e1nicas\u00bb.<\/p>\n<p>El Brexit -seg\u00fan estimaciones oficiales- disminuir\u00e1 la riqueza del pa\u00eds a largo plazo un 4%, cuando el coronavirus solo ha afectado en un 2%. Los brit\u00e1nicos creen que lo resistir\u00e1n. Sin embargo, el desastre se extiende. Carentes de inmigraci\u00f3n, los expertos advierten que el Reino Unido y Europa podr\u00edan sufrir una crisis laboral jam\u00e1s vista en las pr\u00f3ximas tres d\u00e9cadas. La iridiscencia se contagia al igual que bombillas encendidas. Menos poblaci\u00f3n, m\u00e1s envejecimiento, pocos ni\u00f1os.<\/p>\n<p>Yanis Varoufakis denomina a esta estrategia, que se adentra en un callej\u00f3n oscuro y tapiado, el \u00abgran cierre\u00bb. \u00abCon la escasez de mano de obra en un momento en el que la inflaci\u00f3n, por el empuje de los costes, resulta el mayor riesgo al que se enfrenta Europa, lo obvio que se deber\u00eda haber hecho -para buscar mayor crecimiento con menor inflaci\u00f3n- es abrir las fronteras. Pero, los gobernantes olfatean el aire y solo huelen la xenofobia generalizada\u00bb.<\/p>\n<p>\u00abEl Brexit se gan\u00f3 difundiendo el miedo al extranjero. Macron pretende seguir gobernando robando votos a la derecha abiertamente racista, y en Alemania, tras Merkel, nadie en el poder quiere heredar la ira de los criptoxen\u00f3fobos (odio a los emigrantes griegos, espa\u00f1oles, italianos\u2026) que se alzaron contra la t\u00edmida apertura de la canciller en 2015. En cuanto a Europa del Este, el triunfo de la derecha va de la mano de un racismo institucionalizado\u00bb.<\/p>\n<p>Lo f\u00e1cil ser\u00eda escribir que existe un cambio de patrones demogr\u00e1ficos tras la pandemia, pero la transformaci\u00f3n llega tarde y detr\u00e1s de la geograf\u00eda. Poco a poco, surge una \u00abEuropa vaciada\u00bb. Unos dos millones de polacos -el 5% de la poblaci\u00f3n, seg\u00fan The Economist- habitan en Europa pero fuera de sus fronteras. Generalmente los m\u00e1s preparados.<\/p>\n<p>El miedo al otro es la piedra que erige los monumentos antiguos y modernos de Roma. \u00abEl problema en Italia es que tenemos dos grandes partidos, que podr\u00edan gobernar despu\u00e9s de las elecciones de 2023, es decir, Lega y Fratelli d\u2019Italia, que basan su pol\u00edtica en declaraciones en contra de la migraci\u00f3n\u00bb, avisa Michele Raitano, profesor de Econom\u00eda en la Universidad de la Sapienza en Roma.<\/p>\n<p>En el mar se alza una luna de oblea llena de rostros desaparecidos para siempre. Esos desaparecidos eran los m\u00e9dicos, enfermeros o abogados, que ven\u00edan para estudiar, trabajar y participar de nuestro futuro. Necesitamos a estas personas como agua de mayo, pero tambi\u00e9n una migraci\u00f3n mental de esa gente a la que le aterra tanto la diversidad y la diferencia. Y no hablo de derechos humanos, ni de la dignidad ni la libertad de las personas, ni siquiera de hacer un mundo mejor, sino de simple y pura Econom\u00eda.<\/p>\n","protected":false},"excerpt":{"rendered":"<p>El observatorio de prensa y redes sociales de Migrantes en igualdad muestra hoy una noticia publicada en Algecirasalminuto.com siguiendo la Gu\u00eda pr\u00e1ctica para los profesionales de los medios de comunicaci\u00f3n: tratamiento medi\u00e1tico de la inmigraci\u00f3n publicada por el Observatorio Espa\u00f1ol del Racismo y la Xenofobia (OBERAXE) y las recomendaciones del Colegio Oficial de Periodistas de [&hellip;]<\/p>\n","protected":false},"author":1,"featured_media":5435,"comment_status":"open","ping_status":"closed","sticky":false,"template":"","format":"standard","meta":{"_et_pb_use_builder":"","_et_pb_old_content":"","_et_gb_content_width":"","_jetpack_newsletter_access":"","_jetpack_dont_email_post_to_subs":false,"_jetpack_newsletter_tier_id":0,"_jetpack_memberships_contains_paywalled_content":false,"_jetpack_feature_clip_id":0,"_jetpack_memberships_contains_paid_content":false,"footnotes":"","jetpack_post_was_ever_published":false},"categories":[26],"tags":[],"class_list":["post-5434","post","type-post","status-publish","format-standard","has-post-thumbnail","hentry","category-observatorio"],"jetpack_sharing_enabled":true,"jetpack_featured_media_url":"https:\/\/i0.wp.com\/migrantesenigualdad.es\/wp-content\/uploads\/2022\/09\/Buenas-practicas.jpg?fit=1920%2C1080&ssl=1","post_mailing_queue_ids":[],"_links":{"self":[{"href":"https:\/\/migrantesenigualdad.es\/index.php\/wp-json\/wp\/v2\/posts\/5434","targetHints":{"allow":["GET"]}}],"collection":[{"href":"https:\/\/migrantesenigualdad.es\/index.php\/wp-json\/wp\/v2\/posts"}],"about":[{"href":"https:\/\/migrantesenigualdad.es\/index.php\/wp-json\/wp\/v2\/types\/post"}],"author":[{"embeddable":true,"href":"https:\/\/migrantesenigualdad.es\/index.php\/wp-json\/wp\/v2\/users\/1"}],"replies":[{"embeddable":true,"href":"https:\/\/migrantesenigualdad.es\/index.php\/wp-json\/wp\/v2\/comments?post=5434"}],"version-history":[{"count":0,"href":"https:\/\/migrantesenigualdad.es\/index.php\/wp-json\/wp\/v2\/posts\/5434\/revisions"}],"wp:featuredmedia":[{"embeddable":true,"href":"https:\/\/migrantesenigualdad.es\/index.php\/wp-json\/wp\/v2\/media\/5435"}],"wp:attachment":[{"href":"https:\/\/migrantesenigualdad.es\/index.php\/wp-json\/wp\/v2\/media?parent=5434"}],"wp:term":[{"taxonomy":"category","embeddable":true,"href":"https:\/\/migrantesenigualdad.es\/index.php\/wp-json\/wp\/v2\/categories?post=5434"},{"taxonomy":"post_tag","embeddable":true,"href":"https:\/\/migrantesenigualdad.es\/index.php\/wp-json\/wp\/v2\/tags?post=5434"}],"curies":[{"name":"wp","href":"https:\/\/api.w.org\/{rel}","templated":true}]}}