{"id":5426,"date":"2022-09-02T07:35:39","date_gmt":"2022-09-02T07:35:39","guid":{"rendered":"https:\/\/migrantesenigualdad.es\/?p=5426"},"modified":"2022-09-02T07:35:39","modified_gmt":"2022-09-02T07:35:39","slug":"centros-de-estancia-temporal-de-inmigrantes-su-realidad","status":"publish","type":"post","link":"https:\/\/migrantesenigualdad.es\/index.php\/2022\/09\/02\/centros-de-estancia-temporal-de-inmigrantes-su-realidad\/","title":{"rendered":"Centros de estancia temporal de inmigrantes, su realidad"},"content":{"rendered":"<p><span style=\"color: #ff9900;\"><strong>Algeciras<\/strong> <\/span>es una de las ciudades m\u00e1s <strong>importantes del mapa mundial de las migraciones<\/strong> por su ubicaci\u00f3n geogr\u00e1fica y su condici\u00f3n de<span style=\"color: #ff9900;\"><strong> puerta de acceso a dos continentes<\/strong><\/span>, Europa y \u00c1frica. Las migraciones y la diversidad cultural <span style=\"color: #ff9900;\"><strong>son elementos distintivos de la ciudad<\/strong> <\/span>y un tema muy presente en su <strong>agenda sociopol\u00edtica<\/strong> que genera opiniones<strong> contrapuestas<\/strong>. Un ejemplo de esta presencia es lo que est\u00e1 ocurriendo actualmente con la pregunta que ha hecho el<strong> Gobierno central<\/strong> al <strong>Ayuntamiento<\/strong> de la ciudad para saber cu\u00e1l es su disposici\u00f3n a <strong>abrir aqu\u00ed un centro de estancia temporal para inmigrantes (CETI).<\/strong> Las dos ciudades auton\u00f3micas situadas en el <strong>Norte de \u00c1frica<\/strong>, Ceuta y Melilla, tienen, cada una, uno de estos centros desde hace m\u00e1s de dos d\u00e9cadas: <strong>Melilla desde 1999 y Ceuta desde 2000<\/strong>.<\/p>\n<p><strong>Su funci\u00f3n<\/strong><\/p>\n<p><strong>La funci\u00f3n principal<\/strong> de este tipo de centros es la de dar <strong>albergue<\/strong> de forma <strong>temporal<\/strong> a los migrantes que lo necesitan <strong>una vez llegados a territorio espa\u00f1ol<\/strong>. El personal del centro les presta los<strong> primeros auxilios<\/strong> y all\u00ed reciben <span style=\"color: #ff9900;\"><strong>alojamiento<\/strong><\/span>,<span style=\"color: #ff9900;\"><strong> alimentaci\u00f3n<\/strong><\/span>, <span style=\"color: #ff9900;\"><strong>asistencia sanitaria<\/strong><\/span>, <span style=\"color: #ff9900;\"><strong>jur\u00eddica<\/strong><\/span>, <strong>psicol\u00f3gica<\/strong>, <strong>formaci\u00f3n<\/strong> y <span style=\"color: #ff9900;\"><strong>clases de espa\u00f1ol<\/strong><\/span>, adem\u00e1s de otros servicios de tiempo libre o de \u00edndole burocr\u00e1tica, como ayudarles a <strong>presentar solicitudes de asilo<\/strong>, etc. Quienes viven temporalmente en estos centros no est\u00e1n detenidos ni privados de <strong>libertad<\/strong>, pueden entrar y salir de ellos cumpliendo una serie de <strong>normas de convivencia<\/strong> establecidas. Estas funciones y su correcto desarrollo pueden convertir a este tipo de centros en el primer eslab\u00f3n para la integraci\u00f3n del migrante en la sociedad espa\u00f1ola.<\/p>\n<p>La mayor\u00eda de las personas que se albergan en los centros de Ceuta y Melilla son hombres y mujeres africanas, son personas migrantes o solicitantes de protecci\u00f3n internacional. Algunas de ellas son de la <span style=\"color: #ff9900;\"><strong>misma familia<\/strong> <\/span>y tambi\u00e9n llegan algunas veces menores de edad solos, sin acompa\u00f1ar por familiares.<\/p>\n<p>Cada una de estas personas que viven en el centro <strong>permanece en \u00e9l hasta que es trasladada al territorio de la pen\u00ednsula<\/strong>, o es <strong>devuelta a su lugar de origen<\/strong> por tener una<strong> orden de devoluci\u00f3n o expulsi\u00f3n<\/strong>. Su<strong> tiempo de estancia en el centro var\u00eda<\/strong>, pues no existe una norma que establezca cu\u00e1ndo se les debe trasladar y el <strong>Ministerio del Interior<\/strong> act\u00faa, en este sentido, con cierta arbitrariedad. Las circunstancias sociales, econ\u00f3micas y sanitarias ocurridas en Marruecos o en otros pa\u00edses africanos hacen que var\u00eden los flujos migratorios y esto origina que, algunas veces, alguno de estos centros est\u00e9 saturado y albergue m\u00e1s personas de las que debe. Preparado para alojar a <strong>782<\/strong>, el de <strong>Melilla<\/strong> ha llegado a albergar a m\u00e1s de <strong>1.300 personas durante la pandemia<\/strong>. El de Ceuta, sin embargo, ha tenido este verano sus cifras m\u00e1s bajas de ocupaci\u00f3n, pues se han alojado en \u00e9l <strong>menos de 330 personas<\/strong>.<\/p>\n<p>Algunas <strong>organizaciones sociales y de ayuda a inmigrantes<\/strong> <strong>critican con severidad<\/strong> el funcionamiento de estos centros y explican que no se trata s\u00f3lo de construirlos, sino de<strong> garantizar<\/strong> que lo que ocurre en ellos es siempre acorde a los <strong>derechos humanos<\/strong> y respetuoso completamente con la dignidad de las personas. Demandan tambi\u00e9n<strong> transparencia en la gesti\u00f3n<\/strong> y<strong> libre acceso a la informaci\u00f3n<\/strong> de cuanto en ellos acontece. <strong>Exigen que no se saturen<\/strong>, que <span style=\"color: #ff9900;\"><strong>sus instalaciones sean siempre dignas<\/strong> <\/span>y que la <strong><span style=\"color: #ff9900;\">atenci\u00f3n a las personas<\/span> <\/strong>tenga siempre en cuenta sus necesidades y dif\u00edciles circunstancias en las que han llegado, especialmente las de las <span style=\"color: #ff9900;\"><strong>mujeres y las\/os menores<\/strong><\/span>, que son m\u00e1s vulnerables.<\/p>\n<p>Quienes trabajan en estos lugares, atienden a los migrantes y se encargan del mantenimiento de las instalaciones son funcionarios civiles del <strong>Ministerio de Inclusi\u00f3n<\/strong>, <strong>Seguridad Social y Migraciones<\/strong>. Estando en estos centros, algunas\/os de los migrantes dan sus primeros pasos en el proceso de la regularizaci\u00f3n administrativa de su presencia en Espa\u00f1a y, por tanto, de su convivencia en t\u00e9rminos progresivamente de igualdad con el resto de la sociedad. Algunas\/os migrantes con m\u00e1s experiencia ayudan a quienes tienen menos a desenvolverse en su nueva realidad de una forma paulatina. Las salidas del centro les brindan la posibilidad de tratar directamente y desde el principio con la sociedad acogedora.<\/p>\n<p><strong>\u00bfEs necesario un centro de este tipo en Algeciras?<\/strong> La realidad de esta ciudad es que es un <strong>punto de tr\u00e1nsito migratorio<\/strong> de importancia internacional. Tiene <strong>123.00 habitantes<\/strong> y, junto al resto de municipios del Campo de Gibraltar, ha demostrado en muchas ocasiones que su poblaci\u00f3n sabe ser solidaria. Y en sus calles y plazas <strong>conviven vecinas\/os<\/strong> de m\u00e1s de 104 nacionalidades diferentes.<\/p>\n","protected":false},"excerpt":{"rendered":"<p>Algeciras es una de las ciudades m\u00e1s importantes del mapa mundial de las migraciones por su ubicaci\u00f3n geogr\u00e1fica y su condici\u00f3n de puerta de acceso a dos continentes, Europa y \u00c1frica. Las migraciones y la diversidad cultural son elementos distintivos de la ciudad y un tema muy presente en su agenda sociopol\u00edtica que genera opiniones [&hellip;]<\/p>\n","protected":false},"author":1,"featured_media":5427,"comment_status":"open","ping_status":"closed","sticky":false,"template":"","format":"standard","meta":{"_et_pb_use_builder":"","_et_pb_old_content":"","_et_gb_content_width":"","_jetpack_newsletter_access":"","_jetpack_dont_email_post_to_subs":false,"_jetpack_newsletter_tier_id":0,"_jetpack_memberships_contains_paywalled_content":false,"_jetpack_feature_clip_id":0,"_jetpack_memberships_contains_paid_content":false,"footnotes":"","jetpack_post_was_ever_published":false},"categories":[107],"tags":[49,169,119],"class_list":["post-5426","post","type-post","status-publish","format-standard","has-post-thumbnail","hentry","category-tienes-un-minuto","tag-algeciras","tag-ceti","tag-migracion"],"jetpack_sharing_enabled":true,"jetpack_featured_media_url":"https:\/\/i0.wp.com\/migrantesenigualdad.es\/wp-content\/uploads\/2022\/09\/Ceti_Ceuta.jpg?fit=1000%2C667&ssl=1","post_mailing_queue_ids":[],"_links":{"self":[{"href":"https:\/\/migrantesenigualdad.es\/index.php\/wp-json\/wp\/v2\/posts\/5426","targetHints":{"allow":["GET"]}}],"collection":[{"href":"https:\/\/migrantesenigualdad.es\/index.php\/wp-json\/wp\/v2\/posts"}],"about":[{"href":"https:\/\/migrantesenigualdad.es\/index.php\/wp-json\/wp\/v2\/types\/post"}],"author":[{"embeddable":true,"href":"https:\/\/migrantesenigualdad.es\/index.php\/wp-json\/wp\/v2\/users\/1"}],"replies":[{"embeddable":true,"href":"https:\/\/migrantesenigualdad.es\/index.php\/wp-json\/wp\/v2\/comments?post=5426"}],"version-history":[{"count":0,"href":"https:\/\/migrantesenigualdad.es\/index.php\/wp-json\/wp\/v2\/posts\/5426\/revisions"}],"wp:featuredmedia":[{"embeddable":true,"href":"https:\/\/migrantesenigualdad.es\/index.php\/wp-json\/wp\/v2\/media\/5427"}],"wp:attachment":[{"href":"https:\/\/migrantesenigualdad.es\/index.php\/wp-json\/wp\/v2\/media?parent=5426"}],"wp:term":[{"taxonomy":"category","embeddable":true,"href":"https:\/\/migrantesenigualdad.es\/index.php\/wp-json\/wp\/v2\/categories?post=5426"},{"taxonomy":"post_tag","embeddable":true,"href":"https:\/\/migrantesenigualdad.es\/index.php\/wp-json\/wp\/v2\/tags?post=5426"}],"curies":[{"name":"wp","href":"https:\/\/api.w.org\/{rel}","templated":true}]}}