{"id":5423,"date":"2022-09-01T09:57:40","date_gmt":"2022-09-01T09:57:40","guid":{"rendered":"https:\/\/migrantesenigualdad.es\/?p=5423"},"modified":"2022-09-01T09:57:40","modified_gmt":"2022-09-01T09:57:40","slug":"morad-una-estrella-musical-nacida-mas-al-sur","status":"publish","type":"post","link":"https:\/\/migrantesenigualdad.es\/index.php\/2022\/09\/01\/morad-una-estrella-musical-nacida-mas-al-sur\/","title":{"rendered":"Morad, una estrella musical nacida m\u00e1s al sur"},"content":{"rendered":"<p>Es migrante, es el artista n\u00famero uno en Spotify, sus videos en Youtube han sido vistos m\u00e1s de 595 millones de veces y tiene m\u00e1s de dos millones de seguidoras\/es en Instagram. Estos solo son algunos de los logros de Morad,<strong> el joven marroqu\u00ed<\/strong> que est\u00e1 revolucionando la m\u00fasica urbana en Espa\u00f1a. Vive en un barrio de Hospitalet de Llobregat y se ha convertido en <strong>referente<\/strong> de muchas\/os <strong>j\u00f3venes migrantes<\/strong> y en la voz de las\/os inconformistas de barriadas desfavorecidas. Es uno de los pocos artistas j\u00f3venes que han sido entrevistados por el periodista Jordi Evole y es un <strong>gran cr\u00edtico del racismo institucional<\/strong> que sufren las\/os adolescentes migrantes.<\/p>\n<p><strong>Mucho car\u00e1cter <\/strong><\/p>\n<p>Naci\u00f3 en 1999 en Larache, ciudad del norte de Marruecos. Su familia abandon\u00f3 el pa\u00eds para vivir definitivamente en Barcelona cuando \u00e9l era muy peque\u00f1o. Su padre los abandon\u00f3 y su madre se hizo cargo de la familia sola y <strong>asumi\u00f3 el papel del padre \u00e1rabe<\/strong> para poder criar a sus hijos en el barrio conflictivo donde viv\u00edan. La vivienda es m\u00e1s barata en los barrios obreros y del extrarradio donde se asientan la mayor\u00eda de los migrantes, pero tambi\u00e9n en ellos existen m\u00e1s problemas sociales y menos dispositivos p\u00fablicos para atender a la poblaci\u00f3n.<\/p>\n<p>El futuro cantante tuvo en aquella \u00e9poca <strong>vivencias que han definido su personalidad<\/strong> y han ayudado a dar forma al personaje que sale en los videoclips rapeando en las barriadas de Barcelona. Algunos de los conflictos vividos le costaron un tiempo de estancia en un centro de menores. Las vivencias privadas de Morad, como el abandono de su padre, y las circunstancias generales que comparte con <strong>la comunidad migrante<\/strong> condicionaron sus inclinaciones musicales: se decant\u00f3 por <strong>el <em>trap <\/em>y el <em>drill<\/em>.<\/strong><\/p>\n<p>Los inicios profesionales fueron de manos del cantante Beny Jr., que animaba a Morad a cantar. Con un su estilo musical bien definido, mezclado con <strong>una visi\u00f3n furiosa de la vida<\/strong>, Morad empez\u00f3 a componer temas que no tardaron en hacerlo llegar al estrellato en un tiempo r\u00e9cord. Morad empez\u00f3 a cosechar grandes \u00e9xitos a ra\u00edz de colaboraciones con otros artistas destacados de ese g\u00e9nero musical, como el propio Beny Jr. y Delarue. En 2019, lanz\u00f3 su primer \u00e1lbum, titulado <em>MDLR<\/em>, siglas de la frase <em>Mec de la rue <\/em>cuya traducci\u00f3n literal ser\u00eda <strong>chaval de la calle.<\/strong><\/p>\n<p><strong>Una generaci\u00f3n de j\u00f3venes migrantes ven en \u00e9l un s\u00edmbolo de lealtad,<\/strong> un \u00a0hermano de la calle en constante lucha por la convivencia y contra las drogas,<strong> los prejuicios, la discriminaci\u00f3n, el racismo y el paro<\/strong>. Morad sigue cosechando \u00e9xitos y ha hecho del ch\u00e1ndal un s\u00edmbolo de identidad que representa a aquellas\/os que luchan constantemente y sobre la marcha. Morad es hoy el \u00fanico artista escuchado por espa\u00f1olas\/es tanto como por las\/os migrantes y el \u00fanico cantante espa\u00f1ol que pone m\u00fasica a la banda sonora del juego Fifa 22.<\/p>\n<p><iframe loading=\"lazy\" title=\"Morad - Concierto Algeciras 03\/07\/2021\" width=\"1080\" height=\"608\" src=\"https:\/\/www.youtube.com\/embed\/AD-HEi9N_oY?feature=oembed\"  allow=\"accelerometer; autoplay; clipboard-write; encrypted-media; gyroscope; picture-in-picture\" allowfullscreen><\/iframe><\/p>\n","protected":false},"excerpt":{"rendered":"<p>Es migrante, es el artista n\u00famero uno en Spotify, sus videos en Youtube han sido vistos m\u00e1s de 595 millones de veces y tiene m\u00e1s de dos millones de seguidoras\/es en Instagram. Estos solo son algunos de los logros de Morad, el joven marroqu\u00ed que est\u00e1 revolucionando la m\u00fasica urbana en Espa\u00f1a. Vive en un [&hellip;]<\/p>\n","protected":false},"author":1,"featured_media":5424,"comment_status":"open","ping_status":"closed","sticky":false,"template":"","format":"standard","meta":{"_et_pb_use_builder":"","_et_pb_old_content":"","_et_gb_content_width":"","_jetpack_newsletter_access":"","_jetpack_dont_email_post_to_subs":false,"_jetpack_newsletter_tier_id":0,"_jetpack_memberships_contains_paywalled_content":false,"_jetpack_feature_clip_id":0,"_jetpack_memberships_contains_paid_content":false,"footnotes":"","jetpack_post_was_ever_published":false},"categories":[104],"tags":[],"class_list":["post-5423","post","type-post","status-publish","format-standard","has-post-thumbnail","hentry","category-mundo-global"],"jetpack_sharing_enabled":true,"jetpack_featured_media_url":"https:\/\/i0.wp.com\/migrantesenigualdad.es\/wp-content\/uploads\/2022\/09\/morad_agresion_novia.jpg?fit=700%2C400&ssl=1","post_mailing_queue_ids":[],"_links":{"self":[{"href":"https:\/\/migrantesenigualdad.es\/index.php\/wp-json\/wp\/v2\/posts\/5423","targetHints":{"allow":["GET"]}}],"collection":[{"href":"https:\/\/migrantesenigualdad.es\/index.php\/wp-json\/wp\/v2\/posts"}],"about":[{"href":"https:\/\/migrantesenigualdad.es\/index.php\/wp-json\/wp\/v2\/types\/post"}],"author":[{"embeddable":true,"href":"https:\/\/migrantesenigualdad.es\/index.php\/wp-json\/wp\/v2\/users\/1"}],"replies":[{"embeddable":true,"href":"https:\/\/migrantesenigualdad.es\/index.php\/wp-json\/wp\/v2\/comments?post=5423"}],"version-history":[{"count":0,"href":"https:\/\/migrantesenigualdad.es\/index.php\/wp-json\/wp\/v2\/posts\/5423\/revisions"}],"wp:featuredmedia":[{"embeddable":true,"href":"https:\/\/migrantesenigualdad.es\/index.php\/wp-json\/wp\/v2\/media\/5424"}],"wp:attachment":[{"href":"https:\/\/migrantesenigualdad.es\/index.php\/wp-json\/wp\/v2\/media?parent=5423"}],"wp:term":[{"taxonomy":"category","embeddable":true,"href":"https:\/\/migrantesenigualdad.es\/index.php\/wp-json\/wp\/v2\/categories?post=5423"},{"taxonomy":"post_tag","embeddable":true,"href":"https:\/\/migrantesenigualdad.es\/index.php\/wp-json\/wp\/v2\/tags?post=5423"}],"curies":[{"name":"wp","href":"https:\/\/api.w.org\/{rel}","templated":true}]}}