{"id":5419,"date":"2022-08-30T09:25:53","date_gmt":"2022-08-30T09:25:53","guid":{"rendered":"https:\/\/migrantesenigualdad.es\/?p=5419"},"modified":"2022-08-30T09:25:53","modified_gmt":"2022-08-30T09:25:53","slug":"la-islamofobia-en-occidente","status":"publish","type":"post","link":"https:\/\/migrantesenigualdad.es\/index.php\/2022\/08\/30\/la-islamofobia-en-occidente\/","title":{"rendered":"La islamofobia en Occidente"},"content":{"rendered":"<p><strong>El aumento de la discriminaci\u00f3n de las\/los musulmanes en Occidente<\/strong> es una<strong> realidad creciente<\/strong>, seg\u00fan un estudio realizado por la <strong>Presidencia de Turcos en el Extranjero y Comunidades Relacionadas<\/strong>, organismo que vela por los derechos de los turcos que viven en otros pa\u00edses y opera en las \u00e1reas de la ense\u00f1anza y el empleo, la lucha contra el racismo, la discriminaci\u00f3n y la islamofobia.<\/p>\n<p>El estudio, que fue realizado en algunos pa\u00edses occidentales donde la comunidad migrante musulmana es considerable, determina que el <strong><span style=\"color: #ff9900;\">77 por ciento<\/span> <\/strong>de las\/os encuestados reconoce haber<strong> sufrido un incidente de discriminaci\u00f3n y xenofobia por ser musulmana o musulm\u00e1n<\/strong>. Un <span style=\"color: #ff9900;\"><strong>88 por ciento<\/strong> <\/span>se\u00f1ala haber percibido en su medio social <strong>un gran aumento de conductas discriminatorias en los \u00faltimos a\u00f1os.<\/strong> Un <span style=\"color: #ff9900;\"><strong>42 por ciento<\/strong><\/span> de las\/los encuestadas\/os cree firmemente que los migrantes que poseen un permiso de residencia o han adquirido la doble nacionalidad no tiene los mismos derechos que las\/los nativas\/os del lugar.<\/p>\n<p><strong>Motivos<\/strong><\/p>\n<p>Una mayor\u00eda de las\/los encuestados apunta a que <strong>la imagen que divulgan los medios de comunicaci\u00f3n sobre las minor\u00edas migrantes<\/strong> <span style=\"color: #ff9900;\"><strong>alimenta la xenofobia.<\/strong><\/span> Los investigadores<strong> Erik Bleich<\/strong> y <strong>Maurits van der Veen<\/strong> son autores del libro <a href=\"https:\/\/global.oup.com\/academic\/product\/covering-muslims-9780197611722?cc=es&amp;lang=en&amp;\"><strong><em>Covering Muslims<\/em><\/strong><\/a>, un riguroso estudio en el que analizan cerca de <span style=\"color: #ff9900;\"><strong>784.000 art\u00edculos<\/strong> <strong>period\u00edsticos<\/strong> <strong>publicados durante 21 a\u00f1os en diferentes pa\u00edses occidentales<\/strong><\/span>. Ellos encontraron en su estudio que el tratamiento de las\/los musulmanes es abrumadoramente <strong>m\u00e1s negativo<\/strong> que el dado en esos art\u00edculos a otros grupos \u00e9tnicos.<\/p>\n<p>La investigaci\u00f3n demostr\u00f3 que la imagen de las\/los musulmanes es <span style=\"color: #ff9900;\"><strong>tergiversada sistem\u00e1ticamente<\/strong><\/span> m\u00e1s que la de otros grupos en la prensa occidental, lo que conduce a un <strong>sentimiento anti-musulm\u00e1n<\/strong> que afecta negativamente a los practicantes de este religi\u00f3n en los pa\u00edses occidentales. Un ejemplo claro se ve al analizar la prensa de EEUU, en la que los art\u00edculos que mencionan a los musulmanes son mayoritariamente negativos en comparaci\u00f3n con los relativos a las\/los cat\u00f3licos, jud\u00edas\/os, hind\u00faes o de cualquier otra creencia.<\/p>\n<p><strong>Discriminaci\u00f3n en el \u00e1mbito laboral<\/strong><\/p>\n<p>La vida laboral es uno de los \u00e1mbitos en los que la discriminaci\u00f3n es m\u00e1s intensa. Las\/los participantes en la encuesta citada afirman que elementos de su ropa, s\u00edmbolos u objetos religiosos que adornan su <span style=\"color: #ff9900;\"><strong>vestimenta<\/strong> <\/span>son el factor m\u00e1s importante que causa<span style=\"color: #ff9900;\"><strong> xenofobia<\/strong><\/span> contra ellas\/os. El nombre y el apellido tambi\u00e9n llaman la atenci\u00f3n de quienes componen la sociedad de acogida e influye a veces de manera negativa en la vida de los migrantes musulmanes. Puede, incluso, condicionar su acceso, o no, a un determinado puesto de trabajo.<\/p>\n","protected":false},"excerpt":{"rendered":"<p>El aumento de la discriminaci\u00f3n de las\/los musulmanes en Occidente es una realidad creciente, seg\u00fan un estudio realizado por la Presidencia de Turcos en el Extranjero y Comunidades Relacionadas, organismo que vela por los derechos de los turcos que viven en otros pa\u00edses y opera en las \u00e1reas de la ense\u00f1anza y el empleo, la [&hellip;]<\/p>\n","protected":false},"author":1,"featured_media":5421,"comment_status":"open","ping_status":"closed","sticky":false,"template":"","format":"standard","meta":{"_et_pb_use_builder":"","_et_pb_old_content":"","_et_gb_content_width":"","_jetpack_newsletter_access":"","_jetpack_dont_email_post_to_subs":false,"_jetpack_newsletter_tier_id":0,"_jetpack_memberships_contains_paywalled_content":false,"_jetpack_feature_clip_id":0,"_jetpack_memberships_contains_paid_content":false,"footnotes":"","jetpack_post_was_ever_published":false},"categories":[104],"tags":[166,20,168,68,167],"class_list":["post-5419","post","type-post","status-publish","format-standard","has-post-thumbnail","hentry","category-mundo-global","tag-covering-muslims","tag-discriminacion","tag-erik-bleich","tag-islamofobia","tag-maurits-van-der-veen"],"jetpack_sharing_enabled":true,"jetpack_featured_media_url":"https:\/\/i0.wp.com\/migrantesenigualdad.es\/wp-content\/uploads\/2022\/08\/ISLAMOFOBIA.png?fit=755%2C410&ssl=1","post_mailing_queue_ids":[],"_links":{"self":[{"href":"https:\/\/migrantesenigualdad.es\/index.php\/wp-json\/wp\/v2\/posts\/5419","targetHints":{"allow":["GET"]}}],"collection":[{"href":"https:\/\/migrantesenigualdad.es\/index.php\/wp-json\/wp\/v2\/posts"}],"about":[{"href":"https:\/\/migrantesenigualdad.es\/index.php\/wp-json\/wp\/v2\/types\/post"}],"author":[{"embeddable":true,"href":"https:\/\/migrantesenigualdad.es\/index.php\/wp-json\/wp\/v2\/users\/1"}],"replies":[{"embeddable":true,"href":"https:\/\/migrantesenigualdad.es\/index.php\/wp-json\/wp\/v2\/comments?post=5419"}],"version-history":[{"count":0,"href":"https:\/\/migrantesenigualdad.es\/index.php\/wp-json\/wp\/v2\/posts\/5419\/revisions"}],"wp:featuredmedia":[{"embeddable":true,"href":"https:\/\/migrantesenigualdad.es\/index.php\/wp-json\/wp\/v2\/media\/5421"}],"wp:attachment":[{"href":"https:\/\/migrantesenigualdad.es\/index.php\/wp-json\/wp\/v2\/media?parent=5419"}],"wp:term":[{"taxonomy":"category","embeddable":true,"href":"https:\/\/migrantesenigualdad.es\/index.php\/wp-json\/wp\/v2\/categories?post=5419"},{"taxonomy":"post_tag","embeddable":true,"href":"https:\/\/migrantesenigualdad.es\/index.php\/wp-json\/wp\/v2\/tags?post=5419"}],"curies":[{"name":"wp","href":"https:\/\/api.w.org\/{rel}","templated":true}]}}