{"id":5408,"date":"2022-08-25T09:38:56","date_gmt":"2022-08-25T09:38:56","guid":{"rendered":"https:\/\/migrantesenigualdad.es\/?p=5408"},"modified":"2022-08-25T09:38:56","modified_gmt":"2022-08-25T09:38:56","slug":"el-racismo-sutil-que-va-calando","status":"publish","type":"post","link":"https:\/\/migrantesenigualdad.es\/index.php\/2022\/08\/25\/el-racismo-sutil-que-va-calando\/","title":{"rendered":"El racismo sutil que va calando"},"content":{"rendered":"<p>La lucha contra el <strong>racismo<\/strong> es una de las<strong><span style=\"color: #ff9900;\"> prioridades de las sociedades modernas<\/span><\/strong>. La proliferaci\u00f3n de las redes sociales, el avance de la tecnolog\u00eda y la globalizaci\u00f3n en el mundo actual hacen m\u00e1s f\u00e1cil<strong> denunciar el racismo y visibilizar sus nefastas consecuencias en la sociedad<\/strong>. No ocurre lo mismo, sin embargo, con <strong>la cara m\u00e1s sutil del racismo: los microrracismos<\/strong>.<\/p>\n<p>Los microrracismos son <strong>expresiones estereotipadas<\/strong> cotidianas que perpet\u00faan la presencia del racismo de una forma sutil, que no se nota y que se nos hace llegar como un chiste o como una gracia.\u00a0 Muchas veces, la persona que los utiliza lo hace de forma<strong> inconsciente<\/strong> y piensa que es una cuesti\u00f3n menor e inofensiva. Los psic\u00f3logos sociales Samuel <strong>L. Gaertner<\/strong> y <strong>John F. Dovidio<\/strong> acu\u00f1aron en 1986 el t\u00e9rmino<strong> \u00abracismo aversivo\u00bb<\/strong> para identificar<strong> las diferentes formas de racismo<\/strong> y<strong> comportamiento xen\u00f3fobo<\/strong> sutil ejercido por personas que<strong><span style=\"color: #ff9900;\"> no se consideran racistas<\/span><\/strong>. Estas personas, muy a menudo, suelen comenzar su frase con una cantinela muy com\u00fan:\u00a0 <strong>\u00abYo no soy racista, pero&#8230;\u00bb.<\/strong><\/p>\n<p>\u00c9stos son algunos ejemplos de esos microrracismos o expresiones estereotipadas:<\/p>\n<blockquote><p>&#8211;\u00a0\u00a0 \u201c\u00bfEres marroqu\u00ed?\u2026 \u00a1Es que no lo pareces!\u201d<\/p>\n<p>&#8211;\u00a0\u00a0 \u201cTrabaja como un negro\u201d.<\/p>\n<p>&#8211;\u00a0\u00a0 \u201cMe han roto el cristal del coche, seguramente ser\u00e1 un menor marroqu\u00ed\u201d.<\/p>\n<p>&#8211;\u00a0\u00a0 \u201cHe conocido a una chica nueva, pero es subsahariana\u201d.<\/p>\n<p>&#8211; \u201cMira, es gitano e ingeniero\u201d.<\/p>\n<p>&#8211; \u201cEsto es una merienda de negros\u201d.<\/p><\/blockquote>\n<p>&nbsp;<\/p>\n<p>Las actitudes latentes en estos ejemplos reflejan <strong>el racismo que inconscientemente pervive en muchas personas<\/strong>. Ellas mismas, de manera consciente o reflexiva, se pueden declarar no racistas, pero su forma de expresarse es una<strong> herramienta eficiente<\/strong> para<strong> alimentar el racismo<\/strong>, se haga con la intenci\u00f3n de ofender, o no.<\/p>\n<p>Esto nos revela la cara invisible de un <strong>racismo<\/strong> contra el que tenemos que luchar para que no forme parte de nuestra forma de hablar habitual y del pensamiento socialmente aceptado por las mayor\u00edas. Luchar contra estas<strong> expresiones estereotipadas<\/strong> requiere de m\u00e1s esfuerzo y de planteamientos novedosos. Y quiz\u00e1s la labor m\u00e1s ardua sea la de explicar y convencer a las personas que las utilizan de que son pr\u00e1cticas que ayudan a la extensi\u00f3n \u201csilenciosa\u201d del racismo sonoro que nos intoxica. Y que no es excusa que lo hagan inconscientemente e incluso, a veces, con buena intenci\u00f3n, seg\u00fan explica el profesor de psicolog\u00eda de la Universidad de Columbia Derald Wing Sue.<\/p>\n<p><span style=\"color: #ff9900;\"><strong>Todas\/os podemos ser racistas y no queremos verlo. Esto nos tiene que hacer pensar porque, igualmente, todas\/os podemos ser objeto de diferentes formas de rechazo. Y tambi\u00e9n todas\/os podemos ser parte activa contra el da\u00f1o que producen las proclamas del racismo.<\/strong><\/span><\/p>\n<p>&nbsp;<\/p>\n","protected":false},"excerpt":{"rendered":"<p>La lucha contra el racismo es una de las prioridades de las sociedades modernas. La proliferaci\u00f3n de las redes sociales, el avance de la tecnolog\u00eda y la globalizaci\u00f3n en el mundo actual hacen m\u00e1s f\u00e1cil denunciar el racismo y visibilizar sus nefastas consecuencias en la sociedad. No ocurre lo mismo, sin embargo, con la cara [&hellip;]<\/p>\n","protected":false},"author":1,"featured_media":5410,"comment_status":"open","ping_status":"closed","sticky":false,"template":"","format":"standard","meta":{"_et_pb_use_builder":"","_et_pb_old_content":"","_et_gb_content_width":"","_jetpack_newsletter_access":"","_jetpack_dont_email_post_to_subs":false,"_jetpack_newsletter_tier_id":0,"_jetpack_memberships_contains_paywalled_content":false,"_jetpack_feature_clip_id":0,"_jetpack_memberships_contains_paid_content":false,"footnotes":"","jetpack_post_was_ever_published":false},"categories":[107],"tags":[38,162,12],"class_list":["post-5408","post","type-post","status-publish","format-standard","has-post-thumbnail","hentry","category-tienes-un-minuto","tag-convivencia","tag-microrracismos","tag-racismo"],"jetpack_sharing_enabled":true,"jetpack_featured_media_url":"https:\/\/i0.wp.com\/migrantesenigualdad.es\/wp-content\/uploads\/2022\/08\/microrracismos.png?fit=743%2C418&ssl=1","post_mailing_queue_ids":[],"_links":{"self":[{"href":"https:\/\/migrantesenigualdad.es\/index.php\/wp-json\/wp\/v2\/posts\/5408","targetHints":{"allow":["GET"]}}],"collection":[{"href":"https:\/\/migrantesenigualdad.es\/index.php\/wp-json\/wp\/v2\/posts"}],"about":[{"href":"https:\/\/migrantesenigualdad.es\/index.php\/wp-json\/wp\/v2\/types\/post"}],"author":[{"embeddable":true,"href":"https:\/\/migrantesenigualdad.es\/index.php\/wp-json\/wp\/v2\/users\/1"}],"replies":[{"embeddable":true,"href":"https:\/\/migrantesenigualdad.es\/index.php\/wp-json\/wp\/v2\/comments?post=5408"}],"version-history":[{"count":0,"href":"https:\/\/migrantesenigualdad.es\/index.php\/wp-json\/wp\/v2\/posts\/5408\/revisions"}],"wp:featuredmedia":[{"embeddable":true,"href":"https:\/\/migrantesenigualdad.es\/index.php\/wp-json\/wp\/v2\/media\/5410"}],"wp:attachment":[{"href":"https:\/\/migrantesenigualdad.es\/index.php\/wp-json\/wp\/v2\/media?parent=5408"}],"wp:term":[{"taxonomy":"category","embeddable":true,"href":"https:\/\/migrantesenigualdad.es\/index.php\/wp-json\/wp\/v2\/categories?post=5408"},{"taxonomy":"post_tag","embeddable":true,"href":"https:\/\/migrantesenigualdad.es\/index.php\/wp-json\/wp\/v2\/tags?post=5408"}],"curies":[{"name":"wp","href":"https:\/\/api.w.org\/{rel}","templated":true}]}}